{"id":322215,"date":"2026-01-04T09:39:20","date_gmt":"2026-01-04T09:39:20","guid":{"rendered":"https:\/\/www.europesays.com\/es\/322215\/"},"modified":"2026-01-04T09:39:20","modified_gmt":"2026-01-04T09:39:20","slug":"su-ta-gar-da-las-35-campanadas-de-jaiotze-basatia","status":"publish","type":"post","link":"https:\/\/www.europesays.com\/es\/322215\/","title":{"rendered":"Su Ta Gar da las 35 campanadas de \u2018Jaiotze Basatia\u2019"},"content":{"rendered":"<p>\ufeff<\/p>\n<p><img fetchpriority=\"high\" decoding=\"async\" class=\"alignnone size-full wp-image-84071 lazyload\" alt=\"su ta gar - bilbao - metal journal 2025 pic 3\" width=\"1155\" height=\"748\" src=\"https:\/\/www.europesays.com\/es\/wp-content\/uploads\/2026\/01\/su-ta-gar-bilbao-metal-journal-2025-pic-3.jpg\"  data- data-eio-rwidth=\"1155\" data-eio-rheight=\"748\"\/><\/p>\n<p><strong>SU TA GAR<br \/><\/strong>Sala Santana 27, Bilbao<br \/>2 de enero de 2026<br \/><strong>Texto y fotos: Pedro Alonso<\/strong><\/p>\n<p>Es posible que algunos acudieran arrastrando la estela de la resaca de Nochevieja y que la fecha del 2 de enero parezca inveros\u00edmil para un concierto, pero <a href=\"https:\/\/metaljournal.net\/?s=Su+Ta+Gar\" target=\"_blank\" rel=\"nofollow noopener ugc\"><strong>Su Ta Gar <\/strong><\/a>hab\u00edan convocado a sus huestes para un acontecimiento ciertamente especial. Celebraban el trig\u00e9simo quinto aniversario de su aclamado disco de debut; Jaiotze Basatia (1991), en la primera de su doble cita \u2018sold out\u2019 (entradas agotadas) en la sala <strong>Santana 27 <\/strong>de Bilbao. Un poder de convocatoria fuera de serie teniendo en cuenta que hace apenas dos meses y medio tambi\u00e9n hab\u00edan actuado en la capital vizca\u00edna inmersos en el <strong>Euskal Metalheads Fest<\/strong>.<\/p>\n<p>Con algunas reminiscencias a la portada del Killers de <strong>Iron Maiden<\/strong> por los edificios del fondo, el impacto de Jaiotze Basatia (1991) lleg\u00f3 desde su misma car\u00e1tula. Sin embargo, la esencia de la m\u00fasica ir\u00eda mucho m\u00e1s all\u00e1 y en poco tiempo ya hab\u00edan generado todo un terremoto como el protagonista de la cubierta del disco. Una banda de Eibar (Gipuzkoa), desconocida para muchos, hab\u00eda gestado una obra maestra de heavy metal capaz de competir con los grandes nombres a escala internacional. Se los adscrib\u00eda en el heavy y el speed metal y hasta coqueteaban con el thrash, que tanta popularidad ten\u00eda en la \u00e9poca. Pero m\u00e1s all\u00e1 de estilos, la trascendencia de Jaiotze Basatia part\u00eda de unas composiciones sensacionales que han superado con creces el paso de los a\u00f1os y las d\u00e9cadas.<\/p>\n<p>Sin teloneros de por medio, <strong>Su Ta Gar<\/strong> irrumpieron en el escenario de <strong>Santana 27<\/strong> a las nueve y un minuto de la noche. Y lo hicieron al ritmo de Etsairik Ausartena y Zuzen descartando la posibilidad de que le cedieran el protagonismo a Jaiotze Basatia de entrada. En una cita en la que la nostalgia de sus comienzos cobraba tanto peso, supieron elegir un repertorio escorado a los a\u00f1os noventa con un importante bloque dedicado a su segundo trabajo, Hortzak Estuturik (1992), enlazando toda una bater\u00eda de cl\u00e1sicos; Azkar Zuregana, Laga Dana, Nazka y Arbasoen Mendekua con los que se metieron a buena parte de la audiencia en el bolsillo.<\/p>\n<p><img loading=\"lazy\" decoding=\"async\" class=\"alignnone size-full wp-image-84069 lazyload\" alt=\"su ta gar - bilbao - metal journal 2025 pic 1\" width=\"1417\" height=\"945\" src=\"https:\/\/www.europesays.com\/es\/wp-content\/uploads\/2026\/01\/su-ta-gar-bilbao-metal-journal-2025-pic-1.jpg\"  data- data-eio-rwidth=\"1417\" data-eio-rheight=\"945\"\/><\/p>\n<p>Dieron un paso m\u00e1s en su discograf\u00eda para centrarse en su tercer lanzamiento; Munstro Hilak (1993), enlazando Ia Ba Espabila y Gizateriaren Heriotza completando un primer bloque de ocho temas y 35 minutos. Entonces lleg\u00f3 el momento m\u00e1s esperado de la noche cuando descorrieron el tel\u00f3n que adornaba la tarima de la bater\u00eda y que anticipaba la interpretaci\u00f3n de Jaiotze Basatia.<\/p>\n<p>Los \u00e1nimos se caldearon sobremanera mientras Begira irrump\u00eda con fuerza propulsada por los coros del p\u00fablico. La primera parte del disco volvi\u00f3 a evidenciar que es insuperable al enlazar Sistematik Ihes con Mari, en la que destacaron los saltos de Xabi Bastida. Los c\u00e1nticos a favor de Palestina por parte de la audiencia acompa\u00f1aron a uno de los mayores emblemas del \u00e1lbum; David Eta Goliath, cuyo final fue demoledor en Bilbao. Aitor Gorosabel llevaba las riendas del show con su clase habitual al combinar de manera sobresaliente la voz con la guitarra solista. Xabi Bastida se compenetr\u00f3 con \u00e9l a las seis cuerdas erigi\u00e9ndose en una de las parejas m\u00e1s s\u00f3lidas de guitarristas de metal a escala internacional. En la secci\u00f3n r\u00edtmica Igor Diez marcaba el camino junto con un Galder Arrillaga que lo daba todo en cada uno de los golpes.<\/p>\n<p>La instrumental Jaiotze Basatia evidenci\u00f3 la clase y la cohesi\u00f3n del cuarteto guipuzcoano. Oinazearen Indarra dio paso a la m\u00e1s mel\u00f3dica Zure Aurrean Markutzen Naiz, que culmin\u00f3 con c\u00e1nticos de \u2018Su Ta Gar, Su Ta Gar\u201d por parte de los fans que llenaban <strong>Santana 27<\/strong>. Sin dilaciones prosiguieron con Etsi Gabe y su gran himno de siempre; Jo Ta Ke, coreado por los espectadores al un\u00edsono. Completaron el listado de canciones del formato CD con Diruaren Esklabu y la versi\u00f3n de <strong>Mikel Laboa<\/strong>; Haika Mutil. Pr\u00e1cticamente dur\u00f3 una intensa hora la interpretaci\u00f3n del Jaiotze Basatia al completo y por orden. Los fans que hab\u00edan acompa\u00f1ado a la banda con c\u00e1nticos recordaban \u2018Zure Atzetik\u2019 mientras los m\u00fasicos se tomaban un respiro.<\/p>\n<p><img loading=\"lazy\" decoding=\"async\" class=\"alignnone size-full wp-image-84070 lazyload\" alt=\"su ta gar - bilbao - metal journal 2025 pic 2\" width=\"1417\" height=\"945\" src=\"https:\/\/www.europesays.com\/es\/wp-content\/uploads\/2026\/01\/su-ta-gar-bilbao-metal-journal-2025-pic-2.jpg\"  data- data-eio-rwidth=\"1417\" data-eio-rheight=\"945\"\/><\/p>\n<p>Volvieron a escena para realizar las presentaciones de los m\u00fasicos con un recuerdo especial a quien fue el bater\u00eda del disco; Borxa Arrillaga. Los fans comenzaron a corear el nombre de \u2018Aitor Gorosabel\u2019 reconociendo su peso en la banda. Reemprendieron la marcha de forma suave y emotiva con la instrumental Eskutitza a la que enlazaron su balada m\u00e1s reconocible: Itxaropena. Tras la calma volvi\u00f3 la tormenta con una reivindicaci\u00f3n impl\u00edcita a su presente, gracias a su \u00faltimo disco; Alarma (2022). Encadenaron Erraietan Betirako con Enborra antes de que las sirenas se encendieran para iluminar la \u00faltima canci\u00f3n de la noche; la intensa Alarma Egoera.<\/p>\n<p>El concierto parec\u00eda que hab\u00eda concluido, pero los fans no estaban dispuestos a irse todav\u00eda. Pidieron m\u00e1s temas con tanto entusiasmo que los m\u00fasicos tuvieron que responder. Aitor Gorosabel mostr\u00f3 la hoja del repertorio demostrando que Alarma Egoera era la \u00faltima canci\u00f3n. Sin embargo, reaccionaron con cintura e interpretaron dos temas m\u00e1s: Agur Jauna y Rotaflexa Garraxika completando una actuaci\u00f3n de dos horas y cuarto.<\/p>\n<p><strong>Su Ta Gar <\/strong>dieron las 35 campanadas del sensacional Jaiotze Basatia inaugurando por todo lo alto el a\u00f1o de metal en Euskadi. Y lo hicieron con la clase y la entrega que los caracteriza tocando hasta 15 canciones m\u00e1s all\u00e1 de Jaiotze Basatia. Es el secreto de una f\u00f3rmula que los ha hecho perdurar tanto en el tiempo. Bilbao tendr\u00e1 hoy su segunda oportunidad de disfrutar con el legado de <strong>Su Ta Gar<\/strong>. Posteriormente les llegar\u00e1 el turno a Vitoria, L\u2019Hospitalet (Barcelona), Heleta (Baja Navarra, Iparralde), Villava (Navarra)\u2026 \u00a0Y ojal\u00e1 el a\u00f1o que viene repitan esta celebraci\u00f3n, pero conmemorando los 35 a\u00f1os de Hortzak Estuturik.<\/p>\n<p><img loading=\"lazy\" decoding=\"async\" class=\"alignnone size-full wp-image-84073 lazyload\" alt=\"su ta gar - bilbao - metal journal 2025 pic 5\" width=\"1417\" height=\"961\" src=\"https:\/\/www.europesays.com\/es\/wp-content\/uploads\/2026\/01\/su-ta-gar-bilbao-metal-journal-2025-pic-5.jpg\"  data- data-eio-rwidth=\"1417\" data-eio-rheight=\"961\"\/><\/p>\n<p><img loading=\"lazy\" decoding=\"async\" class=\"alignnone size-full wp-image-84072 lazyload\" alt=\"su ta gar - bilbao - metal journal 2025 pic 4\" width=\"1417\" height=\"945\" src=\"https:\/\/www.europesays.com\/es\/wp-content\/uploads\/2026\/01\/su-ta-gar-bilbao-metal-journal-2025-pic-4.jpg\"  data- data-eio-rwidth=\"1417\" data-eio-rheight=\"945\"\/><\/p>\n<p><img loading=\"lazy\" decoding=\"async\" class=\"alignnone size-full wp-image-84075 lazyload\" alt=\"su ta gar - bilbao - metal journal 2025 pic 7\" width=\"1417\" height=\"945\" src=\"https:\/\/www.europesays.com\/es\/wp-content\/uploads\/2026\/01\/su-ta-gar-bilbao-metal-journal-2025-pic-7.jpg\"  data- data-eio-rwidth=\"1417\" data-eio-rheight=\"945\"\/><\/p>\n<p><img loading=\"lazy\" decoding=\"async\" class=\"alignnone size-full wp-image-84074 lazyload\" alt=\"su ta gar - bilbao - metal journal 2025 pic 6\" width=\"1417\" height=\"945\" src=\"https:\/\/www.europesays.com\/es\/wp-content\/uploads\/2026\/01\/su-ta-gar-bilbao-metal-journal-2025-pic-6.jpg\"  data- data-eio-rwidth=\"1417\" data-eio-rheight=\"945\"\/><\/p>\n<p><img loading=\"lazy\" decoding=\"async\" class=\"alignnone size-full wp-image-84087 lazyload\" alt=\"su ta gar - bilbao - metal journal 2025 pic 8\" width=\"1417\" height=\"797\" src=\"https:\/\/www.europesays.com\/es\/wp-content\/uploads\/2026\/01\/su-ta-gar-bilbao-metal-journal-2025-pic-8.jpg\"  data- data-eio-rwidth=\"1417\" data-eio-rheight=\"797\"\/><\/p>\n<p><img loading=\"lazy\" decoding=\"async\" class=\"alignnone size-full wp-image-84087 lazyload\" alt=\"su ta gar - bilbao - metal journal 2025 pic 8\" width=\"1417\" height=\"797\" src=\"https:\/\/www.europesays.com\/es\/wp-content\/uploads\/2026\/01\/su-ta-gar-bilbao-metal-journal-2025-pic-8.jpg\"  data- data-eio-rwidth=\"1417\" data-eio-rheight=\"797\"\/><\/p>\n","protected":false},"excerpt":{"rendered":"\ufeff SU TA GARSala Santana 27, Bilbao2 de enero de 2026Texto y fotos: Pedro Alonso Es posible que&hellip;\n","protected":false},"author":2,"featured_media":322216,"comment_status":"","ping_status":"","sticky":false,"template":"","format":"standard","meta":{"footnotes":""},"categories":[170],"tags":[9807,2601,8830,146,147,25,24,74897,184,185,10,74898,23,74899],"class_list":{"0":"post-322215","1":"post","2":"type-post","3":"status-publish","4":"format-standard","5":"has-post-thumbnail","7":"category-musica","8":"tag-aniversario","9":"tag-bilbao","10":"tag-cronicas","11":"tag-entertainment","12":"tag-entretenimiento","13":"tag-es","14":"tag-espana","15":"tag-jaiotze-basatia","16":"tag-music","17":"tag-musica","18":"tag-noticias","19":"tag-sold-out","20":"tag-spain","21":"tag-su-ta-gar"},"share_on_mastodon":{"url":"https:\/\/pubeurope.com\/@es\/115836168945766666","error":""},"_links":{"self":[{"href":"https:\/\/www.europesays.com\/es\/wp-json\/wp\/v2\/posts\/322215","targetHints":{"allow":["GET"]}}],"collection":[{"href":"https:\/\/www.europesays.com\/es\/wp-json\/wp\/v2\/posts"}],"about":[{"href":"https:\/\/www.europesays.com\/es\/wp-json\/wp\/v2\/types\/post"}],"author":[{"embeddable":true,"href":"https:\/\/www.europesays.com\/es\/wp-json\/wp\/v2\/users\/2"}],"replies":[{"embeddable":true,"href":"https:\/\/www.europesays.com\/es\/wp-json\/wp\/v2\/comments?post=322215"}],"version-history":[{"count":0,"href":"https:\/\/www.europesays.com\/es\/wp-json\/wp\/v2\/posts\/322215\/revisions"}],"wp:featuredmedia":[{"embeddable":true,"href":"https:\/\/www.europesays.com\/es\/wp-json\/wp\/v2\/media\/322216"}],"wp:attachment":[{"href":"https:\/\/www.europesays.com\/es\/wp-json\/wp\/v2\/media?parent=322215"}],"wp:term":[{"taxonomy":"category","embeddable":true,"href":"https:\/\/www.europesays.com\/es\/wp-json\/wp\/v2\/categories?post=322215"},{"taxonomy":"post_tag","embeddable":true,"href":"https:\/\/www.europesays.com\/es\/wp-json\/wp\/v2\/tags?post=322215"}],"curies":[{"name":"wp","href":"https:\/\/api.w.org\/{rel}","templated":true}]}}