{"id":322217,"date":"2026-01-04T09:40:07","date_gmt":"2026-01-04T09:40:07","guid":{"rendered":"https:\/\/www.europesays.com\/es\/322217\/"},"modified":"2026-01-04T09:40:07","modified_gmt":"2026-01-04T09:40:07","slug":"perez-reverte-dicta-sentencia-sobre-una-de-las-cimas-de-ridley-scott-es-una-pelicula-fundamental","status":"publish","type":"post","link":"https:\/\/www.europesays.com\/es\/322217\/","title":{"rendered":"P\u00e9rez-Reverte dicta sentencia sobre una de las cimas de Ridley Scott: \u00abEs una pel\u00edcula fundamental\u00bb"},"content":{"rendered":"<p class=\"c-paragraph\">Tiene desaf\u00edos al alba, espadas, hombres duros que hacen pagar sus deudas y una imagen decimon\u00f3nica del valor, el honor y la integridad. Por eso, <b>Arturo P\u00e9rez-Reverte<\/b> siempre ha incluido Los duelistas entre sus pel\u00edculas favoritas. El largometraje con el que Ridley Scott se present\u00f3 al mundo solo puede verse en Espa\u00f1a si se alquila en <a href=\"https:\/\/www.20minutos.es\/cinemania\/series\/apple-tv-mejores-series-5161838\/\" rel=\"nofollow noopener\" target=\"_blank\">Apple TV+<\/a>. Sin embargo, al autor de El asedio le interesan otros t\u00edtulos de Scott.<\/p>\n<p class=\"c-paragraph\">En su aparici\u00f3n en el programa de Jordi Wild, del que est\u00e1 a punto de convertirse en un habitual,<b> Arturo P\u00e9rez-Reverte <\/b>ha tenido tiempo para hablar de cine. Sus preferencias son tan cl\u00e1sicas como indiscutibles: est\u00e1 John Ford, con<a href=\"https:\/\/www.20minutos.es\/cinemania\/noticias\/centauros-del-desierto-la-gran-venganza-john-ford-99334\/\" rel=\"nofollow noopener\" target=\"_blank\"> <b>Centauros del desierto<\/b><\/a>; y Howard Hawks, con<b> R\u00edo Bravo<\/b>. Es decir, dos de los western -o, directamente, largometrajes- mejores de todos los tiempos.<b> Jordi Wild<\/b>, viendo que P\u00e9rez-Reverte pretend\u00eda encastillarse en el oeste, <b>le pidi\u00f3 que a\u00f1adiese un thriller<\/b>, y el murciano a\u00f1adi\u00f3 la que, junto con Metr\u00f3polis y <a href=\"https:\/\/www.20minutos.es\/cinemania\/noticias\/mejor-pelicula-historia-martin-scorsese-2001-odisea-espacio-5627605\/\" rel=\"nofollow noopener\" target=\"_blank\">2001: Odisea en el espacio<\/a>, sea la pel\u00edcula de ciencia ficci\u00f3n m\u00e1s influyente de la historia,<b> Blade Runner<\/b>.<\/p>\n<p>\u00bfQu\u00e9 hace especial a &#8216;Blade Runner&#8217;?<\/p>\n<p class=\"c-paragraph\"><a href=\"https:\/\/www.20minutos.es\/cinemania\/noticias\/harrison-ford-frase-casi-costo-carrera-cine-dejame-decirte-cosa-585753-5585753\/\" rel=\"nofollow noopener\" target=\"_blank\"><b>Harrison Ford <\/b>es un hombre de pocas palabras<\/a>, lo que no significa que no tenga nada que decir. Simplemente es de la escuela de Hemingway o Carver: telegr\u00e1fico. Por eso, cuando le preguntaron, durante el estreno de <b>Blade Runner<\/b> en 1982, de qu\u00e9 trataba aquella pel\u00edcula, \u00e9l contest\u00f3: \u201c<b>De\u00a0c\u00f3mo mantener una relaci\u00f3n estable con tu tostadora<\/b>\u201d. He ah\u00ed todo el cine sobre humanoides, robots e <a href=\"https:\/\/www.20minutos.es\/cinemania\/noticias\/pelicula-ia-elon-musk-artificial-luca-guadagnino-5730808\/\" rel=\"nofollow noopener\" target=\"_blank\">Inteligencias Artificiales<\/a>, reducido a una frase. Es m\u00e1s, he ah\u00ed lo que est\u00e1 por venir (o lo que ya ha venido) en el siglo XXI.<\/p>\n<p class=\"c-paragraph\"><b>Blade Runner<\/b> expande el conocido texto de Philip K. Dick \u00bfSue\u00f1an los androides con ovejas el\u00e9ctricas? Sin embargo, lo hace con una p\u00e1tina art\u00edstica que quiz\u00e1<b> <a href=\"https:\/\/www.20minutos.es\/cinemania\/noticias\/ridley-scott-confiesa-que-cine-actual-le-parece-mierda-ahora-veo-mis-propias-peliculas-son-muy-buenas_6512489_0.html\" rel=\"nofollow noopener\" target=\"_blank\">Ridley Scott<\/a><\/b><a href=\"\"> <\/a>(su hermano Tony siempre se ha considerado el esteta de los dos) no repiti\u00f3 en su filmograf\u00eda. La recreaci\u00f3n de una ciudad automatizada, que parece destinada a ser habitada por m\u00e1quinas (la pel\u00edcula se desarrolla en Los \u00c1ngeles y en 2019), se torna tan hipn\u00f3tica como terrible.<\/p>\n<p class=\"c-paragraph\">No obstante, es muy posible que si lo primero que escuchas es \u00abBlade Runner\u00bb, lo que te venga a la mente no sea ni la puesta en escena de Ridley Scott ni la convivencia entre hombres y replicantes, y la posibilidad de que, alg\u00fan d\u00eda, ambas figuras sean indistinguibles. Lo que recordar\u00e1s ser\u00e1 <b>el emblem\u00e1tico mon\u00f3logo de <a href=\"https:\/\/www.20minutos.es\/cinemania\/noticias\/no-alma-rutger-hauer-carga-blade-runner-2049-100528\/\" rel=\"nofollow noopener\" target=\"_blank\">Rutger Hauer<\/a><\/b>: lo componen 42 palabras y el actor \u201cimprovis\u00f3\u201d algunas de ellas.<\/p>\n<p class=\"c-paragraph\">La tarde antes de que Hauer rodase la escena, el mon\u00f3logo, escrito por David Peoples, culminaba as\u00ed: \u201cHe visto cosas que gentecilla como t\u00fa jam\u00e1s creer\u00eda. Atacar naves en llamas m\u00e1s all\u00e1 de Ori\u00f3n, brillantes como el magnesio. He sido poliz\u00f3n en cargueros espaciales y he visto rayos C brillar en la oscuridad cerca de la puerta de Tannhauser. Todos esos momentos se perder\u00e1n\u201d. <b>A Hauer, aquello le pareci\u00f3 ir\u00f3nicamente inhumano<\/b> y lo reescribi\u00f3 sin consensuarlo ni con el guionista ni con Ridley Scott, que lo escuch\u00f3 por primera vez en escena.<\/p>\n<p class=\"c-paragraph\">El resultado, para que lo compares, fue este: \u201cHe visto cosas que vosotros no creer\u00edais. Atacar naves en llamas m\u00e1s all\u00e1 de Ori\u00f3n. He visto rayos C brillar en la oscuridad cerca de la puerta de Tannhauser. Todos esos momentos se perder\u00e1n en el tiempo como l\u00e1grimas en la lluvia. Lleg\u00f3 la hora de morir\u201d. Si Scott o su guionista ten\u00edan alguna reticencia, esta se desvaneci\u00f3, tambi\u00e9n, como una l\u00e1grima en la lluvia cuando escuch\u00f3 a todo el equipo prorrumpir en un aplauso e incluso vio alguna l\u00e1grima aut\u00e9ntica en el rostro de los t\u00e9cnicos. Las palabras del replicantes merec\u00edan conservarse.<\/p>\n","protected":false},"excerpt":{"rendered":"Tiene desaf\u00edos al alba, espadas, hombres duros que hacen pagar sus deudas y una imagen decimon\u00f3nica del valor,&hellip;\n","protected":false},"author":2,"featured_media":322218,"comment_status":"","ping_status":"","sticky":false,"template":"","format":"standard","meta":{"footnotes":""},"categories":[169],"tags":[20728,27501,177,146,147,25,24,176,175,267,21470,23],"class_list":{"0":"post-322217","1":"post","2":"type-post","3":"status-publish","4":"format-standard","5":"has-post-thumbnail","7":"category-cine","8":"tag-arturo-perez-reverte","9":"tag-blade-runner","10":"tag-cine","11":"tag-entertainment","12":"tag-entretenimiento","13":"tag-es","14":"tag-espana","15":"tag-film","16":"tag-movies","17":"tag-planseo","18":"tag-ridley-scott","19":"tag-spain"},"share_on_mastodon":{"url":"https:\/\/pubeurope.com\/@es\/115836172664602642","error":""},"_links":{"self":[{"href":"https:\/\/www.europesays.com\/es\/wp-json\/wp\/v2\/posts\/322217","targetHints":{"allow":["GET"]}}],"collection":[{"href":"https:\/\/www.europesays.com\/es\/wp-json\/wp\/v2\/posts"}],"about":[{"href":"https:\/\/www.europesays.com\/es\/wp-json\/wp\/v2\/types\/post"}],"author":[{"embeddable":true,"href":"https:\/\/www.europesays.com\/es\/wp-json\/wp\/v2\/users\/2"}],"replies":[{"embeddable":true,"href":"https:\/\/www.europesays.com\/es\/wp-json\/wp\/v2\/comments?post=322217"}],"version-history":[{"count":0,"href":"https:\/\/www.europesays.com\/es\/wp-json\/wp\/v2\/posts\/322217\/revisions"}],"wp:featuredmedia":[{"embeddable":true,"href":"https:\/\/www.europesays.com\/es\/wp-json\/wp\/v2\/media\/322218"}],"wp:attachment":[{"href":"https:\/\/www.europesays.com\/es\/wp-json\/wp\/v2\/media?parent=322217"}],"wp:term":[{"taxonomy":"category","embeddable":true,"href":"https:\/\/www.europesays.com\/es\/wp-json\/wp\/v2\/categories?post=322217"},{"taxonomy":"post_tag","embeddable":true,"href":"https:\/\/www.europesays.com\/es\/wp-json\/wp\/v2\/tags?post=322217"}],"curies":[{"name":"wp","href":"https:\/\/api.w.org\/{rel}","templated":true}]}}