{"id":322225,"date":"2026-01-04T09:44:11","date_gmt":"2026-01-04T09:44:11","guid":{"rendered":"https:\/\/www.europesays.com\/es\/322225\/"},"modified":"2026-01-04T09:44:11","modified_gmt":"2026-01-04T09:44:11","slug":"de-los-leones-marinos-a-los-caballos-de-cartagena","status":"publish","type":"post","link":"https:\/\/www.europesays.com\/es\/322225\/","title":{"rendered":"de los leones marinos a los caballos de Cartagena"},"content":{"rendered":"<p>&#13;<\/p>\n<p id=\"breadcrumb\">&#13;<a href=\"https:\/\/www.nationalgeographic.com.es\/fotografia\" title=\"Fotograf\u00eda\" data-ga4_event=\"custom_event\" data-ga4_event_name=\"click_topic\" data-ga4_link_text=\"fotografia\" data-ga4_link_url=\"https:\/\/www.nationalgeographic.com.es\/fotografia\" data-ga4_element=\"breadcrumb\" rel=\"nofollow noopener\" target=\"_blank\">Fotograf\u00eda<\/a>&#13;<a href=\"https:\/\/www.nationalgeographic.com.es\/animales\/fotos\" title=\"Fotos de animales\" data-ga4_event=\"custom_event\" data-ga4_event_name=\"click_topic\" data-ga4_link_text=\"fotos_de_animales\" data-ga4_link_url=\"https:\/\/www.nationalgeographic.com.es\/animales\/fotos\" data-ga4_element=\"breadcrumb\" rel=\"nofollow noopener\" target=\"_blank\">Fotos de animales<\/a>&#13;<\/p>\n<p>&#13;<br \/>\n&#13;&#13;Esta semana, la fotograf\u00eda nos ha guiado por un viaje visual que conecta vida animal y vida humana. No te pierdas esta galer\u00eda.&#13;<\/p>\n<p>&#13;<img loading=\"lazy\" decoding=\"async\" src=\"https:\/\/www.europesays.com\/es\/wp-content\/uploads\/2026\/01\/unnamed-1_6f950325_250617095903_600x600.webp.webp\" alt=\"unnamed (1)\" class=\"lazyload\" width=\"600\" height=\"600\" data-aspectratio=\"600\/600\"\/>&#13;<\/p>\n<p class=\"date article-date\">         &#13;Actualizado a 4 de Enero de 2026<\/p>\n<p>&#13;<\/p>\n<p>Cerramos otra semana en National Geographic Espa\u00f1a poniendo el foco en<strong> las im\u00e1genes m\u00e1s destacadas de nuestros art\u00edculos<\/strong>. Entre el 29 de diciembre y el 4 de enero de 2026, la fotograf\u00eda nos ha guiado por<strong> un viaje visual <\/strong>que conecta oc\u00e9anos y continentes, con escenas concebidas para captar la atenci\u00f3n y despertar la curiosidad.<\/p>\n<p><strong>Descubre la galer\u00eda completa.<\/strong><\/p>\n<p>&#13;<img loading=\"lazy\" decoding=\"async\"   src=\"https:\/\/www.europesays.com\/es\/wp-content\/uploads\/2026\/01\/foca_5d756ae2_01733548_251230171520_2000x1333.webp.webp\" alt=\"foca\" class=\"lazyload lazyload\" width=\"2000\" height=\"1333\" data-aspectratio=\"2000\/1333\"\/>&#13;&#13;<\/p>\n<p class=\"by\">Cordon Press<\/p>\n<p>&#13;<\/p>\n<p class=\"slide-number\">1  \/  7<\/p>\n<p>&#13;&#13;<\/p>\n<p>&#13;Di \u00abpatata\u00bb<\/p>\n<p>Este le\u00f3n marino de Steller (Eumetopias jubatus) da la impresi\u00f3n de lanzarse sobre la c\u00e1mara \u2014o incluso de posar con un sonoro \u201c\u00a1patata!\u201d\u2014. Sin embargo, <strong>la escena captura una conducta habitual de la especie<\/strong>: una potente vocalizaci\u00f3n acompa\u00f1ada de una apertura desmesurada de la boca, utilizada tanto para<strong> interactuar con otros individuos <\/strong>como para afirmar su territorio.<\/p>\n<p>&#13;<img loading=\"lazy\" decoding=\"async\"   src=\"https:\/\/www.europesays.com\/es\/wp-content\/uploads\/2026\/01\/captura-de-pantalla-2025-12-29-a-las-17-54-40_43bfc84b_251230172228_2000x1325.webp.webp\" alt=\"Captura de pantalla 2025 12 29 a las 17 54 40\" class=\"lazyload lazyload\" width=\"2000\" height=\"1325\" data-aspectratio=\"2000\/1325\"\/>&#13;&#13;<\/p>\n<p class=\"by\">Juan Mar\u00eda Coy Vergara \/ Getty Images<\/p>\n<p>&#13;<\/p>\n<p class=\"slide-number\">2  \/  7<\/p>\n<p>&#13;&#13;<\/p>\n<p>&#13;Un nuevo a\u00f1o<\/p>\n<p>En la remota costa occidental de Groenlandia, donde el glaciar Sermeq Kujalleq vierte sus hielos al oc\u00e9ano,<strong> dos ballenas jorobadas<\/strong> (Megaptera novaeangliae) nadan junto a su cr\u00eda entre enormes icebergs. En la superficie, el avance pausado del glaciar hacia el mar resuena como un estr\u00e9pito grave y distante. Bajo el agua, en cambio, <strong>el entorno se llena de los complejos cantos de las ballenas jorobadas <\/strong>\u2014o yubartas\u2014, entonados principalmente por los machos.<\/p>\n<p>&#13;<img loading=\"lazy\" decoding=\"async\"   src=\"https:\/\/www.europesays.com\/es\/wp-content\/uploads\/2026\/01\/luciano-moreira-credit-gabriela-portilho-for-nature_9ab44a69_251230172024_1299x866.webp.webp\" alt=\"Luciano Moreira  Credit Gabriela Portilho for Nature\" class=\"lazyload lazyload\" width=\"1299\" height=\"866\" data-aspectratio=\"1299\/866\"\/>&#13;&#13; <\/p>\n<p class=\"by\">Gabriela Portilho para Nature<\/p>\n<p>&#13;<\/p>\n<p class=\"slide-number\">3  \/  7<\/p>\n<p>&#13;&#13;<\/p>\n<p>&#13;Personaje relevante<\/p>\n<p>Cada semana, una planta de producci\u00f3n en Curitiba cr\u00eda cerca de <strong>80 millones de mosquitos Aedes aegypti <\/strong>portadores de Wolbachia, una bacteria que bloquea la transmisi\u00f3n del virus del dengue. Detr\u00e1s de esta estrategia aplicada a escala nacional est\u00e1 el investigador <strong>Luciano Moreira<\/strong>, cuyo trabajo ha conseguido disminuir hasta en un 89 % la incidencia de la enfermedad en <strong>varias ciudades de Brasil<\/strong>.<\/p>\n<p>&#13;<img loading=\"lazy\" decoding=\"async\"   src=\"https:\/\/www.europesays.com\/es\/wp-content\/uploads\/2026\/01\/chivito-de-dracula_2feb6462_251230171628_1276x1409.webp.webp\" alt=\"Chivito de Dr\u00e1cula\" class=\"lazyload lazyload\" width=\"1276\" height=\"1409\" data-aspectratio=\"1276\/1409\"\/>&#13;&#13;<\/p>\n<p class=\"by\">Telescopio Espacial Hubble \/ NASA<\/p>\n<p>&#13;<\/p>\n<p class=\"slide-number\">4  \/  7<\/p>\n<p>&#13;&#13;<\/p>\n<p>&#13;El reciente descubrimiento del Hubble<\/p>\n<p>El Telescopio Espacial Hubble ha logrado observar el mayor disco protoplanetario detectado hasta ahora en torno a una estrella joven. Con una extensi\u00f3n<strong> cercana a los 400.000 millones de millas<\/strong>, esta gigantesca estructura supera en unas 40 veces el di\u00e1metro de nuestro sistema solar. Vista desde la Tierra,<strong> la inclinaci\u00f3n casi lateral del disco le confiere una silueta peculiar,<\/strong> comparable a una hamburguesa oscura envuelta en polvo c\u00f3smico.<\/p>\n<p>&#13;<img loading=\"lazy\" decoding=\"async\"   src=\"https:\/\/www.europesays.com\/es\/wp-content\/uploads\/2026\/01\/adios-a-los-carruajes_a87f64ba_260102162313_1280x854.webp.webp\" class=\"lazyload lazyload\" width=\"1280\" height=\"854\" data-aspectratio=\"1280\/854\"\/>&#13;&#13;<\/p>\n<p class=\"by\">Alcald\u00eda de Cartagena<\/p>\n<p>&#13;<\/p>\n<p class=\"slide-number\">5  \/  7<\/p>\n<p>&#13;&#13;<\/p>\n<p>&#13;Adi\u00f3s a los carruajes<\/p>\n<p><strong>Cartagena de Indias <\/strong>se distingue por su sabor, su m\u00fasica y los vibrantes colores de su centro hist\u00f3rico, Patrimonio de la Humanidad desde 1984. Sin embargo, incluso sus rincones m\u00e1s emblem\u00e1ticos est\u00e1n cambiando: <strong>una nueva ley proh\u00edbe los tradicionales carruajes tirados por caballos<\/strong> y los reemplaza por veh\u00edculos el\u00e9ctricos que conservan su est\u00e9tica, marcando un paso hacia<strong> la sostenibilidad y el bienestar animal<\/strong>, impulsado por la alcald\u00eda de Dumek Turbay y el comediante Alejandro Ria\u00f1o.<\/p>\n<p>&#13;<img loading=\"lazy\" decoding=\"async\"   src=\"https:\/\/www.europesays.com\/es\/wp-content\/uploads\/2026\/01\/captura-de-pantalla-30-12-2025-104715-i-natgeofe-com_8e079d8e_251230171552_1663x1225.webp.webp\" alt=\"Captura de pantalla 30 12 2025 104715 i natgeofe com\" class=\"lazyload lazyload\" width=\"1663\" height=\"1225\" data-aspectratio=\"1663\/1225\"\/>&#13;&#13;<\/p>\n<p class=\"slide-number\">6  \/  7<\/p>\n<p>&#13;&#13;<\/p>\n<p>&#13;POV: eres un insecto<\/p>\n<p>Aunque la mantis gigante japonesa <strong>no supera las tres pulgadas<\/strong> y media de longitud, es un depredador formidable capaz de alimentarse de casi cualquier presa a su alcance. Con sus potentes patas delanteras, lanza <strong>un ataque fulminante para inmovilizar a la v\u00edctima<\/strong> \u2014en este caso, un lagarto\u2014 y empezar a devorarla al instante. Esta escena, junto a <strong>otras del universo de los insectos<\/strong>, fue captada por el fot\u00f3grafo Takuya Ishiguro para <strong>el reportaje de octubre de 2025 <\/strong>\u00abEstas incre\u00edbles fotos muestran la vida desde la perspectiva de un insecto\u00bb, de National Geographic.<\/p>\n<p>&#13;<img loading=\"lazy\" decoding=\"async\"   src=\"https:\/\/www.europesays.com\/es\/wp-content\/uploads\/2026\/01\/un-orangutan-de-tapanuli_f9cf2b5e_48_251230171417_2000x1215.webp.webp\" alt=\"Un orangut\u00e1n de Tapanuli\" class=\"lazyload lazyload\" width=\"2000\" height=\"1215\" data-aspectratio=\"2000\/1215\"\/>&#13;&#13;<\/p>\n<p class=\"by\">Wikimedia Commons\/Tim Laman\/CC BY 4.0<\/p>\n<p>&#13;<\/p>\n<p class=\"slide-number\">7  \/  7<\/p>\n<p>&#13;&#13;<\/p>\n<p>&#13;El simio m\u00e1s raro<\/p>\n<p>El cicl\u00f3n Senyar azot\u00f3 el norte de Sumatra <strong>el pasado mes de noviembre <\/strong>con una intensidad excepcional. En apenas cuatro d\u00edas, las precipitaciones superaron los 1.000 mil\u00edmetros, desencadenando <strong>inundaciones generalizadas y deslizamientos de tierra <\/strong>que arrasaron el ecosistema de Batang Toru. El desastre dej\u00f3 m\u00e1s de un millar de v\u00edctimas mortales y ha tenido, adem\u00e1s, consecuencias graves para el orangut\u00e1n de Tapanuli,<strong> el gran simio m\u00e1s raro del planeta<\/strong>, cuya supervivencia ya estaba amenazada por su distribuci\u00f3n limitada y <strong>su reducida poblaci\u00f3n<\/strong>.<\/p>\n<p>&#13;<br \/>\n&#13;&#13;<\/p>\n","protected":false},"excerpt":{"rendered":"&#13; &#13;Fotograf\u00eda&#13;Fotos de animales&#13; &#13; &#13;&#13;Esta semana, la fotograf\u00eda nos ha guiado por un viaje visual que conecta&hellip;\n","protected":false},"author":2,"featured_media":322226,"comment_status":"","ping_status":"","sticky":false,"template":"","format":"standard","meta":{"footnotes":""},"categories":[81],"tags":[119,123,124,25,24,1408,448,1407,1409,117,121,122,23,118,120,226],"class_list":{"0":"post-322225","1":"post","2":"type-post","3":"status-publish","4":"format-standard","5":"has-post-thumbnail","7":"category-ciencia-y-tecnologia","8":"tag-ciencia","9":"tag-ciencia-y-tecnologia","10":"tag-cienciaytecnologia","11":"tag-es","12":"tag-espana","13":"tag-geographic","14":"tag-historia","15":"tag-national","16":"tag-naturaleza","17":"tag-science","18":"tag-science-and-technology","19":"tag-scienceandtechnology","20":"tag-spain","21":"tag-technology","22":"tag-tecnologia","23":"tag-viajes"},"share_on_mastodon":{"url":"https:\/\/pubeurope.com\/@es\/115836188570781703","error":""},"_links":{"self":[{"href":"https:\/\/www.europesays.com\/es\/wp-json\/wp\/v2\/posts\/322225","targetHints":{"allow":["GET"]}}],"collection":[{"href":"https:\/\/www.europesays.com\/es\/wp-json\/wp\/v2\/posts"}],"about":[{"href":"https:\/\/www.europesays.com\/es\/wp-json\/wp\/v2\/types\/post"}],"author":[{"embeddable":true,"href":"https:\/\/www.europesays.com\/es\/wp-json\/wp\/v2\/users\/2"}],"replies":[{"embeddable":true,"href":"https:\/\/www.europesays.com\/es\/wp-json\/wp\/v2\/comments?post=322225"}],"version-history":[{"count":0,"href":"https:\/\/www.europesays.com\/es\/wp-json\/wp\/v2\/posts\/322225\/revisions"}],"wp:featuredmedia":[{"embeddable":true,"href":"https:\/\/www.europesays.com\/es\/wp-json\/wp\/v2\/media\/322226"}],"wp:attachment":[{"href":"https:\/\/www.europesays.com\/es\/wp-json\/wp\/v2\/media?parent=322225"}],"wp:term":[{"taxonomy":"category","embeddable":true,"href":"https:\/\/www.europesays.com\/es\/wp-json\/wp\/v2\/categories?post=322225"},{"taxonomy":"post_tag","embeddable":true,"href":"https:\/\/www.europesays.com\/es\/wp-json\/wp\/v2\/tags?post=322225"}],"curies":[{"name":"wp","href":"https:\/\/api.w.org\/{rel}","templated":true}]}}