{"id":322268,"date":"2026-01-04T10:22:11","date_gmt":"2026-01-04T10:22:11","guid":{"rendered":"https:\/\/www.europesays.com\/es\/322268\/"},"modified":"2026-01-04T10:22:11","modified_gmt":"2026-01-04T10:22:11","slug":"en-2026-la-neuroarquitectura-se-consolida-como-un-eje-fundamental-del-diseno-de-espacios","status":"publish","type":"post","link":"https:\/\/www.europesays.com\/es\/322268\/","title":{"rendered":"\u201cEn 2026 la neuroarquitectura se consolida como un eje fundamental del dise\u00f1o de espacios\u201d"},"content":{"rendered":"<p id=\"eAfURkqQMt\" data-wc=\"105\"><strong>En 2026, la\u00a0<\/strong><a class=\"hm-link ho-link\" href=\"https:\/\/www.hola.com\/decoracion\/20241113729344\/secretos-neuroarquitectura-para-interiorismo-que-mejora-bienestar-salud\/\" data-mrf-recirculation=\"article-body-link\" rel=\"nofollow noopener\" target=\"_blank\">neuroarquitectura<\/a><strong>\u00a0se consolida como un eje fundamental del dise\u00f1o de interiores<\/strong>, porque hemos comprendido que los espacios que habitamos pueden influir positiva o negativamente en nuestro bienestar. Pasamos cada vez m\u00e1s tiempo en casas y entornos cerrados, y esa realidad hace que dise\u00f1ar sin tener en cuenta c\u00f3mo interactuamos con nuestro entorno no solo sea poco eficiente, sino potencialmente perjudicial. <strong>Crear espacios intencionados<\/strong> se vuelve entonces una necesidad:<strong>\u00a0lugares que fomenten nuestro bienestar, nos conecten genuinamente con nosotros mismos, con el entorno y<\/strong>, en \u00faltima instancia, <strong>con\u00a0<\/strong><a class=\"hm-link ho-link\" href=\"https:\/\/www.hola.com\/decoracion\/20230829237534\/diseno-biofilico-neuroarquitectura-casas-saludables-nu\/\" data-mrf-recirculation=\"article-body-link\" rel=\"nofollow noopener\" target=\"_blank\">la naturaleza<\/a>, que sigue siendo la fuente principal de equilibrio y respuestas para nuestras necesidades.<\/p>\n<p id=\"em-JusMmmu8\" data-wc=\"69\"><strong>Ana Garc\u00eda, arquitecta\u00a0fundadora\u00a0del estudio NeuronaLab<\/strong> (www.neuronalab.com), <strong>es la experta que gu\u00eda este reportaje sobre el auge de la disciplina<\/strong>. Dirige el \u2018M\u00e1ster de Neuroarquitectura y Bioconstrucci\u00f3n\u2019 en la Escuela LCI Barcelona, coordinado por Mar\u00eda Lled\u00f3 Cisneros, y ha publicado la novela \u2018Cara Vista\u2019 (de la editorial C\u00edrculo Rojo), donde aborda la neuroarquitectura desde el relato de autoficci\u00f3n, mostrando c\u00f3mo los espacios influyen en nuestra percepci\u00f3n y emociones.<\/p>\n<p>111<\/p>\n<p>\u00a0 \u00a0 \u00a0 \u00a0 \u00a0 \u00a0 \u00a0 \u00a0 \u00a0 \u00a0 \u00a0 \u00a0 \u00a0 \u00a0 \u00a0 \u00a0 \u00a0 \u00a0 \u00a0 \u00a0 \u00a0 \u00a0 \u00a0 \u00a0 \u00a0 \u00a0 \u00a0 \u00a0 \u00a0 \u00a0 \u00a0 \u00a0 \u00a0<\/p>\n<p>  <img src=\"https:\/\/www.europesays.com\/es\/wp-content\/uploads\/2026\/01\/b8c8acc73ddb-01-neuroarquitectura-tendencia-imparable-2026-hola-decoracion-living-neuronalab.jpg\"   width=\"1024\" height=\"689\" loading=\"lazy\" decoding=\"async\" alt=\"Ambiente polivalente de dormitorio con terraza\" fetchpriority=\"auto\" class=\"image ho-image\"\/>\u00a9 Rosario Kuri para NeuronaLab<\/p>\n<p> La neuroarquitectura, eje del dise\u00f1o interior de los hogares en 2026<\/p>\n<p id=\"ett7GAaaYo\">Ana considera que la neuroarquitecurae cobra tanto protagonismo dado que <strong>en los \u00faltimos a\u00f1os hemos entendido el hogar como un espacio que no solo habitamos, sino que nos regula emocional y cognitivamente<\/strong>. \u201cEl auge del <a class=\"hm-link ho-link\" href=\"https:\/\/www.hola.com\/decoracion\/20240325251259\/claves-aplicar-neuroarquitectura-despacho-casa-nu\/\" data-mrf-recirculation=\"article-body-link\" rel=\"nofollow noopener\" target=\"_blank\">teletrabajo<\/a>, la <a class=\"hm-link ho-link\" href=\"https:\/\/www.hola.com\/decoracion\/20250924857342\/neuroarquitectura-bienestar-naturaleza-frente-a-pantallas-maria-gil\/\" data-mrf-recirculation=\"article-body-link\" rel=\"nofollow noopener\" target=\"_blank\">sobreexposici\u00f3n digital<\/a> y el estr\u00e9s urbano han puesto de manifiesto que hay que cuidar con cari\u00f1o nuestro entorno \u00edntimo ya que influye directamente en nuestro bienestar. Por eso la neuroarquitectura ha cobrado m\u00e1s relevancia: necesitamos espacios que acompa\u00f1en nuestros ritmos biol\u00f3gicos y nos ayuden a recuperarnos\u201d.<br \/>No hay duda del cambio de paradigma: <strong>el hogar pasa de ser un contenedor funcional a un organismo en simbiosis con nosotros que puede favorecer nuestra salud<\/strong>.<\/p>\n<p id=\"ejNuEE4ydMn\">En ambientes urbanos la luz natural y la vegetaci\u00f3n son elementos preciados porque nos conectan con nuestra biolog\u00eda. Esta vivienda con una agradable terraza, proyectada por NeuronaLab, as\u00ed lo demuestra.\u00a0<\/p>\n<p>211<\/p>\n<p>\u00a0 \u00a0 \u00a0 \u00a0 \u00a0 \u00a0 \u00a0 \u00a0 \u00a0 \u00a0 \u00a0 \u00a0 \u00a0 \u00a0 \u00a0 \u00a0 \u00a0 \u00a0 \u00a0 \u00a0 \u00a0 \u00a0 \u00a0 \u00a0 \u00a0 \u00a0 \u00a0 \u00a0 \u00a0 \u00a0 \u00a0 \u00a0 \u00a0<\/p>\n<p>  <img src=\"https:\/\/www.europesays.com\/es\/wp-content\/uploads\/2026\/01\/6cf4cefb7e94-02-neuroarquitectura-tendencia-imparable-2026-hola-decoracion-living-reverso-stu.jpg\"   width=\"725\" height=\"1024\" loading=\"lazy\" decoding=\"async\" alt=\"Sal\u00f3n moderno\" fetchpriority=\"auto\" class=\"image ho-image\"\/>\u00a9 Reverso Studio<\/p>\n<p> Belleza no equivale a bienestar<\/p>\n<p id=\"eOvWsljZHf\">\u00bfPor qu\u00e9 ahora hablamos de espacios que \u2018mejoran c\u00f3mo nos sentimos\u2019 y no solo de espacios bonitos o funcionales? La respuesta que da la docente de LCI Barcelona es que <strong>hoy sabemos, desde la evidencia cient\u00edfica, que un espacio est\u00e9tico no siempre es un espacio saludable<\/strong>.\u00a0<\/p>\n<p id=\"ey8U77x_FRz\">\u201c<strong>La belleza puede inspirar, pero si no responde a nuestras necesidades neurobiol\u00f3gicas y si no se ha dise\u00f1ado con los materiales adecuados puede llegar a intoxicarnos<\/strong>. Ahora hablamos de c\u00f3mo nos sentimos porque priorizamos el impacto en el estr\u00e9s, la calma, el foco o la motivaci\u00f3n. Por otro lado, <strong>el dise\u00f1o de espacios<\/strong>, adem\u00e1s de resolver aspectos funcionales, <strong>siempre ha sido una experiencia multisensorial<\/strong>\u201d, afirma.<\/p>\n<p id=\"e9o7UCZ45of\">Reverso Studio ha dise\u00f1ado este <a class=\"hm-link ho-link\" href=\"https:\/\/www.hola.com\/decoracion\/20240814711511\/neuroarquitectura-diseno-optimizar-salon-mejorar-bienestar\/\" data-mrf-recirculation=\"article-body-link\" rel=\"nofollow noopener\" target=\"_blank\">sal\u00f3n<\/a> con el objetivo de aportar belleza, orden, pero tambi\u00e9n un ambiente que favorece el bienestar de quienes lo disfrutan.<\/p>\n<p>311<\/p>\n<p>\u00a0 \u00a0 \u00a0 \u00a0 \u00a0 \u00a0 \u00a0 \u00a0 \u00a0 \u00a0 \u00a0 \u00a0 \u00a0 \u00a0 \u00a0 \u00a0 \u00a0 \u00a0 \u00a0 \u00a0 \u00a0 \u00a0 \u00a0 \u00a0 \u00a0 \u00a0 \u00a0 \u00a0 \u00a0 \u00a0 \u00a0 \u00a0 \u00a0<\/p>\n<p>  <img src=\"https:\/\/www.europesays.com\/es\/wp-content\/uploads\/2026\/01\/3ab9478131fe-03-neuroarquitectura-tendencia-imparable-2026-hola-decoracion-livingdining-kitch.jpg\"   width=\"1024\" height=\"576\" loading=\"lazy\" decoding=\"async\" alt=\"Comedor y cocina en los que predominan las l\u00edneas curvas, suaves y agradables\" fetchpriority=\"auto\" class=\"image ho-image\"\/>\u00a9 Avenia Aventura<\/p>\n<p> Espacios que impulsen la calma, la motivaci\u00f3n o la creatividad<\/p>\n<p id=\"epJZz8XKey\">La experta explica c\u00f3mo funciona la serenidad y el estr\u00e9s: <strong>el cerebro est\u00e1 constantemente procesando e interpretando se\u00f1ales del entorno: luz, colores, sonidos, geometr\u00edas, distancias, proporciones, texturas, temperaturas\u2026. Cuando estos est\u00edmulos est\u00e1n equilibrados, activan \u00e1reas asociadas al bienestar<\/strong>, reduciendo la respuesta de alerta. <strong>La calma se suele conseguir con\u00a0<\/strong><a class=\"hm-link ho-link\" href=\"https:\/\/www.hola.com\/decoracion\/20250903850720\/neuroarquitectura-orden-descanso-visual-equilibrio-emocional-nu\/\" data-mrf-recirculation=\"article-body-link\" rel=\"nofollow noopener\" target=\"_blank\">ambientes ordenados<\/a><strong>\u00a0y luminosos; la motivaci\u00f3n surge cuando el espacio ofrece est\u00edmulos suaves pero energizantes; y<\/strong>, normalmente, <strong>la creatividad aparece en entornos que permiten variabilidad, contraste y libertad perceptiva<\/strong>, incluso de movimiento del usuario. El \u2018momento eureka\u2019 de un proceso creativo suele llegar cuando cambiamos de estancia o de actividad y entra en juego nuestra red por defecto.\u00a0<\/p>\n<p id=\"exOKuZ_mLM0\">La arquitecta especializada en neuroarquitectura lo resume en esta frase: \u201cdise\u00f1ar es modular emociones\u201d.<\/p>\n<p id=\"elUQZIiOhf\">Luz, l\u00edneas curvas y en completo orden este ambiente de d\u00eda con mobiliario de Fendi Casa. \u00a0<\/p>\n<p>411<\/p>\n<p>\u00a0 \u00a0 \u00a0 \u00a0 \u00a0 \u00a0 \u00a0 \u00a0 \u00a0 \u00a0 \u00a0 \u00a0 \u00a0 \u00a0 \u00a0 \u00a0 \u00a0 \u00a0 \u00a0 \u00a0 \u00a0 \u00a0 \u00a0 \u00a0 \u00a0 \u00a0 \u00a0 \u00a0 \u00a0 \u00a0 \u00a0 \u00a0 \u00a0<\/p>\n<p>  <img src=\"https:\/\/www.europesays.com\/es\/wp-content\/uploads\/2026\/01\/f370a5e99dd1-04-neuroarquitectura-tendencia-imparable-2026-hola-decoracion-livingannank-inte.jpg\"   width=\"682\" height=\"1024\" loading=\"lazy\" decoding=\"async\" alt=\"Comedor luminoso y elegante\" fetchpriority=\"auto\" class=\"image ho-image\"\/>\u00a9 Annank\u00e9 Interiorismo<\/p>\n<p> Cuando el espacio impacta de forma negativa en nuestra salud<\/p>\n<p id=\"e1gQ55v7SX\">La arquitecta advierte que \u201c<strong>un hogar construido sin considerar las necesidades espec\u00edficas de la familia que reside en \u00e9l puede llegar a enfermar a sus miembros<\/strong>\u201d. \u00bfQu\u00e9 ejemplos da? Una iluminaci\u00f3n excesiva o parpadeante sin que el ojo lo advierta, pero el cerebro s\u00ed. El ruido visual, la saturaci\u00f3n sensorial o la falta de coherencia espacial no deseados nos puede llegar a fatigar de forma cr\u00f3nica. Esto aumenta la actividad del sistema l\u00edmbico y eleva los niveles de estr\u00e9s.\u00a0<\/p>\n<p id=\"elTpdV1f7JK\">En el caso de <strong>la iluminaci\u00f3n inadecuada<\/strong>, no solo provoca estr\u00e9s sino que <strong>puede afectar al sue\u00f1o<\/strong>, al alterar los ritmos circadianos.\u00a0<\/p>\n<p id=\"eJGRSQLvU5B\">Cristina Amoroso, fundadora de Annank\u00e9 Interiorismo, apuesta por una gran presencia de la madera en este elegante <a class=\"hm-link ho-link\" href=\"https:\/\/www.hola.com\/decoracion\/20240923719528\/neuroarquitectura-aplicada-comedor\/\" data-mrf-recirculation=\"article-body-link\" rel=\"nofollow noopener\" target=\"_blank\">comedor<\/a> que reform\u00f3 tambi\u00e9n para abrirlo m\u00e1s a la luz, creando un ambiente apacible.<\/p>\n<p>\u00a0<\/p>\n<p>511<\/p>\n<p>\u00a0 \u00a0 \u00a0 \u00a0 \u00a0 \u00a0 \u00a0 \u00a0 \u00a0 \u00a0 \u00a0 \u00a0 \u00a0 \u00a0 \u00a0 \u00a0 \u00a0 \u00a0 \u00a0 \u00a0 \u00a0 \u00a0 \u00a0 \u00a0 \u00a0 \u00a0 \u00a0 \u00a0 \u00a0 \u00a0 \u00a0 \u00a0 \u00a0<\/p>\n<p>  <img src=\"https:\/\/www.europesays.com\/es\/wp-content\/uploads\/2026\/01\/1a6152d285c6-05-neuroarquitectura-tendencia-imparable-2026-hola-decoracion-living-anoche.jpg\"   width=\"1024\" height=\"585\" loading=\"lazy\" decoding=\"async\" alt=\"Zona de despacho con iluminaci\u00f3n artificial bien estudiada\" fetchpriority=\"auto\" class=\"image ho-image\"\/>\u00a9 LUV Studio y Anoche<\/p>\n<p> La luz no solo ilumina: sincroniza nuestra vida<\/p>\n<p id=\"eWbkpSDHzm\">Sin duda la luz en el hogar debe cuidarse al m\u00e1ximo. Ana revela que el motivo es que <strong>la luz<\/strong> no solo ilumina: marca nuestro ritmo vital. \u201c<strong>Regula los ciclos biol\u00f3gicos, influye en los estados de alerta o descanso y condiciona el metabolismo\u00a0<\/strong>implicado en la homeostasis energ\u00e9tica [el equilibrio mediante el cual el cuerpo ajusta la energ\u00eda que ingiere y la que utiliza para conservar un estado estable]\u201d. Tambi\u00e9n interviene en la liberaci\u00f3n de hormonas como el cortisol y la melatonina. Por ello, se da cada vez m\u00e1s importancia a la luz natural, a las temperaturas de color cambiantes y a sistemas de iluminaci\u00f3n que se ajustan al ritmo diario de las personas.<\/p>\n<p id=\"ePn7AdUEIBx\">Esta sensibilidad ya forma parte del oficio de muchos dise\u00f1adores lum\u00ednicos, que trabajan con soluciones capaces de adaptar intensidad y espectro para acompa\u00f1ar las distintas fases del d\u00eda y mejorar el bienestar en el hogar. Es el caso del proyecto que vemos sobre estas l\u00edneas firmado por LUV Studio y con Jordi Ballesta, lighting designer de Anoche, a cargo del proyecto lum\u00ednico, quien defiende que comprender y saber usar estas herramientas ser\u00e1 clave para que <a class=\"hm-link ho-link\" href=\"https:\/\/www.hola.com\/decoracion\/20231117243566\/iluminacion-casa-bienestar-fisico-emocional-neuroarquitectura-nu\/\" data-mrf-recirculation=\"article-body-link\" rel=\"nofollow noopener\" target=\"_blank\">la iluminaci\u00f3n cuide realmente de nuestra biolog\u00eda<\/a>.<\/p>\n<p>\u00a0<\/p>\n<p>611<\/p>\n<p>\u00a0 \u00a0 \u00a0 \u00a0 \u00a0 \u00a0 \u00a0 \u00a0 \u00a0 \u00a0 \u00a0 \u00a0 \u00a0 \u00a0 \u00a0 \u00a0 \u00a0 \u00a0 \u00a0 \u00a0 \u00a0 \u00a0 \u00a0 \u00a0 \u00a0 \u00a0 \u00a0 \u00a0 \u00a0 \u00a0 \u00a0 \u00a0 \u00a0<\/p>\n<p>  <img src=\"https:\/\/www.europesays.com\/es\/wp-content\/uploads\/2026\/01\/5d579d6ea02c-06-neuroarquitectura-tendencia-imparable-2026-hola-decoracion-living-albert-ramo.jpg\"   width=\"683\" height=\"1024\" loading=\"lazy\" decoding=\"async\" alt=\"Texturas muy acogedoras en un dormitorio de decoraci\u00f3n moderna\" fetchpriority=\"auto\" class=\"image ho-image\"\/>\u00a9 Elton Rocha para Albert Ramoneda Studio<\/p>\n<p> S\u00ed, algunos materiales favorecen un mayor bienestar emocional<\/p>\n<p id=\"eMXx8KO-mZ\">Seg\u00fan la literatura cient\u00edfica, que es la base de la neuroarquitectura, <strong>los materiales naturales<\/strong>, como la madera, la piedra, los tejidos org\u00e1nicos o la arcilla, <strong>favorecen un mayor bienestar porque conectan con patrones ancestrales que el cerebro reconoce como seguros<\/strong>. \u201cSus texturas irregulares y c\u00e1lidas crean una sensaci\u00f3n de calma y hacen que el espacio resulte m\u00e1s natural. Adem\u00e1s, ayudan a mejorar la ac\u00fastica y el confort t\u00e9rmico, ya que son materiales higrosc\u00f3picos, es decir, capaces de absorber y liberar humedad del ambiente\u201d, se\u00f1ala Ana.<\/p>\n<p id=\"e_ccMYeeNTA\">Serenidad, calma y un refugio de bienestar en este <a class=\"hm-link ho-link\" href=\"https:\/\/www.hola.com\/decoracion\/20230811237230\/neuroarquitectura-salud-dormitorio-nu\/\" data-mrf-recirculation=\"article-body-link\" rel=\"nofollow noopener\" target=\"_blank\">dormitorio<\/a> dise\u00f1ado por el interiorista Albert Ramoneda que apuesta por dar protagonismo a las texturas naturales en forma de paneles de madera y telas (la del cabecero es de James Malone). Y es que la biocompatibilidad de los materiales favorece una relaci\u00f3n m\u00e1s natural entre el cuerpo y el espacio, reduciendo la sobrecarga sensorial y aumentando la sensaci\u00f3n de bienestar.<\/p>\n<p>\u00a0<\/p>\n<p>711<\/p>\n<p>\u00a0 \u00a0 \u00a0 \u00a0 \u00a0 \u00a0 \u00a0 \u00a0 \u00a0 \u00a0 \u00a0 \u00a0 \u00a0 \u00a0 \u00a0 \u00a0 \u00a0 \u00a0 \u00a0 \u00a0 \u00a0 \u00a0 \u00a0 \u00a0 \u00a0 \u00a0 \u00a0 \u00a0 \u00a0 \u00a0 \u00a0 \u00a0 \u00a0<\/p>\n<p>  <img src=\"https:\/\/www.europesays.com\/es\/wp-content\/uploads\/2026\/01\/91516542198c-07-neuroarquitectura-tendencia-imparable-2026-hola-decoracion-living.jpg\"   width=\"1024\" height=\"682\" loading=\"lazy\" decoding=\"async\" alt=\"Comedor en el que el arte tiene gran protagonismo\" fetchpriority=\"auto\" class=\"image ho-image\"\/>\u00a9 Lupe Clemente para Estudio Caliza<\/p>\n<p> M\u00e1s datos que ofrecen las neurociencias<\/p>\n<p id=\"eXciEl94q2\">Las formas org\u00e1nicas est\u00e1n ganando terreno frente a las l\u00edneas rectas y r\u00edgidas. \u00a1Hay motivos! La profesora de LCI Barcelona explica que <strong>las formas curvas recuerdan a la naturaleza y a estructuras que hist\u00f3ricamente hemos asociado con protecci\u00f3n<\/strong>. El cerebro procesa las l\u00edneas redondeadas de manera m\u00e1s fluida, reduciendo la carga cognitiva. En cambio, <strong>las l\u00edneas rectas y \u00e1ngulos agudos pueden activar sutilmente la respuesta amigdalar relacionada con la sensaci\u00f3n de alerta<\/strong>. Buen ejemplo de siluetas amables son las que presenta este ambiente de comedor dise\u00f1ado por Estudio Caliza.<\/p>\n<p id=\"eR0rI8zJPgZ\">As\u00ed, las geometr\u00edas org\u00e1nicas favorecen la creatividad, la relajaci\u00f3n y el flujo, mientras que lo excesivamente rectil\u00edneo tiende a ser m\u00e1s est\u00e1tico y r\u00edgido emocionalmente. \u201cEn mis clases siempre digo que <strong>esto no significa que hay que dejar de utilizar las formas angulosas u ortogonales, simplemente se debe conocer mejor c\u00f3mo funciona nuestra mente y nuestro cuerpo<\/strong>, o la de los usuarios de un determinado espacio, <strong>para emplear todas esas opciones con mayor acierto<\/strong>\u201d, afirma Ana.<\/p>\n<p>\u00a0<\/p>\n<p>811<\/p>\n<p>\u00a0 \u00a0 \u00a0 \u00a0 \u00a0 \u00a0 \u00a0 \u00a0 \u00a0 \u00a0 \u00a0 \u00a0 \u00a0 \u00a0 \u00a0 \u00a0 \u00a0 \u00a0 \u00a0 \u00a0 \u00a0 \u00a0 \u00a0 \u00a0 \u00a0 \u00a0 \u00a0 \u00a0 \u00a0 \u00a0 \u00a0 \u00a0 \u00a0<\/p>\n<p>  <img src=\"https:\/\/www.europesays.com\/es\/wp-content\/uploads\/2026\/01\/e00effbbd53a-08-neuroarquitectura-tendencia-imparable-2026-hola-decoracion-living-montse-mora.jpg\"   width=\"1024\" height=\"682\" loading=\"lazy\" decoding=\"async\" alt=\"Espacio polivalente, una zona de d\u00eda abierta de m\u00faltiples usos\" fetchpriority=\"auto\" class=\"image ho-image\"\/>\u00a9 Jordi Folch<\/p>\n<p> En b\u00fasqueda de espacios cada vez m\u00e1s flexibles<\/p>\n<p id=\"eRvkxdzrW9\"><strong>Los\u00a0<\/strong><a class=\"hm-link ho-link\" href=\"https:\/\/www.hola.com\/decoracion\/20251204870983\/pepa-casado-hogar-flexible-tendencias\/\" data-mrf-recirculation=\"article-body-link\" rel=\"nofollow noopener\" target=\"_blank\">espacios polivalentes<\/a><strong>\u00a0se consolidan como una tendencia clave en la vivienda contempor\u00e1nea<\/strong>. La forma de habitar ha cambiado y con ella la necesidad de casas m\u00e1s abiertas, vers\u00e1tiles y sin usos r\u00edgidos. \u00bfPor qu\u00e9 triunfa la versatilidad? \u201c<strong>Nuestras necesidades cambian a lo largo del d\u00eda y los espacios r\u00edgidos nos obligan a adaptarnos a ellos. La flexibilidad permite pasar de forma natural del trabajo al descanso o a la vida social, ofreciendo mayor control y variedad<\/strong>. Esto reduce el estr\u00e9s y favorece el bienestar, entendiendo el hogar como un ecosistema capaz de adaptarse a quien lo habita\u201d, afirma Ana.<\/p>\n<p id=\"enWeuc2-1wW\">Estamos viendo un comedor que es tambi\u00e9n rinc\u00f3n de lectura o para meditar o escuchar m\u00fasica; un sal\u00f3n con un \u00e1rea de barra para tomar tentempi\u00e9s r\u00e1pidos; y la cocina abierta visualmente con paredes de cristal, en un proyecto que firma la interiorista Montse Morales con alma sumamente vers\u00e1til.<\/p>\n<p>\u00a0<\/p>\n<p>911<\/p>\n<p>\u00a0 \u00a0 \u00a0 \u00a0 \u00a0 \u00a0 \u00a0 \u00a0 \u00a0 \u00a0 \u00a0 \u00a0 \u00a0 \u00a0 \u00a0 \u00a0 \u00a0 \u00a0 \u00a0 \u00a0 \u00a0 \u00a0 \u00a0 \u00a0 \u00a0 \u00a0 \u00a0 \u00a0 \u00a0 \u00a0 \u00a0 \u00a0 \u00a0<\/p>\n<p>  <img src=\"https:\/\/www.europesays.com\/es\/wp-content\/uploads\/2026\/01\/674f1c5d0fac-09-neuroarquitectura-tendencia-imparable-2026-hola-decoracion-living-velux.jpg\"   width=\"682\" height=\"1024\" loading=\"lazy\" decoding=\"async\" alt=\"Persianas automatizadas\" fetchpriority=\"auto\" class=\"image ho-image\"\/>\u00a9 Velux<\/p>\n<p> Cuando la tecnolog\u00eda se vuelve invisible y mejora el bienestar en casa<\/p>\n<p id=\"eEKsiwHcih3\"><strong>La tecnolog\u00eda inteligente puede convivir con espacios m\u00e1s humanos cuando act\u00faa de forma discreta y est\u00e1 orientada al bienestar, no al est\u00edmulo constante<\/strong>. La <a class=\"hm-link ho-link\" href=\"https:\/\/www.hola.com\/decoracion\/20230216226503\/passivhaus-domotica-para-ahorrar-energia-nu\/\" data-mrf-recirculation=\"article-body-link\" rel=\"nofollow noopener\" target=\"_blank\">dom\u00f3tica<\/a> permite regular la luz, el sonido, la temperatura o el grado de privacidad para mantener un equilibrio sensorial adecuado. \u201cEl objetivo es que mejore la percepci\u00f3n del espacio, no que reemplace nuestra capacidad de saber si tenemos fr\u00edo, calor o si una luz nos resulta molesta\u201d, cuenta la arquitecta fundadora de NeuronaLab, que subraya la <strong>importancia de que la tecnolog\u00eda escuche al usuario y no tome decisiones de forma autom\u00e1tica sin tener en cuenta su experiencia<\/strong>.<\/p>\n<p>\u00a0<\/p>\n<p>1011<\/p>\n<p>\u00a0 \u00a0 \u00a0 \u00a0 \u00a0 \u00a0 \u00a0 \u00a0 \u00a0 \u00a0 \u00a0 \u00a0 \u00a0 \u00a0 \u00a0 \u00a0 \u00a0 \u00a0 \u00a0 \u00a0 \u00a0 \u00a0 \u00a0 \u00a0 \u00a0 \u00a0 \u00a0 \u00a0 \u00a0 \u00a0 \u00a0 \u00a0 \u00a0<\/p>\n<p>  <img src=\"https:\/\/www.europesays.com\/es\/wp-content\/uploads\/2026\/01\/f55f2d1606e7-10-neuroarquitectura-tendencia-imparable-2026-hola-decoracion-living-neuronalab.jpg\"   width=\"1024\" height=\"675\" loading=\"lazy\" decoding=\"async\" alt=\"Dormitorio infantil a escala de su joven usuario\" fetchpriority=\"auto\" class=\"image ho-image\"\/>\u00a9 Rosario Kuri para NeuronaLab<\/p>\n<p> Errores cuando se intenta aplicar la neuroarquitectura (sin comprender realmente sus fundamentos)<\/p>\n<p id=\"eoTBqcyt3I\">Ana revela que <strong>el error m\u00e1s com\u00fan es confundir neuroarquitectura con una tendencia est\u00e9tica o con un recetario est\u00e1ndar que podemos aplicar en cualquier tipo de proyecto<\/strong>. \u201cEsta disciplina no se trata de <a class=\"hm-link ho-link\" href=\"https:\/\/www.hola.com\/decoracion\/20230314228106\/colores-que-favorecen-calma-bienestar-nu\/\" data-mrf-recirculation=\"article-body-link\" rel=\"nofollow noopener\" target=\"_blank\">colores relajantes<\/a> o muebles curvos sin contexto, sino de comprender c\u00f3mo opera el cerebro en relaci\u00f3n con el cuerpo y qu\u00e9 est\u00edmulos lo benefician\u201d. Firma el dise\u00f1o de esta <a class=\"hm-link ho-link\" href=\"https:\/\/www.hola.com\/decoracion\/20240221249475\/claves-neuroarquitectura-disenar-habitaciones-infantiles-nu\/\" data-mrf-recirculation=\"article-body-link\" rel=\"nofollow noopener\" target=\"_blank\">habitaci\u00f3n infantil<\/a> la propia experta que nos est\u00e1 guiando en el reportaje, incorporando una cama de altura accesible para que su joven usuario pueda ser aut\u00f3nomo en su uso.<\/p>\n<p id=\"epEMFAYYeeu\">Desde esta perspectiva, <strong>la personalizaci\u00f3n se vuelve esencial<\/strong>: cada persona tiene experiencias, sensibilidades y h\u00e1bitos distintos, por lo que un espacio no puede aspirar a gustar a todo el mundo, sino a generar bienestar real en quienes lo habitan.<\/p>\n<p>\u00a0<\/p>\n<p>1111<\/p>\n<p>\u00a0 \u00a0 \u00a0 \u00a0 \u00a0 \u00a0 \u00a0 \u00a0 \u00a0 \u00a0 \u00a0 \u00a0 \u00a0 \u00a0 \u00a0 \u00a0 \u00a0 \u00a0 \u00a0 \u00a0 \u00a0 \u00a0 \u00a0 \u00a0 \u00a0 \u00a0 \u00a0 \u00a0 \u00a0 \u00a0 \u00a0 \u00a0 \u00a0<\/p>\n<p>  <img src=\"https:\/\/www.europesays.com\/es\/wp-content\/uploads\/2026\/01\/8d563ee1d167-11-neuroarquitectura-tendencia-imparable-2026-hola-decoracion-living-pia-capdev.jpg\"   width=\"785\" height=\"1024\" loading=\"lazy\" decoding=\"async\" alt=\"Ba\u00f1o como spa dom\u00e9stico\" fetchpriority=\"auto\" class=\"image ho-image\"\/>\u00a9 Jordi Canosa para Pia Capdevila<\/p>\n<p> La pr\u00f3xima etapa de la neuroarquitectura en pocos a\u00f1os<\/p>\n<p id=\"eOhf4U6dZS\"><strong>Este 2026, el bienestar se convierte en el eje del dise\u00f1o gracias a la neuroarquitectura, y todo apunta a que su evoluci\u00f3n continuar\u00e1 al alza en los pr\u00f3ximos a\u00f1os<\/strong>. El creciente inter\u00e9s por el impacto del entorno construido en la salud est\u00e1 impulsando a m\u00e1s profesionales a integrar criterios basados en la neurociencia en sus proyectos. En la propuesta, un dise\u00f1o de Pia Capdevila, el\u00a0<a class=\"hm-link ho-link\" href=\"https:\/\/www.hola.com\/decoracion\/20241003721879\/convertir-bano-oasis-bienestar-gracias-neuroarquitectura\/\" data-mrf-recirculation=\"article-body-link\" rel=\"nofollow noopener\" target=\"_blank\">ba\u00f1o<\/a> se convierte en un espacio acogedor para compartir, pensado como un verdadero templo de autocuidado.<\/p>\n<p id=\"eO1pZKcNGMt\">\u201c<strong>M\u00e1s que imponerse como una disciplina independiente, el desarrollo de la neuroarquitectura avanzar\u00e1 de forma progresiva y natural dentro del dise\u00f1o<\/strong>\u201d, vaticina Ana. Porque a medida que se generen m\u00e1s datos que relacionen bienestar y factores ambientales, cada vez ser\u00e1 menos concebible dise\u00f1ar sin tener en cuenta este conocimiento.<\/p>\n<p>\u00a0<\/p>\n","protected":false},"excerpt":{"rendered":"En 2026, la\u00a0neuroarquitectura\u00a0se consolida como un eje fundamental del dise\u00f1o de interiores, porque hemos comprendido que los espacios&hellip;\n","protected":false},"author":2,"featured_media":322269,"comment_status":"","ping_status":"","sticky":false,"template":"","format":"standard","meta":{"footnotes":""},"categories":[173],"tags":[229,233,231,230,8372,232,234,146,147,25,24,43132,23,15718],"class_list":{"0":"post-322268","1":"post","2":"type-post","3":"status-publish","4":"format-standard","5":"has-post-thumbnail","7":"category-arte-y-diseno","8":"tag-arte","9":"tag-arte-y-diseno","10":"tag-arts","11":"tag-arts-and-design","12":"tag-decoracion","13":"tag-design","14":"tag-diseno","15":"tag-entertainment","16":"tag-entretenimiento","17":"tag-es","18":"tag-espana","19":"tag-neuroarquitectura","20":"tag-spain","21":"tag-tendencias-decoracion"},"share_on_mastodon":{"url":"https:\/\/pubeurope.com\/@es\/115836338016941021","error":""},"_links":{"self":[{"href":"https:\/\/www.europesays.com\/es\/wp-json\/wp\/v2\/posts\/322268","targetHints":{"allow":["GET"]}}],"collection":[{"href":"https:\/\/www.europesays.com\/es\/wp-json\/wp\/v2\/posts"}],"about":[{"href":"https:\/\/www.europesays.com\/es\/wp-json\/wp\/v2\/types\/post"}],"author":[{"embeddable":true,"href":"https:\/\/www.europesays.com\/es\/wp-json\/wp\/v2\/users\/2"}],"replies":[{"embeddable":true,"href":"https:\/\/www.europesays.com\/es\/wp-json\/wp\/v2\/comments?post=322268"}],"version-history":[{"count":0,"href":"https:\/\/www.europesays.com\/es\/wp-json\/wp\/v2\/posts\/322268\/revisions"}],"wp:featuredmedia":[{"embeddable":true,"href":"https:\/\/www.europesays.com\/es\/wp-json\/wp\/v2\/media\/322269"}],"wp:attachment":[{"href":"https:\/\/www.europesays.com\/es\/wp-json\/wp\/v2\/media?parent=322268"}],"wp:term":[{"taxonomy":"category","embeddable":true,"href":"https:\/\/www.europesays.com\/es\/wp-json\/wp\/v2\/categories?post=322268"},{"taxonomy":"post_tag","embeddable":true,"href":"https:\/\/www.europesays.com\/es\/wp-json\/wp\/v2\/tags?post=322268"}],"curies":[{"name":"wp","href":"https:\/\/api.w.org\/{rel}","templated":true}]}}