{"id":322287,"date":"2026-01-04T10:34:09","date_gmt":"2026-01-04T10:34:09","guid":{"rendered":"https:\/\/www.europesays.com\/es\/322287\/"},"modified":"2026-01-04T10:34:09","modified_gmt":"2026-01-04T10:34:09","slug":"eeuu-ataca-venezuela-en-directo-nicolas-maduro-permanece-encarcelado-en-nueva-york-tras-ser-capturado-en-caracas-good-night-happy-new-year","status":"publish","type":"post","link":"https:\/\/www.europesays.com\/es\/322287\/","title":{"rendered":"EEUU ataca Venezuela, en directo | Nicol\u00e1s Maduro permanece encarcelado en Nueva York tras ser capturado en Caracas: \u00abGood night. Happy New Year\u00bb"},"content":{"rendered":"<p><a href=\"https:\/\/www.elmundo.es\/autor\/henar-andres.html\" aria-hidden=\"true\" rel=\"nofollow noopener\" target=\"_blank\"><img loading=\"lazy\" decoding=\"async\" width=\"80\" height=\"80\" class=\"ue-c-author-profile__photo-img\" alt=\"Henar Andr\u00e9s\" src=\"https:\/\/e01-phantom-elmundo.uecdn.es\/4e7b04e34b67a033cd6588d30b150132\/crop\/447x70\/2425x2048\/f\/image\/jpeg\/c6a4940c32bfc95b20071d809f154810\/crop\/447x70\/2425x2048\/resize\/600\/assets\/multimedia\/imagenes\/2024\/03\/06\/17097178518089.jpg\"\/><\/a><\/p>\n<p> Domingo,<br \/>\n4<br \/>\nenero<br \/>\n2026<br \/>\n&#8211;<br \/>\n11:31<\/p>\n<p class=\"ue-c-article__paragraph\">Nicol\u00e1s Maduro, <a href=\"https:\/\/www.elmundo.es\/internacional\/2026\/01\/03\/6958bba9e9cf4a69368b458f.html\" target=\"_blank\" rel=\"nofollow noopener\"><strong>capturado en Venezuela en una operaci\u00f3n militar ordenada por Trump<\/strong><\/a><strong>, <\/strong>permanece encarcelado en una prisi\u00f3n de Nueva York, donde en los pr\u00f3ximos d\u00edas va a comparecer ante un tribunal. Desde 2020 el l\u00edder chavista est\u00e1 acusado formalmente en Estados Unidos de diferentes cargos, entre ellos el de narcoterrorismo.<\/p>\n<p class=\"ue-c-article__paragraph\">La <strong>Casa Blanca<\/strong> ha publicado im\u00e1genes de su arresto y traslado, donde se ve a Maduro caminando por un pasillo con una alfombra azul que lleva la inscripci\u00f3n DEA NYD. \u00abGood night. Happy New Year (Buenas noches, feliz a\u00f1o nuevo)\u00bb, se escucha decir en ingl\u00e9s al l\u00edder venezolano.<\/p>\n<p class=\"ue-c-article__paragraph\"><strong>Donald Trump<\/strong> -aun sin detallar c\u00f3mo piensa hacerlo- ha dicho que EEUU planea <a href=\"https:\/\/www.elmundo.es\/internacional\/2026\/01\/03\/6959493ffdddffe82b8b4586.html\" target=\"_blank\" rel=\"nofollow noopener\"><strong>dirigir temporalmente Venezuela<\/strong><\/a> y explotar su petr\u00f3leo vendiendo \u00abgrandes cantidades\u00bb a otros pa\u00edses. En cambio, el <strong>Tribunal Supremo de Justicia (TSJ) de Venezuela<\/strong> ha publicado este s\u00e1bado una ponencia conjunta por la cual la vicepresidenta ejecutiva <strong>Delcy Rodr\u00edguez<\/strong> asumir\u00e1 el lunes la presidencia interina del pa\u00eds.<\/p>\n<p class=\"ue-c-article__paragraph\">Mientras, contin\u00faan las reacciones internacionales a la operaci\u00f3n estadounidense. <strong>Corea del Norte<\/strong> ha denunciado la intervenci\u00f3n como \u00abla m\u00e1s grave violaci\u00f3n de la soberan\u00eda\u00bb, \u00abotro ejemplo que confirma una vez m\u00e1s la naturaleza deshonesta y brutal de Estados Unidos\u00bb.<\/p>\n","protected":false},"excerpt":{"rendered":"Domingo, 4 enero 2026 &#8211; 11:31 Nicol\u00e1s Maduro, capturado en Venezuela en una operaci\u00f3n militar ordenada por Trump,&hellip;\n","protected":false},"author":2,"featured_media":322288,"comment_status":"","ping_status":"","sticky":false,"template":"","format":"standard","meta":{"footnotes":""},"categories":[5],"tags":[25545,17,18,352,25,24,629,13,14,11,61,19,20,9,1194,10,15,16,23,12,21,22,1192],"class_list":{"0":"post-322287","1":"post","2":"type-post","3":"status-publish","4":"format-standard","5":"has-post-thumbnail","7":"category-titulares","8":"tag-articulos-henar-andres","9":"tag-breaking-news","10":"tag-breakingnews","11":"tag-donald-trump","12":"tag-es","13":"tag-espana","14":"tag-estados-unidos","15":"tag-featured-news","16":"tag-featurednews","17":"tag-headlines","18":"tag-internacional","19":"tag-latest-news","20":"tag-latestnews","21":"tag-news","22":"tag-nicolas-maduro","23":"tag-noticias","24":"tag-noticias-destacadas","25":"tag-noticiasdestacadas","26":"tag-spain","27":"tag-titulares","28":"tag-ultimas-noticias","29":"tag-ultimasnoticias","30":"tag-venezuela"},"share_on_mastodon":{"url":"https:\/\/pubeurope.com\/@es\/115836384952665326","error":""},"_links":{"self":[{"href":"https:\/\/www.europesays.com\/es\/wp-json\/wp\/v2\/posts\/322287","targetHints":{"allow":["GET"]}}],"collection":[{"href":"https:\/\/www.europesays.com\/es\/wp-json\/wp\/v2\/posts"}],"about":[{"href":"https:\/\/www.europesays.com\/es\/wp-json\/wp\/v2\/types\/post"}],"author":[{"embeddable":true,"href":"https:\/\/www.europesays.com\/es\/wp-json\/wp\/v2\/users\/2"}],"replies":[{"embeddable":true,"href":"https:\/\/www.europesays.com\/es\/wp-json\/wp\/v2\/comments?post=322287"}],"version-history":[{"count":0,"href":"https:\/\/www.europesays.com\/es\/wp-json\/wp\/v2\/posts\/322287\/revisions"}],"wp:featuredmedia":[{"embeddable":true,"href":"https:\/\/www.europesays.com\/es\/wp-json\/wp\/v2\/media\/322288"}],"wp:attachment":[{"href":"https:\/\/www.europesays.com\/es\/wp-json\/wp\/v2\/media?parent=322287"}],"wp:term":[{"taxonomy":"category","embeddable":true,"href":"https:\/\/www.europesays.com\/es\/wp-json\/wp\/v2\/categories?post=322287"},{"taxonomy":"post_tag","embeddable":true,"href":"https:\/\/www.europesays.com\/es\/wp-json\/wp\/v2\/tags?post=322287"}],"curies":[{"name":"wp","href":"https:\/\/api.w.org\/{rel}","templated":true}]}}