{"id":322324,"date":"2026-01-04T11:08:13","date_gmt":"2026-01-04T11:08:13","guid":{"rendered":"https:\/\/www.europesays.com\/es\/322324\/"},"modified":"2026-01-04T11:08:13","modified_gmt":"2026-01-04T11:08:13","slug":"el-museo-del-prado-alcanza-su-maximo-historico-y-supera-los-35-millones-de-visitantes","status":"publish","type":"post","link":"https:\/\/www.europesays.com\/es\/322324\/","title":{"rendered":"El Museo del Prado alcanza su m\u00e1ximo hist\u00f3rico y supera los 3,5 millones de visitantes"},"content":{"rendered":"<p class=\"article-text\">\n        Los museos gestionados por el Ministerio de Cultura, que engloban el Museo Nacional del Prado, el Museo Nacional Centro de Arte Reina Sof\u00eda y la Red de Museos Estatales, han recibido en 2025 un total de 7.993.765 visitantes, algunos de ellos batiendo su r\u00e9cord hist\u00f3rico de visitas, tal como manifiesta el citado ministerio en un comunicado. Tal es el caso del Museo del Prado, que supera por primera vez los 3,5 millones de visitantes, alcanzando su m\u00e1ximo hist\u00f3rico, mientras que el Museo Nacional Centro de Arte Reina Sof\u00eda ha registrado m\u00e1s de 1,6 millones de visitantes. Por su parte el Museo Arqueol\u00f3gico Nacional (MAN) ha alcanzado el mejor registro de su historia, con m\u00e1s de 860.000 visitas.\n    <\/p>\n<p>    <a href=\"https:\/\/www.eldiario.es\/cultura\/exposiciones-marcaran-2026-aurelia-munoz-ruth-asawa-richard-avendon-jasper-jones-steve-mcqueen_1_12831434.html\" data-mrf-recirculation=\"saber-mas\" data-dl-event=\"saber-mas\" rel=\"nofollow noopener\" target=\"_blank\"><\/p>\n<p class=\"know-more__title\">Las exposiciones que marcar\u00e1n el 2026: de Aur\u00e8lia Mu\u00f1oz a Ruth Asawa, Richard Avendon, Jasper Johns o Steve McQueen<\/p>\n<p>            <img decoding=\"async\" class=\"lazy\" loading=\"lazy\" data-src=\"https:\/\/static.eldiario.es\/clip\/e1cd9baf-2204-4ebb-8e6d-017d351473ea_16-9-aspect-ratio_default_0.jpg\" src=\"data:image\/svg+xml,%3Csvg xmlns=\" http:=\"\" viewbox=\"0 0 880 495\" alt=\"Las exposiciones que marcar\u00e1n el 2026: de Aur\u00e8lia Mu\u00f1oz a Ruth Asawa, Richard Avendon, Jasper Johns o Steve McQueen\"\/><\/p>\n<p>                        <\/a><\/p>\n<p class=\"article-text\">\n        En cuanto a la red de Museos Estatales, gestionados de forma directa por el Ministerio de Cultura a trav\u00e9s de la Direcci\u00f3n General de Patrimonio y Bellas Artes, ha recibido en 2025 la visita de 2.878.631 personas. Una cifra que se acerca a los tres millones de visitantes de 2024, lo que pone de manifiesto su capacidad para mantener un elevado nivel de afluencia incluso en un contexto de cierre temporal del Museo Sorolla, uno de los m\u00e1s visitados.\n    <\/p>\n<p class=\"article-text\">\n        En su comunicado, Cultura destaca tambi\u00e9n las cifras de asistencia a las exposiciones del Prado fuera de Madrid: 10.148 lo han hecho en la exposici\u00f3n XIX. El siglo del retrato en Palma de Mallorca y 130.188 en la exposici\u00f3n Rubens y los artistas del Barroco flamenco, realizada en Barcelona en coproducci\u00f3n con el centro CaixaForum de esta ciudad. Por su parte, el Museo Nacional Centro de Arte Reina Sof\u00eda ha recibido 1.601.732 visitantes en la sede principal del Museo en 2025, casi 65.000 visitas m\u00e1s que el a\u00f1o anterior, lo que supone un incremento del 4,2% respecto a 2024.\n    <\/p>\n<p class=\"article-text\">\n        De todas formas, las cifras del Prado se encuentran todav\u00eda lejos de las que arroja otra gran pinacoteca como es el Museo del Louvre de Par\u00eds, que recibi\u00f3\u00a0en 2024 cerca de 9 millones de visitantes, dato seguramente favorecido por la celebraci\u00f3n de los Juegos Ol\u00edmpicos en Par\u00eds en el verano de aquel a\u00f1o. En cuando al Hermitage, la otra gran pinacoteca junto al Prado y el Louvre, sus cifras se desplomaron a ra\u00edz de la guerra con Ucrania: en 2021 alcanzaron los 4,5 millones de visitantes, si bien en la actualidad apenas se acerca al mill\u00f3n.\n    <\/p>\n<p class=\"article-text\">\n        <strong>8,7 a 9 millones de visitantes en 2024<\/strong>\n    <\/p>\n<p class=\"article-text\">\n        Museo Nacional y Centro de Investigaci\u00f3n de Altamira en Santillana del Mar (Cantabria), por su parte, ha sido el segundo museo m\u00e1s visitado de la Red de Museos Estatales, ya que este a\u00f1o ha registrado 293.700 visitantes, una cifra que supera ligeramente la de 2024 (+0,31%), y que es la m\u00e1s alta de los \u00faltimos 10 a\u00f1os. Le siguen el Museo Sefard\u00ed en Toledo, el tercero m\u00e1s visitado de la Red de Museos Estatales, con 256.468 visitantes. El Museo Nacional de Arte Romano en M\u00e9rida, con 224.890 visitantes, incrementa su cifra de 2024 en un 21,97% m\u00e1s.\n    <\/p>\n<p class=\"article-text\">\n        En cuanto a los museos estatales ubicados en Valladolid, tambi\u00e9n han experimentado un aumento de visitantes en relaci\u00f3n con las cifras registradas en 2024. Por un lado, el Museo Casa de Cervantes ha sido visitado en 2025 por 37.969 personas, un 7,26% m\u00e1s que el a\u00f1o anterior y, por otro, el Museo Nacional de Escultura, por 180.226 personas, un 5,56% m\u00e1s. Ambos museos encadenan cinco a\u00f1os consecutivos de mejora de sus registros. El Museo Nacional de Antropolog\u00eda de Madrid, que este a\u00f1o ha celebrado su 150 aniversario, ha registrado 87.679 visitas, incrementando ligeramente su cifra de 2024 (+0,83%), y siendo su mejor registro en los \u00faltimos cinco a\u00f1os.\n    <\/p>\n<p class=\"article-text\">\n        Se mantienen en registros similares a a\u00f1os anteriores con ligeras variaciones el Museo Nacional de Cer\u00e1mica y Artes Suntuarias Gonz\u00e1lez Mart\u00ed en Valencia (186.534 visitantes), el Museo del Greco en Toledo (149.432), el Museo Nacional del Romanticismo (115.472), el Museo Cerralbo (109.747), el Museo del Traje. Centro de Investigaci\u00f3n del Patrimonio Etnol\u00f3gico (98.920), el Museo Nacional de Artes Decorativas (97.722) y el Museo de Am\u00e9rica (89.077), en Madrid, as\u00ed como el Museo Nacional de Arqueolog\u00eda Subacu\u00e1tica ARQVA en Cartagena (Murcia) que ha registrado 86.594 visitantes.\n    <\/p>\n<p>    Especial atenci\u00f3n a la perspectiva de g\u00e9nero<\/p>\n<p class=\"article-text\">\n        En cuanto a la procedencia del p\u00fablico de los Museos Estatales, este es mayoritariamente de origen nacional, en un 78%, frente al 22% de turistas extranjeros. De estos \u00faltimos, son las personas procedentes de Estados Unidos, Francia, Italia y Reino Unido, por ese orden, las que m\u00e1s los visitan. En el caso del Museo del Prado, un 34,15% de sus visitantes de 2025 tienen su residencia en Espa\u00f1a, mientras que un 65,9% son residentes extranjeros, procedentes principalmente de Estados Unidos (14%), M\u00e9xico (10%), Italia (5%) y Argentina (4%).\n    <\/p>\n<p class=\"article-text\">\n        Respecto al n\u00famero de exposiciones, se han celebrado un total de 72, en las que se ha prestado especial atenci\u00f3n a la perspectiva de g\u00e9nero y el compromiso con la participaci\u00f3n de las mujeres, a la labor de creadores contempor\u00e1neos o a la investigaci\u00f3n en torno a las colecciones, su origen y su contexto hist\u00f3rico. En el apartado referente a la participaci\u00f3n de mujeres, destacan exposiciones como la organizada por el Museo Nacional de Cer\u00e1mica y Artes Suntuarias Gonz\u00e1lez Mart\u00ed en Valencia, Dona(n), cuyo objetivo era ense\u00f1ar el papel de las mujeres que, a trav\u00e9s de sus donaciones a lo largo de la historia, han contribuido a enriquecer las colecciones del museo. Por su parte, el Museo Nacional del Romanticismo organiz\u00f3 la exposici\u00f3n Retratadas. Estudios de mujeres que podr\u00e1 visitarse hasta el 25 de enero de 2026.\n    <\/p>\n<p class=\"article-text\">\n        En el \u00e1mbito de la creaci\u00f3n contempor\u00e1nea, a lo largo del a\u00f1o distintos museos de la red han acogido el proyecto Memoria, tejidos y museos. Los barrios bajos de la atenci\u00f3n en el que distintas creadoras revisaban los fondos textiles de los museos participantes desde una mirada actual. Adicionalmente, Museo Nacional de Antropolog\u00eda present\u00f3 en su sede el \u00faltimo trabajo, hecho exprofeso para el museo, de la artista americana Ayana V. Jackson en el marco del festival internacional de PHotoEspa\u00f1a.\n    <\/p>\n<p class=\"article-text\">\n        Adem\u00e1s, se han presentado exposiciones centradas en la puesta en valor de artistas como Javier de Juan. En el coraz\u00f3n de la ciudad en el Museo Nacional de Artes Decorativas de Madrid o Chillida. M\u00edstica y materia en el Museo Nacional de Escultura de Valladolid. En 2025 se ha celebrado, adem\u00e1s, el centenario de la Exposici\u00f3n del Traje Regional, hito que supuso el punto de partida de las colecciones del Museo del Traje. Centro de Investigaci\u00f3n del Patrimonio Etnol\u00f3gico. Para la ocasi\u00f3n, el museo organiz\u00f3 la exposici\u00f3n Ra\u00edces que ha podido disfrutarse hasta noviembre de 2025 y que ha estado acompa\u00f1ada de diversas actividades divulgativas y de car\u00e1cter cient\u00edfico.\n    <\/p>\n<p class=\"article-text\">\n        Por su parte, el Museo de Am\u00e9rica en Madrid ha activado una serie de intervenciones con la colaboraci\u00f3n de distintos colectivos, comunidades y profesionales que han dialogado con su exposici\u00f3n permanente bajo el nombre Tiempos subvertidos: interferencias en el espacio\/tiempo del museo. Este museo ha prestado especial atenci\u00f3n a los b\u00facaros de Indias como fen\u00f3meno cultural y est\u00e9tico global, albergando una de las colecciones m\u00e1s importantes y antiguas del mundo.\n    <\/p>\n<p>    <a href=\"https:\/\/www.eldiario.es\/cultura\/cine\/asistenta-penoso-thriller-domestico-sydney-sweeney-juega-complicidad-acritica-publico_129_12874867.html\" data-mrf-recirculation=\"saber-mas-abajo\" data-dl-event=\"saber-mas-abajo\" rel=\"nofollow noopener\" target=\"_blank\"><\/p>\n<p class=\"know-more__title\">\u2018La asistenta\u2019, un penoso thriller dom\u00e9stico donde Sydney Sweeney se lo juega todo a la complicidad acr\u00edtica del p\u00fablico<\/p>\n<p>            <img decoding=\"async\" class=\"lazy\" loading=\"lazy\" data-src=\"https:\/\/static.eldiario.es\/clip\/69fe7ad7-4e87-4d27-a267-3c6e533bf888_16-9-aspect-ratio_default_0_x568y217.jpg\" src=\"data:image\/svg+xml,%3Csvg xmlns=\" http:=\"\" viewbox=\"0 0 880 495\" alt=\"\u2018La asistenta\u2019, un penoso thriller dom\u00e9stico donde Sydney Sweeney se lo juega todo a la complicidad acr\u00edtica del p\u00fablico\"\/><\/p>\n<p>                        <\/a><\/p>\n<p class=\"article-text\">\n        El Museo del Greco en Toledo, con su propuesta Maniera, ha realizado un recorrido por la pintura toledana del siglo XVI que podr\u00e1 visitarse hasta febrero de 2026. En el marco de esta exposici\u00f3n, El Tr\u00e1nsito de la Virgen, obra de Juan Correa de Vivar, procedente del Museo Nacional del Prado, regresa a la Sinagoga del Tr\u00e1nsito (Museo Sefard\u00ed), su lugar original, casi dos siglos despu\u00e9s. Adem\u00e1s, tras el \u00e9xito de El Egipto de Eduard Toda, el Museo Arqueol\u00f3gico Nacional ha cerrado el a\u00f1o con una gran muestra que podr\u00e1 visitarse en los primeros meses de 2026, y que trae a nuestro pa\u00eds piezas excepcionales del patrimonio mexicano: La mitad del mundo. La mujer en el M\u00e9xico ind\u00edgena. El \u00e1mbito humano.\n    <\/p>\n","protected":false},"excerpt":{"rendered":"Los museos gestionados por el Ministerio de Cultura, que engloban el Museo Nacional del Prado, el Museo Nacional&hellip;\n","protected":false},"author":2,"featured_media":322325,"comment_status":"","ping_status":"","sticky":false,"template":"","format":"standard","meta":{"footnotes":""},"categories":[173],"tags":[1554,1153,11539,229,233,231,230,232,234,146,147,25,24,1903,5137,4724,470,16126,23,5378,19329],"class_list":{"0":"post-322324","1":"post","2":"type-post","3":"status-publish","4":"format-standard","5":"has-post-thumbnail","7":"category-arte-y-diseno","8":"tag-1554","9":"tag-1153","10":"tag-alcanza","11":"tag-arte","12":"tag-arte-y-diseno","13":"tag-arts","14":"tag-arts-and-design","15":"tag-design","16":"tag-diseno","17":"tag-entertainment","18":"tag-entretenimiento","19":"tag-es","20":"tag-espana","21":"tag-historico","22":"tag-maximo","23":"tag-millones","24":"tag-museo","25":"tag-prado","26":"tag-spain","27":"tag-supera","28":"tag-visitantes"},"share_on_mastodon":{"url":"https:\/\/pubeurope.com\/@es\/115836518547355207","error":""},"_links":{"self":[{"href":"https:\/\/www.europesays.com\/es\/wp-json\/wp\/v2\/posts\/322324","targetHints":{"allow":["GET"]}}],"collection":[{"href":"https:\/\/www.europesays.com\/es\/wp-json\/wp\/v2\/posts"}],"about":[{"href":"https:\/\/www.europesays.com\/es\/wp-json\/wp\/v2\/types\/post"}],"author":[{"embeddable":true,"href":"https:\/\/www.europesays.com\/es\/wp-json\/wp\/v2\/users\/2"}],"replies":[{"embeddable":true,"href":"https:\/\/www.europesays.com\/es\/wp-json\/wp\/v2\/comments?post=322324"}],"version-history":[{"count":0,"href":"https:\/\/www.europesays.com\/es\/wp-json\/wp\/v2\/posts\/322324\/revisions"}],"wp:featuredmedia":[{"embeddable":true,"href":"https:\/\/www.europesays.com\/es\/wp-json\/wp\/v2\/media\/322325"}],"wp:attachment":[{"href":"https:\/\/www.europesays.com\/es\/wp-json\/wp\/v2\/media?parent=322324"}],"wp:term":[{"taxonomy":"category","embeddable":true,"href":"https:\/\/www.europesays.com\/es\/wp-json\/wp\/v2\/categories?post=322324"},{"taxonomy":"post_tag","embeddable":true,"href":"https:\/\/www.europesays.com\/es\/wp-json\/wp\/v2\/tags?post=322324"}],"curies":[{"name":"wp","href":"https:\/\/api.w.org\/{rel}","templated":true}]}}