{"id":32249,"date":"2025-08-07T19:35:07","date_gmt":"2025-08-07T19:35:07","guid":{"rendered":"https:\/\/www.europesays.com\/es\/32249\/"},"modified":"2025-08-07T19:35:07","modified_gmt":"2025-08-07T19:35:07","slug":"el-base-jordan-walker-refuerza-al-lucentum","status":"publish","type":"post","link":"https:\/\/www.europesays.com\/es\/32249\/","title":{"rendered":"EL base Jordan Walker refuerza al Lucentum"},"content":{"rendered":"<p class=\"ft-text ft-helper-closenews\">El Lucentum Alicante suma m\u00e1s talento para el per\u00edmetro del proyecto 25\/26. El combo estadounidense,<strong> Jordan Walker<\/strong>, ha firmado su contrato con el club y refuerza la l\u00ednea exterior alicantina. Walker tiene 27 a\u00f1os, 185 cm, y ha sorprendido con sus n\u00fameros y su competitividad en el estreno en Primera FEB con el Caja Rural CB Zamora.<\/p>\n<p class=\"ft-text\">El jugador del Lucentum, que<strong> se adapta a las posiciones de escolta y base<\/strong>, ha promediado 14,7 puntos, 2,6 rebotes y 2,2 asistencias la pasada temporada.<\/p>\n<p class=\"ft-text\">Antes de su llegada a Espa\u00f1a, Walker <strong>destac\u00f3 en todas las Ligas que jug\u00f3<\/strong>: Alemania, B\u00e9lgica, Liga Adri\u00e1tica y Hungr\u00eda. El combo lucentino inici\u00f3 su andadura en Europa en la temporada 21\/22 en la Bundesliga alemana, con el Hamburg Towers, y el SC Rist Wedel, donde brill\u00f3 con 20,9 puntos, 3,9 rebotes y 2,2 asistencias por partido. En la 22\/23 jug\u00f3 en la Liga BNXT, en el Okapi Aalstar y firm\u00f3 16,9 puntos, 3,5 rebotes y 3,1 asistencias. Tambi\u00e9n ha militado en FMP SoccerBet de la Liga Adri\u00e1tica y en NKA Pecs de la Primera Divisi\u00f3n h\u00fangara, antes de llegar a Zamora. En Hungr\u00eda promedi\u00f3 14,7 puntos, 2,6 rebotes y 2,0 asistencias.<\/p>\n<p class=\"ft-text\">Walker naci\u00f3 en Indian\u00e1polis (19\/10\/1997), jug\u00f3 en High School con Cathedral Fightiing Iris de su ciudad y con los Morehead State Eagles en el baloncesto universitario. En su periplo en la Liga universitaria estuvo cuatro temporadas (2016\/2017 a 2019\/2020) con un promedio de 11,9 puntos, 3,1 rebotes y 2,2 asistencias por encuentro.<\/p>\n<p class=\"ft-text\">Jordan Walker es la sexta incorporaci\u00f3n del proyecto del Lucentum de la temporada 25\/26, tras las renovaciones de Mwema y <a class=\"ft-link ft-link--decoration\" href=\"https:\/\/www.informacion.es\/deportes\/2025\/08\/01\/kevin-larsen-renueva-temporada-hla-120270304.html\" rel=\"nofollow noopener\" target=\"_blank\">Kevin Larsen<\/a>, y los fichajes de <a class=\"ft-link ft-link--decoration\" href=\"https:\/\/www.informacion.es\/deportes\/2025\/07\/26\/alero-alicantino-alex-jorda-suma-120085830.html\" rel=\"nofollow noopener\" target=\"_blank\">\u00c1lex Jord\u00e1<\/a>, <a class=\"ft-link ft-link--decoration\" href=\"https:\/\/www.informacion.es\/deportes\/2025\/07\/31\/brad-davison-vuelve-hla-alicante-120244636.html\" rel=\"nofollow noopener\" target=\"_blank\">Brad Davison<\/a> y <a class=\"ft-link ft-link--decoration\" href=\"https:\/\/www.informacion.es\/deportes\/2025\/07\/24\/hla-alicante-ficha-base-hispano-120034083.html\" rel=\"nofollow noopener\" target=\"_blank\">Mike Torres<\/a>.<\/p>\n<p data-close=\"closedContent\" class=\"subscribeHideForDisplay\">Suscr\u00edbete para seguir leyendo<\/p>\n","protected":false},"excerpt":{"rendered":"El Lucentum Alicante suma m\u00e1s talento para el per\u00edmetro del proyecto 25\/26. El combo estadounidense, Jordan Walker, ha&hellip;\n","protected":false},"author":2,"featured_media":32250,"comment_status":"","ping_status":"","sticky":false,"template":"","format":"standard","meta":{"footnotes":""},"categories":[269],"tags":[299,5715,298,168,25,24,3957,16415,2918,4994,3703,23,167,16736,2946],"class_list":{"0":"post-32249","1":"post","2":"type-post","3":"status-publish","4":"format-standard","5":"has-post-thumbnail","7":"category-baloncesto","8":"tag-baloncesto","9":"tag-base","10":"tag-basketball","11":"tag-deportes","12":"tag-es","13":"tag-espana","14":"tag-hungria","15":"tag-jordan","16":"tag-la-liga","17":"tag-lucentum","18":"tag-refuerza","19":"tag-spain","20":"tag-sports","21":"tag-walker","22":"tag-zamora"},"share_on_mastodon":{"url":"","error":""},"_links":{"self":[{"href":"https:\/\/www.europesays.com\/es\/wp-json\/wp\/v2\/posts\/32249","targetHints":{"allow":["GET"]}}],"collection":[{"href":"https:\/\/www.europesays.com\/es\/wp-json\/wp\/v2\/posts"}],"about":[{"href":"https:\/\/www.europesays.com\/es\/wp-json\/wp\/v2\/types\/post"}],"author":[{"embeddable":true,"href":"https:\/\/www.europesays.com\/es\/wp-json\/wp\/v2\/users\/2"}],"replies":[{"embeddable":true,"href":"https:\/\/www.europesays.com\/es\/wp-json\/wp\/v2\/comments?post=32249"}],"version-history":[{"count":0,"href":"https:\/\/www.europesays.com\/es\/wp-json\/wp\/v2\/posts\/32249\/revisions"}],"wp:featuredmedia":[{"embeddable":true,"href":"https:\/\/www.europesays.com\/es\/wp-json\/wp\/v2\/media\/32250"}],"wp:attachment":[{"href":"https:\/\/www.europesays.com\/es\/wp-json\/wp\/v2\/media?parent=32249"}],"wp:term":[{"taxonomy":"category","embeddable":true,"href":"https:\/\/www.europesays.com\/es\/wp-json\/wp\/v2\/categories?post=32249"},{"taxonomy":"post_tag","embeddable":true,"href":"https:\/\/www.europesays.com\/es\/wp-json\/wp\/v2\/tags?post=32249"}],"curies":[{"name":"wp","href":"https:\/\/api.w.org\/{rel}","templated":true}]}}