{"id":322577,"date":"2026-01-04T14:42:08","date_gmt":"2026-01-04T14:42:08","guid":{"rendered":"https:\/\/www.europesays.com\/es\/322577\/"},"modified":"2026-01-04T14:42:08","modified_gmt":"2026-01-04T14:42:08","slug":"el-ojo-critico-francois-ozon-y-su-version-de-el-extranjero-de-camus","status":"publish","type":"post","link":"https:\/\/www.europesays.com\/es\/322577\/","title":{"rendered":"El ojo cr\u00edtico &#8211; Fran\u00e7ois Ozon y su versi\u00f3n de &#8216;El extranjero&#8217; de Camus"},"content":{"rendered":"<p>              <strong>TP<\/strong><\/p>\n<p>Nos adentramos con Guillermo Busutil en la &#8216;Ventana del Nautilus&#8217; para hablar del estreno de la pel\u00edcula de Francois Ozon &#8216;El extranjero&#8217;, basada en la famosa novela hom\u00f3nima de Albert Camus, la primera que escribi\u00f3 el autor.  Antes, el escritor Adolfo Garc\u00eda Ortega nos acompa\u00f1a para conversar sobre su \u00faltima novela &#8216;Madre mujer muerta&#8217;, una historia que se desarrolla en la Castilla de finales del SXIX pero que est\u00e1 cargada de actualidad. Adem\u00e1s, Susana Santaolalla repasa las principales obras que vamos a poder encontrar en las librer\u00edas en los pr\u00f3ximos meses y Olga Baeza nos habla de la exposici\u00f3n &#8216;Chez Matisse&#8217; en el Caixa Forum.  <\/p>\n","protected":false},"excerpt":{"rendered":"TP Nos adentramos con Guillermo Busutil en la &#8216;Ventana del Nautilus&#8217; para hablar del estreno de la pel\u00edcula&hellip;\n","protected":false},"author":2,"featured_media":322578,"comment_status":"","ping_status":"","sticky":false,"template":"","format":"standard","meta":{"footnotes":""},"categories":[91],"tags":[8519,146,147,25,24,74952,133,1448,1986,1987,23],"class_list":{"0":"post-322577","1":"post","2":"type-post","3":"status-publish","4":"format-standard","5":"has-post-thumbnail","7":"category-entretenimiento","8":"tag-el-ojo-critico","9":"tag-entertainment","10":"tag-entretenimiento","11":"tag-es","12":"tag-espana","13":"tag-francois-ozon-y-su-version-de-el-extranjero-de-camus","14":"tag-online","15":"tag-radio","16":"tag-rne","17":"tag-rtve-play","18":"tag-spain"},"share_on_mastodon":{"url":"https:\/\/pubeurope.com\/@es\/115837360438469916","error":""},"_links":{"self":[{"href":"https:\/\/www.europesays.com\/es\/wp-json\/wp\/v2\/posts\/322577","targetHints":{"allow":["GET"]}}],"collection":[{"href":"https:\/\/www.europesays.com\/es\/wp-json\/wp\/v2\/posts"}],"about":[{"href":"https:\/\/www.europesays.com\/es\/wp-json\/wp\/v2\/types\/post"}],"author":[{"embeddable":true,"href":"https:\/\/www.europesays.com\/es\/wp-json\/wp\/v2\/users\/2"}],"replies":[{"embeddable":true,"href":"https:\/\/www.europesays.com\/es\/wp-json\/wp\/v2\/comments?post=322577"}],"version-history":[{"count":0,"href":"https:\/\/www.europesays.com\/es\/wp-json\/wp\/v2\/posts\/322577\/revisions"}],"wp:featuredmedia":[{"embeddable":true,"href":"https:\/\/www.europesays.com\/es\/wp-json\/wp\/v2\/media\/322578"}],"wp:attachment":[{"href":"https:\/\/www.europesays.com\/es\/wp-json\/wp\/v2\/media?parent=322577"}],"wp:term":[{"taxonomy":"category","embeddable":true,"href":"https:\/\/www.europesays.com\/es\/wp-json\/wp\/v2\/categories?post=322577"},{"taxonomy":"post_tag","embeddable":true,"href":"https:\/\/www.europesays.com\/es\/wp-json\/wp\/v2\/tags?post=322577"}],"curies":[{"name":"wp","href":"https:\/\/api.w.org\/{rel}","templated":true}]}}