{"id":322634,"date":"2026-01-04T15:28:08","date_gmt":"2026-01-04T15:28:08","guid":{"rendered":"https:\/\/www.europesays.com\/es\/322634\/"},"modified":"2026-01-04T15:28:08","modified_gmt":"2026-01-04T15:28:08","slug":"adolfo-garcia-ortega-y-su-libro-madre-mujer-muerta","status":"publish","type":"post","link":"https:\/\/www.europesays.com\/es\/322634\/","title":{"rendered":"Adolfo Garc\u00eda Ortega y su libro &#8216;Madre mujer muerta&#8217;"},"content":{"rendered":"<p>              <strong>TP<\/strong><\/p>\n<p>\u00c1ngeles Caso conversa en El ojo cr\u00edtico con <strong>Adolfo Garc\u00eda Ortega<\/strong>, un escritor con una extensa trayectoria que en 2025 public\u00f3 su \u00faltima novela, &#8216;Madre mujer muerta&#8217;. Entre sus obras, premiadas en varias ocasiones y traducidas a distintas lenguas, destacan algunas como &#8216;El comprador de aniversarios&#8217;, &#8216;El evangelista&#8217; o &#8216;Una tumba en el aire&#8217;. Adem\u00e1s, ha sido editor, articulista y traductor, un arte en el que se inici\u00f3 durante su juventud, cuando empez\u00f3 a traducir al franc\u00e9s Roland Barthes, al que define como su maestro. <\/p>\n","protected":false},"excerpt":{"rendered":"TP \u00c1ngeles Caso conversa en El ojo cr\u00edtico con Adolfo Garc\u00eda Ortega, un escritor con una extensa trayectoria&hellip;\n","protected":false},"author":2,"featured_media":322635,"comment_status":"","ping_status":"","sticky":false,"template":"","format":"standard","meta":{"footnotes":""},"categories":[91],"tags":[74959,8519,146,147,25,24,133,1448,1986,1987,23],"class_list":{"0":"post-322634","1":"post","2":"type-post","3":"status-publish","4":"format-standard","5":"has-post-thumbnail","7":"category-entretenimiento","8":"tag-adolfo-garcia-ortega-y-su-libro-madre-mujer-muerta","9":"tag-el-ojo-critico","10":"tag-entertainment","11":"tag-entretenimiento","12":"tag-es","13":"tag-espana","14":"tag-online","15":"tag-radio","16":"tag-rne","17":"tag-rtve-play","18":"tag-spain"},"share_on_mastodon":{"url":"https:\/\/pubeurope.com\/@es\/115837541257748718","error":""},"_links":{"self":[{"href":"https:\/\/www.europesays.com\/es\/wp-json\/wp\/v2\/posts\/322634","targetHints":{"allow":["GET"]}}],"collection":[{"href":"https:\/\/www.europesays.com\/es\/wp-json\/wp\/v2\/posts"}],"about":[{"href":"https:\/\/www.europesays.com\/es\/wp-json\/wp\/v2\/types\/post"}],"author":[{"embeddable":true,"href":"https:\/\/www.europesays.com\/es\/wp-json\/wp\/v2\/users\/2"}],"replies":[{"embeddable":true,"href":"https:\/\/www.europesays.com\/es\/wp-json\/wp\/v2\/comments?post=322634"}],"version-history":[{"count":0,"href":"https:\/\/www.europesays.com\/es\/wp-json\/wp\/v2\/posts\/322634\/revisions"}],"wp:featuredmedia":[{"embeddable":true,"href":"https:\/\/www.europesays.com\/es\/wp-json\/wp\/v2\/media\/322635"}],"wp:attachment":[{"href":"https:\/\/www.europesays.com\/es\/wp-json\/wp\/v2\/media?parent=322634"}],"wp:term":[{"taxonomy":"category","embeddable":true,"href":"https:\/\/www.europesays.com\/es\/wp-json\/wp\/v2\/categories?post=322634"},{"taxonomy":"post_tag","embeddable":true,"href":"https:\/\/www.europesays.com\/es\/wp-json\/wp\/v2\/tags?post=322634"}],"curies":[{"name":"wp","href":"https:\/\/api.w.org\/{rel}","templated":true}]}}