{"id":322719,"date":"2026-01-04T16:39:08","date_gmt":"2026-01-04T16:39:08","guid":{"rendered":"https:\/\/www.europesays.com\/es\/322719\/"},"modified":"2026-01-04T16:39:08","modified_gmt":"2026-01-04T16:39:08","slug":"el-maravilloso-mundo-de-amazon-un-vision-critica-y-grafica-de-la-criatura-de-bezos","status":"publish","type":"post","link":"https:\/\/www.europesays.com\/es\/322719\/","title":{"rendered":"&#8216;El maravilloso mundo de Amazon&#8217;, un visi\u00f3n cr\u00edtica y gr\u00e1fica de la &#8216;criatura&#8217; de Bezos"},"content":{"rendered":"<p class=\"mb-4 text-lg md:leading-8 break-words\">Barcelona, 4 ene (EFE).- En tiempo de compras y regalos, Amazon, la \u00abmultinacional de la sonrisa\u00bb es para muchos como un cuarto rey mago, la plataforma de comercio electr\u00f3nico a la que un combo de periodistas y dibujantes de c\u00f3mics franceses ha dedicado un revelador volumen sobre la \u00abvoracidad\u00bb de la &#8216;criatura&#8217; de Jeff Bezos.<\/p>\n<p class=\"mb-4 text-lg md:leading-8 break-words\">&#8216;El maravilloso mundo de Amazon&#8217; (Norma) es el ir\u00f3nico titulo de este compendio de historietas y art\u00edculos gr\u00e1ficos de no ficci\u00f3n que analiza y disecciona la actividad y el &#8216;modus operandi&#8217; comercial y laboral de esta empresa creada en 1994, que ha revolucionado la venta planetaria &#8216;online&#8217;, antes de extender sus tent\u00e1culos a otros \u00e1mbitos tecnol\u00f3gicos, de la comunicaci\u00f3n o del ocio.<\/p>\n<p class=\"mb-4 text-lg md:leading-8 break-words\">Una obra de an\u00e1lisis en vi\u00f1etas, que demuestra la capacidad narrativa del medio para abordar asuntos \u00abserios\u00bb, surgida de la colaboraci\u00f3n entre la revista La revue dessin\u00e9e y el peri\u00f3dico digital participativo Mediapart, que en su versi\u00f3n espa\u00f1ola incluye adem\u00e1s un pr\u00f3logo del escritor Jorge Carri\u00f3n.<\/p>\n<p class=\"mb-4 text-lg md:leading-8 break-words\">El espa\u00f1ol Carri\u00f3n remarca en la introducci\u00f3n el poder de la compa\u00f1\u00eda de Bezos, impulsor de un modelo de negocio, dice, que casi ha derogado los derechos laborales de sus centros log\u00edsticos (verdadera piedra de toque de la compa\u00f1\u00eda) y del reparto de mercanc\u00edas, basado en \u00abuna nueva \u00e9tica del trabajo\u00bb y en su inversi\u00f3n lobista para presionar a pol\u00edticos en los centros de poder.<\/p>\n<p class=\"mb-4 text-lg md:leading-8 break-words\">\u00abLa automatizaci\u00f3n humana (&#8230;), que ahora va a permitirle suplantar a gran parte de sus trabajadores por robots y drones\u00bb, indica Carri\u00f3n.<\/p>\n<p class=\"mb-4 text-lg md:leading-8 break-words\">Es autor a su vez de &#8216;Contra Amazon&#8217; (Galaxia Gutenberg), un ensayo sobre la repercusi\u00f3n que la compa\u00f1\u00eda ha tenido en el sector de las librer\u00edas y el sector del libro en general.<\/p>\n<p class=\"mb-4 text-lg md:leading-8 break-words\">Aunque &#8216;El maravilloso mundo de Amazon&#8217; se centra en la actividad de la empresa en Par\u00eds y el resto de Francia, la panor\u00e1mica que ofrece de su funcionamiento, con datos escrupulosos de su precisa maquinaria econ\u00f3mica y de ingenier\u00eda fiscal o de las extenuantes rutinas de trabajo en sus almacenes y transportistas a domicilio, es aplicable a la mayor\u00eda de los territorios en los que opera.<\/p>\n<p><img alt=\"\" loading=\"lazy\" width=\"948\" height=\"856\" decoding=\"async\" data-nimg=\"1\" class=\"rounded-lg\" style=\"color:transparent\" src=\"https:\/\/www.europesays.com\/es\/wp-content\/uploads\/2026\/01\/15830e53ed0c63006d111c492b13968f.jpeg\"\/><\/p>\n<p class=\"mb-4 text-lg md:leading-8 break-words\">El libro se abre con un reportaje de la periodista Martine Orange y el dibujante Vincent Sorel sobre c\u00f3mo el ambicioso Jeff Bezos se ha aupado, en poco m\u00e1s de treinta a\u00f1os, y desde una peque\u00f1a librer\u00eda digital, al podio de los hombres m\u00e1s ricos del mundo, en disputa con Elon Musk (Tesla) o Marc Zuckerberg (Meta).<\/p>\n<p class=\"mb-4 text-lg md:leading-8 break-words\">Un modelo \u00abdestructivo\u00bb del comercio tradicional<\/p>\n<p class=\"mb-4 text-lg md:leading-8 break-words\">Un imperio valorado en 177.000 millones de d\u00f3lares (datos de 2022) que, como apuntan los autores -que califican a Bezos de \u00abse\u00f1or del tecnofeudalismo\u00bb- hace que forme parte de las GAFAM (Google, Apple, Facebook, Amazon y Microsoft), acr\u00f3nimo que \u00abdesigna a las multinacionales tecnol\u00f3gicas que dominan el mundo\u00bb.<\/p>\n<p class=\"mb-4 text-lg md:leading-8 break-words\">Junto a sus deseos, algo megaloman\u00edacos, de crear estaciones espaciales, en una nueva carrera sin banderas nacionales, pero s\u00ed con logotipos corporativos (Blue Origin, es la empresa de Bezos), el libro repasa las pr\u00e1cticas comerciales del grupo Amazon y de la cadena log\u00edstica o su combate de las leyes antimonopolio que podr\u00edan poner en riesgo el exitoso imperio.<\/p>\n<p class=\"mb-4 text-lg md:leading-8 break-words\">Un modelo que, se\u00f1alan Orange y Sorel, \u00abdestruye el comercio de proximidad y pone a muchos productores grandes y peque\u00f1os a su merced\u00bb, lo que ha llevado a gobiernos de varios pa\u00edses a multar a Amazon por su posici\u00f3n dominante.<\/p>\n<p class=\"mb-4 text-lg md:leading-8 break-words\">La creaci\u00f3n de Amazon Web Services, plataforma inform\u00e1tica de la nube que almacenan los valiosos datos personales de los clientes, y que permite su comercializaci\u00f3n para servicios de m\u00e1rketing, la compra de los estudios de la MGM (y su cat\u00e1logo) o de cabeceras como The Washington Post, son otras de las piezas de la diversificaci\u00f3n del grupo creado por el \u00ablibertario\u00bb Bezos.<\/p>\n<p class=\"mb-4 text-lg md:leading-8 break-words\">Tambi\u00e9n desvela los intentos de la compa\u00f1\u00eda de limpiar su imagen p\u00fablica con acciones de &#8216;greenwashing&#8217; (&#8216;ecopostureo&#8217;) con las que camuflar su apuesta decidida por el \u00abarte del consumo desmedido\u00bb.<\/p>\n<p class=\"mb-4 text-lg md:leading-8 break-words\">Sergio Andreu<\/p>\n<p class=\"mb-4 text-lg md:leading-8 break-words\">(c) Agencia EFE<\/p>\n","protected":false},"excerpt":{"rendered":"Barcelona, 4 ene (EFE).- En tiempo de compras y regalos, Amazon, la \u00abmultinacional de la sonrisa\u00bb es para&hellip;\n","protected":false},"author":2,"featured_media":322720,"comment_status":"","ping_status":"","sticky":false,"template":"","format":"standard","meta":{"footnotes":""},"categories":[80],"tags":[912,82,95,94,25,24,14373,23842,74970,99,23],"class_list":{"0":"post-322719","1":"post","2":"type-post","3":"status-publish","4":"format-standard","5":"has-post-thumbnail","7":"category-economia","8":"tag-amazon","9":"tag-business","10":"tag-economia","11":"tag-economy","12":"tag-es","13":"tag-espana","14":"tag-jeff-bezos","15":"tag-la-compania","16":"tag-los-hombres-mas-ricos-del-mundo","17":"tag-modelo-de-negocio","18":"tag-spain"},"share_on_mastodon":{"url":"https:\/\/pubeurope.com\/@es\/115837821334393922","error":""},"_links":{"self":[{"href":"https:\/\/www.europesays.com\/es\/wp-json\/wp\/v2\/posts\/322719","targetHints":{"allow":["GET"]}}],"collection":[{"href":"https:\/\/www.europesays.com\/es\/wp-json\/wp\/v2\/posts"}],"about":[{"href":"https:\/\/www.europesays.com\/es\/wp-json\/wp\/v2\/types\/post"}],"author":[{"embeddable":true,"href":"https:\/\/www.europesays.com\/es\/wp-json\/wp\/v2\/users\/2"}],"replies":[{"embeddable":true,"href":"https:\/\/www.europesays.com\/es\/wp-json\/wp\/v2\/comments?post=322719"}],"version-history":[{"count":0,"href":"https:\/\/www.europesays.com\/es\/wp-json\/wp\/v2\/posts\/322719\/revisions"}],"wp:featuredmedia":[{"embeddable":true,"href":"https:\/\/www.europesays.com\/es\/wp-json\/wp\/v2\/media\/322720"}],"wp:attachment":[{"href":"https:\/\/www.europesays.com\/es\/wp-json\/wp\/v2\/media?parent=322719"}],"wp:term":[{"taxonomy":"category","embeddable":true,"href":"https:\/\/www.europesays.com\/es\/wp-json\/wp\/v2\/categories?post=322719"},{"taxonomy":"post_tag","embeddable":true,"href":"https:\/\/www.europesays.com\/es\/wp-json\/wp\/v2\/tags?post=322719"}],"curies":[{"name":"wp","href":"https:\/\/api.w.org\/{rel}","templated":true}]}}