{"id":322721,"date":"2026-01-04T16:40:07","date_gmt":"2026-01-04T16:40:07","guid":{"rendered":"https:\/\/www.europesays.com\/es\/322721\/"},"modified":"2026-01-04T16:40:07","modified_gmt":"2026-01-04T16:40:07","slug":"los-antecedentes-en-america-latina-del-ataque-estadounidense-a-venezuela","status":"publish","type":"post","link":"https:\/\/www.europesays.com\/es\/322721\/","title":{"rendered":"Los antecedentes en Am\u00e9rica Latina del ataque estadounidense a Venezuela"},"content":{"rendered":"<p>Est\u00e1 de moda estos d\u00edas escribir sobre la Doctrina Monroe, formulada en 1823 por <a href=\"https:\/\/www.biografiasyvidas.com\/biografia\/m\/monroe_james.htm\" rel=\"nofollow noopener\" target=\"_blank\">James Monroe<\/a>, el quinto presidente de los Estados Unidos, que advert\u00eda contra la colonizaci\u00f3n o intervenci\u00f3n las nuevas naciones americanas y proclamaba: \u201cAm\u00e9rica para los americanos\u201d. Y hay motivos para ello.<\/p>\n<p>La extracci\u00f3n del presidente venezolano Nicol\u00e1s Maduro por parte de fuerzas especiales estadounidenses el 3 de enero de 2026 es una nueva fase de la vieja doctrina Monroe. Ahora, esta pol\u00edtica exterior se enmarca en el <a href=\"https:\/\/www.whitehouse.gov\/wp-content\/uploads\/2025\/12\/2025-National-Security-Strategy.pdf\" rel=\"nofollow noopener\" target=\"_blank\">reposicionamiento geoestrat\u00e9gico<\/a> estadounidense para hacerse de nuevo con el control de su regi\u00f3n y, sobre todo, para que el petr\u00f3leo venezolano <a href=\"https:\/\/www.trtespanol.com\/article\/a5b9093f4291\" rel=\"nofollow noopener\" target=\"_blank\">no siga fluyendo hacia Rusia y China<\/a>. <\/p>\n<p>Esp\u00edritu expansionista<\/p>\n<p>Tras la independencia de <a href=\"https:\/\/es.wikipedia.org\/wiki\/Trece_Colonias\" rel=\"nofollow noopener\" target=\"_blank\">sus trece colonias fundacionales<\/a>, en 1770, Estados Unidos tuvo la necesidad de un espacio de influencia que garantizase el futuro expansionista de un proyecto pol\u00edtico que iba m\u00e1s all\u00e1 de la separaci\u00f3n de Inglaterra.<\/p>\n<p>Si en un principio no hubo un af\u00e1n imperialista, poco despu\u00e9s comenz\u00f3 la ocupaci\u00f3n de tierras para la agricultura, ganando territorios a los ind\u00edgenas (y tambi\u00e9n a los colonizadores franceses). La acumulaci\u00f3n de capital, la naciente industrializaci\u00f3n y la doctrina del <a href=\"https:\/\/elordenmundial.com\/que-es-doctrina-destino-manifiesto\/\" rel=\"nofollow noopener\" target=\"_blank\">\u201cDestino manifiesto\u201d<\/a> (que les faculta para ir ganando terreno al oeste de su territorio) fructifican y fortalecen un ideal de expansi\u00f3n constante. <\/p>\n<p>Luego, la debilidad institucional, social y pol\u00edtica de M\u00e9xico <a href=\"https:\/\/www.cndh.org.mx\/noticia\/se-firma-el-tratado-de-guadalupe-hidalgo-por-el-que-mexico-pierde-ante-estados-unidos-los\" rel=\"nofollow noopener\" target=\"_blank\">permiti\u00f3 la colonizaci\u00f3n<\/a> de Texas, California y otros territorios del antiguo virreinato de Nueva Espa\u00f1a por parte de Estados Unidos.<\/p>\n<p>Imperialismo estadounidense en Am\u00e9rica<\/p>\n<p>El relato imperialista de EE.\u00a0UU. ha ido cambiando con el discurrir de la historia. Un argumento \u00fatil para expoliar a M\u00e9xico a principios del XIX fue la defensa de los derechos de sus colonos y del libre comercio. El marco doctrinal <a href=\"https:\/\/elordenmundial.com\/que-fue-doctrina-monroe\/\" rel=\"nofollow noopener\" target=\"_blank\">formulado inicialmente por Monroe<\/a> pretend\u00eda el \u201cnoble\u201d objetivo de evitar que las potencias europeas mantuviesen su hegemon\u00eda en la regi\u00f3n, una vez desaparecido el dominio colonial.<\/p>\n<p>Nada m\u00e1s loable que dejar que los pa\u00edses americanos rigiesen su nuevo futuro. Pero, en ese escenario, las islas de Cuba, Puerto Rico y Filipinas segu\u00edan representando la presencia europea en lo que ya Estados Unidos consideraba su espacio vital. <\/p>\n<p><a href=\"https:\/\/dialnet.unirioja.es\/servlet\/libro?codigo=815644\" rel=\"nofollow noopener\" target=\"_blank\">La guerra hispano-estadounidense<\/a> de 1898, a cuenta de la independencia de Cuba, marc\u00f3 el fin del siglo XIX. Si ya entonces Estados Unidos se postulaba como candidato al dominio global, a\u00fan deb\u00eda demostrar su control sobre su espacio circundante. La presunta independencia de Cuba <a href=\"https:\/\/dialnet.unirioja.es\/servlet\/articulo?codigo=5141745\" rel=\"nofollow noopener\" target=\"_blank\">fue un primer ejemplo de control pol\u00edtico e institucional<\/a> sobre un pa\u00eds a trav\u00e9s de sus instituciones y de su propia Constituci\u00f3n. <\/p>\n<p>Ocho a\u00f1os despu\u00e9s del estallido de la guerra de independencia de Cuba, la situaci\u00f3n pol\u00edtica de la isla no era del todo favorable a las aspiraciones estadounidenses y <a href=\"https:\/\/es.wikipedia.org\/wiki\/Segundo_gobierno_militar_estadounidense_en_Cuba\" rel=\"nofollow noopener\" target=\"_blank\">por ello la ocuparon nuevamente<\/a>. En  ese mismo per\u00edodo, apoyaron que Panam\u00e1, entonces un departamento colombiano, se separase de Colombia. As\u00ed favorecieron <a href=\"https:\/\/history.state.gov\/milestones\/1899-1913\/panama-canal\" rel=\"nofollow noopener\" target=\"_blank\">la construcci\u00f3n del canal bajo su hegemon\u00eda<\/a>.<\/p>\n<p>En 1916, y hasta 1924, ocuparon militarmente la Rep\u00fablica Dominicana con el argumento del incumplimiento de pagos. El objetivo real era <a href=\"https:\/\/vanguardiadelpueblo.do\/1916\/11\/29\/estados-unidos-proclama-gobierno-de-ocupacion-en-republica-dominicana\/\" rel=\"nofollow noopener\" target=\"_blank\">sofocar un movimiento insurgente<\/a> que pretend\u00eda establecer un r\u00e9gimen fuera del control comercial y pol\u00edtico de EE.\u00a0UU. Los marines estadounidenses <a href=\"https:\/\/www.zendalibros.com\/estados-unidos-invade-republica-dominicana\/\" rel=\"nofollow noopener\" target=\"_blank\">volver\u00edan en 1965<\/a>, tras el asesinato del dictador Trujillo, para garantizar la estabilidad del pa\u00eds. <\/p>\n<p>De nuevo la protecci\u00f3n de sus intereses y ahuyentar la influencia europea sirvieron de excusa para <a href=\"https:\/\/es.wikipedia.org\/wiki\/Ocupaci%C3%B3n_estadounidense_de_Hait%C3%AD\" rel=\"nofollow noopener\" target=\"_blank\">ocupar militarmente Hait\u00ed<\/a> desde 1915 hasta 1934, y <a href=\"https:\/\/www.studocu.com\/latam\/document\/pontificia-universidad-catolica-madre-y-maestra\/historia-de-la-cultura-occidental\/ocupacion-militar-de-nicaragua-1912-1932\/27990179\" rel=\"nofollow noopener\" target=\"_blank\">Nicaragua desde 1912 hasta 1933<\/a>, con el objetivo de proteger un presunto proyecto de canal.<\/p>\n<p>Tras este per\u00edodo de intenso intervencionismo militar en \u201cla Am\u00e9rica para los americanos\u201d, vino un cierto relajamiento ocasionado por la participaci\u00f3n estadounidense en la Segunda Guerra Mundial.<\/p>\n<p>Imperialismo en tiempos de Guerra Fr\u00eda<\/p>\n<p>La Guerra Fr\u00eda abri\u00f3 una nueva etapa en la que mostrar la hegemon\u00eda estadounidense en su <a href=\"https:\/\/es.wikipedia.org\/wiki\/Patio_trasero_de_Estados_Unidos\" rel=\"nofollow noopener\" target=\"_blank\">\u201cpatio trasero\u201d<\/a>. En 1954, <a href=\"https:\/\/www.scielo.org.ar\/scielo.php?script=sci_arttext&amp;pid=S1851-37352015000100001\" rel=\"nofollow noopener\" target=\"_blank\">Jacobo \u00c1rbenz<\/a>, presidente democr\u00e1ticamente elegido en Guatemala, propici\u00f3 una reforma agraria contraria a los intereses de la United Fruit Company. Ese fue motivo suficiente para declararlo comunista y apoyar un golpe de estado orquestado por la CIA. <\/p>\n<p>En 1961, grupos de cubanos exiliados, armados por el gobierno de Estados Unidos, intentaron invadir la isla <a href=\"https:\/\/www.bbc.com\/mundo\/resources\/idt-b3e123dd-b5ae-4c62-8d43-9fd15bfef127\" rel=\"nofollow noopener\" target=\"_blank\">desembarcando en Bah\u00eda de Cochinos<\/a>.  Aunque fue un sonoro fracaso, la invasi\u00f3n supuso un nuevo empuje a la pol\u00edtica intervencionista estadounidense en Am\u00e9rica Latina, con el argumento de proteger sus intereses y evitar el comunismo cerca de sus fronteras.<\/p>\n<p>Cuatro a\u00f1os despu\u00e9s (1965) se produjo una nueva invasi\u00f3n militar en Rep\u00fablica Dominicana para evitar el triunfo de la izquierda. <\/p>\n<p>Sin necesidad de ocupaci\u00f3n militar, pero con el apoyo estrat\u00e9gico de una parte del ej\u00e9rcito de Chile, encabezado por el general Augusto Pinochet, en 1973 <a href=\"https:\/\/theconversation.com\/plan-condor-por-que-las-victimas-de-la-represion-que-arraso-sudamerica-siguen-luchando-por-la-justicia-189003\" rel=\"nofollow noopener\" target=\"_blank\">se puso fin al gobierno democr\u00e1tico de Salvador Allende<\/a>. El argumento fue, de nuevo, el peligro del triunfo del marxismo en la regi\u00f3n, aunque otro objetivo claro era la protecci\u00f3n de los intereses sobre el cobre de las empresas mineras estadounidenses. <\/p>\n<p>Diez a\u00f1os despu\u00e9s, en 1983, de nuevo el riesgo del marxismo sirvi\u00f3 como argumento para <a href=\"https:\/\/rumboalterno.net\/2021\/10\/la-invasion-de-granada-de-1983-una-leccion-para-la-historia\/\" rel=\"nofollow noopener\" target=\"_blank\">invadir la isla caribe\u00f1a de Granada<\/a>.<\/p>\n<p>El colof\u00f3n del siglo XX lo marc\u00f3 la invasi\u00f3n a Panam\u00e1 (<a href=\"https:\/\/elhistoriador.com.ar\/estados-unidos-invade-panama\/\" rel=\"nofollow noopener\" target=\"_blank\">Operaci\u00f3n Causa Justa<\/a>, 1989) con el objetivo de acabar con el dictador Manuel Noriega, al que EE.\u00a0UU. acusaba de favorecer el nacotr\u00e1fico.<\/p>\n<p>A estas intervenciones directas habr\u00eda que a\u00f1adir otras m\u00e1s taimadas, pero no menos evidentes: desde el apoyo a las dictaduras del Cono Sur en los setenta y los ochenta, al de los gobiernos autoritarios de Centroam\u00e9rica durante sus guerras civiles en ese mismo periodo.<\/p>\n<p>\u00bfPor qu\u00e9 Venezuela ahora?<\/p>\n<p>Cabe preguntarse por qu\u00e9 Estados Unidos ha tolerado un r\u00e9gimen dictatorial en Venezuela durante apenas un cuarto de siglo mientras que Cuba va ya para m\u00e1s de sesenta a\u00f1os de bloqueo sin una intervenci\u00f3n militar directa. Podr\u00eda decirse que durante la Guerra Fr\u00eda no era posible. Pero \u00bfy despu\u00e9s? La respuesta: Cuba no tiene petr\u00f3leo.<\/p>\n<p>    <strong><br \/>\n      Read more:<br \/>\n      <a href=\"https:\/\/theconversation.com\/venezuela-o-la-maldicion-de-los-recursos-naturales-155618\" rel=\"nofollow noopener\" target=\"_blank\">Venezuela o la maldici\u00f3n de los recursos naturales<\/a><br \/>\n    <\/strong><\/p>\n<p>A estas alturas ya nadie cree que la defensa de la democracia y los derechos humanos sean el eje vertebrador de estas acciones. Si as\u00ed fuera, hay muchos otros pa\u00edses con sus derechos mermados. Sin embargo, sus reg\u00edmenes no solo son legitimados sino que, adem\u00e1s, participan en acuerdos econ\u00f3micos, militares y pol\u00edticos con los Estados Unidos de Norteam\u00e9rica.<\/p>\n","protected":false},"excerpt":{"rendered":"Est\u00e1 de moda estos d\u00edas escribir sobre la Doctrina Monroe, formulada en 1823 por James Monroe, el quinto&hellip;\n","protected":false},"author":2,"featured_media":322722,"comment_status":"","ping_status":"","sticky":false,"template":"","format":"standard","meta":{"footnotes":""},"categories":[42],"tags":[17,18,13,14,11,61,62,63,64,19,20,9,10,15,16,12,21,22,65,66,67],"class_list":{"0":"post-322721","1":"post","2":"type-post","3":"status-publish","4":"format-standard","5":"has-post-thumbnail","7":"category-internacional","8":"tag-breaking-news","9":"tag-breakingnews","10":"tag-featured-news","11":"tag-featurednews","12":"tag-headlines","13":"tag-internacional","14":"tag-international","15":"tag-international-news","16":"tag-internationalnews","17":"tag-latest-news","18":"tag-latestnews","19":"tag-news","20":"tag-noticias","21":"tag-noticias-destacadas","22":"tag-noticiasdestacadas","23":"tag-titulares","24":"tag-ultimas-noticias","25":"tag-ultimasnoticias","26":"tag-world","27":"tag-world-news","28":"tag-worldnews"},"share_on_mastodon":{"url":"https:\/\/pubeurope.com\/@es\/115837824056728512","error":""},"_links":{"self":[{"href":"https:\/\/www.europesays.com\/es\/wp-json\/wp\/v2\/posts\/322721","targetHints":{"allow":["GET"]}}],"collection":[{"href":"https:\/\/www.europesays.com\/es\/wp-json\/wp\/v2\/posts"}],"about":[{"href":"https:\/\/www.europesays.com\/es\/wp-json\/wp\/v2\/types\/post"}],"author":[{"embeddable":true,"href":"https:\/\/www.europesays.com\/es\/wp-json\/wp\/v2\/users\/2"}],"replies":[{"embeddable":true,"href":"https:\/\/www.europesays.com\/es\/wp-json\/wp\/v2\/comments?post=322721"}],"version-history":[{"count":0,"href":"https:\/\/www.europesays.com\/es\/wp-json\/wp\/v2\/posts\/322721\/revisions"}],"wp:featuredmedia":[{"embeddable":true,"href":"https:\/\/www.europesays.com\/es\/wp-json\/wp\/v2\/media\/322722"}],"wp:attachment":[{"href":"https:\/\/www.europesays.com\/es\/wp-json\/wp\/v2\/media?parent=322721"}],"wp:term":[{"taxonomy":"category","embeddable":true,"href":"https:\/\/www.europesays.com\/es\/wp-json\/wp\/v2\/categories?post=322721"},{"taxonomy":"post_tag","embeddable":true,"href":"https:\/\/www.europesays.com\/es\/wp-json\/wp\/v2\/tags?post=322721"}],"curies":[{"name":"wp","href":"https:\/\/api.w.org\/{rel}","templated":true}]}}