{"id":322723,"date":"2026-01-04T16:41:12","date_gmt":"2026-01-04T16:41:12","guid":{"rendered":"https:\/\/www.europesays.com\/es\/322723\/"},"modified":"2026-01-04T16:41:12","modified_gmt":"2026-01-04T16:41:12","slug":"la-borrasca-francis-trae-a-espana-alerta-roja-por-lluvias-y-alerta-por-nieve-para-el-lunes","status":"publish","type":"post","link":"https:\/\/www.europesays.com\/es\/322723\/","title":{"rendered":"La borrasca Francis trae a Espa\u00f1a alerta roja por lluvias y alerta por nieve para el lunes"},"content":{"rendered":"<p>\n                    Publicado                 04\/01\/2026 &#8211; 14:20 CET<br \/>\n                \u2022Ultima actualizaci\u00f3n<br \/>\n                                     16:49\n                                        <\/p>\n<p>La Agencia Estatal de Meteorolog\u00eda ha activado el nivel de alerta naranja en varias zonas del pa\u00eds. En <strong>C\u00e1diz<\/strong>, el Estrecho puede acumular <strong>100 litros por metro cuadrado en doce horas<\/strong>, mientras que en M\u00e1laga las comarcas de Sol y Guadalhorce est\u00e1n bajo la misma advertencia de lluvia pero en nivel rojo.<\/p>\n<p>El litoral norte de Alicante registra el dato m\u00e1s preocupante: <strong>114 litros acumulados<\/strong>, aunque la alerta se desactivar\u00e1 al mediod\u00eda. Ceuta tambi\u00e9n est\u00e1 en aviso amarillo con acumulados de hasta 60 litros.<\/p>\n<p><a href=\"https:\/\/es.euronews.com\/green\/2025\/12\/28\/el-temporal-de-hielo-y-nieve-cierra-8-carreteras-en-6-comunidades-autonomas-de-espana\" rel=\"nofollow noopener\" target=\"_blank\">Las temperaturas bajar\u00e1n<\/a> de forma generalizada en la pen\u00ednsula y Baleares. El descenso ser\u00e1 especialmente notable en la meseta Norte y zonas de la Ib\u00e9rica. <strong>Habr\u00e1 heladas moderadas<\/strong> en las monta\u00f1as de la mitad norte, con posibilidad de que sean fuertes en los Pirineos.<\/p>\n<p>La alerta roja por lluvias en la provincia de M\u00e1laga, Sol y Guadahorce. Se esperan 120 mm en menos de 12 horas con lo que la Aemet ha calificado como \u00abPeligro Extraordinario\u00bb.<\/p>\n<p>Nieve en el centro y norte peninsular con avisos amarillos<\/p>\n<p>Cinco comunidades tienen activados avisos amarillos por nevadas. En <strong>Castilla y Le\u00f3n<\/strong> afecta a provincias como \u00c1vila, Burgos, Salamanca, Segovia, Soria y Valladolid, con acumulaciones que llegar\u00e1n a <strong>diez cent\u00edmetros<\/strong> en el Sistema Central.<\/p>\n<p>La Comunidad de Madrid ha puesto en marcha la situaci\u00f3n operativa 0 de su Plan de Inclemencias Invernales. Se esperan <strong>cinco cent\u00edmetros de nieve<\/strong> en la sierra, inicialmente a partir de 900 metros, aunque al final del d\u00eda podr\u00e1 caer a cualquier cota.<\/p>\n<p>En La Rioja y Arag\u00f3n tambi\u00e9n hay avisos por nieve, con acumulaciones de ocho y cinco cent\u00edmetros respectivamente en 24 horas.<\/p>\n<p>Carreteras cortadas y restricciones al tr\u00e1fico<\/p>\n<p>La <a href=\"https:\/\/es.euronews.com\/my-europe\/2025\/07\/01\/estas-son-las-nuevas-senales-de-trafico-que-se-encontraran-en-las-carreteras-espanolas\" rel=\"nofollow noopener\" target=\"_blank\">Direcci\u00f3n General de Tr\u00e1fico<\/a> reporta <strong>18 carreteras afectadas<\/strong> en siete provincias: Asturias, Granada, Almer\u00eda, Huesca, Le\u00f3n, Salamanca y Navarra. Todas son v\u00edas secundarias.<\/p>\n<p>En Sierra Nevada, el hielo ha forzado el cierre de <strong>siete kil\u00f3metros<\/strong> de la A-4025. En Almer\u00eda, la AL-5405 permanece cortada en un tramo de 16 kil\u00f3metros entre Esc\u00fallar y La Estaci\u00f3n. Varias carreteras almerienses obligan al uso de cadenas.<\/p>\n<p>La DGT pide a los conductores adelantar la vuelta del fin de semana y llevar <strong>neum\u00e1ticos de invierno o cadenas<\/strong>. Tambi\u00e9n recomienda dejar libre el carril izquierdo para los quitanieves y seguir las indicaciones de los paneles de mensaje variable y de la Guardia Civil en las zonas afectadas.<\/p>\n","protected":false},"excerpt":{"rendered":"Publicado 04\/01\/2026 &#8211; 14:20 CET \u2022Ultima actualizaci\u00f3n 16:49 La Agencia Estatal de Meteorolog\u00eda ha activado el nivel de&hellip;\n","protected":false},"author":2,"featured_media":322724,"comment_status":"","ping_status":"","sticky":false,"template":"","format":"standard","meta":{"footnotes":""},"categories":[8],"tags":[17,18,16341,25,24,13,14,11,19,20,1479,9,16248,10,15,16,23,12,21,22],"class_list":{"0":"post-322723","1":"post","2":"type-post","3":"status-publish","4":"format-standard","5":"has-post-thumbnail","7":"category-espana","8":"tag-breaking-news","9":"tag-breakingnews","10":"tag-clima","11":"tag-es","12":"tag-espana","13":"tag-featured-news","14":"tag-featurednews","15":"tag-headlines","16":"tag-latest-news","17":"tag-latestnews","18":"tag-lluvia","19":"tag-news","20":"tag-nieve","21":"tag-noticias","22":"tag-noticias-destacadas","23":"tag-noticiasdestacadas","24":"tag-spain","25":"tag-titulares","26":"tag-ultimas-noticias","27":"tag-ultimasnoticias"},"share_on_mastodon":{"url":"","error":""},"_links":{"self":[{"href":"https:\/\/www.europesays.com\/es\/wp-json\/wp\/v2\/posts\/322723","targetHints":{"allow":["GET"]}}],"collection":[{"href":"https:\/\/www.europesays.com\/es\/wp-json\/wp\/v2\/posts"}],"about":[{"href":"https:\/\/www.europesays.com\/es\/wp-json\/wp\/v2\/types\/post"}],"author":[{"embeddable":true,"href":"https:\/\/www.europesays.com\/es\/wp-json\/wp\/v2\/users\/2"}],"replies":[{"embeddable":true,"href":"https:\/\/www.europesays.com\/es\/wp-json\/wp\/v2\/comments?post=322723"}],"version-history":[{"count":0,"href":"https:\/\/www.europesays.com\/es\/wp-json\/wp\/v2\/posts\/322723\/revisions"}],"wp:featuredmedia":[{"embeddable":true,"href":"https:\/\/www.europesays.com\/es\/wp-json\/wp\/v2\/media\/322724"}],"wp:attachment":[{"href":"https:\/\/www.europesays.com\/es\/wp-json\/wp\/v2\/media?parent=322723"}],"wp:term":[{"taxonomy":"category","embeddable":true,"href":"https:\/\/www.europesays.com\/es\/wp-json\/wp\/v2\/categories?post=322723"},{"taxonomy":"post_tag","embeddable":true,"href":"https:\/\/www.europesays.com\/es\/wp-json\/wp\/v2\/tags?post=322723"}],"curies":[{"name":"wp","href":"https:\/\/api.w.org\/{rel}","templated":true}]}}