{"id":322725,"date":"2026-01-04T16:42:08","date_gmt":"2026-01-04T16:42:08","guid":{"rendered":"https:\/\/www.europesays.com\/es\/322725\/"},"modified":"2026-01-04T16:42:08","modified_gmt":"2026-01-04T16:42:08","slug":"minuto-de-silencio-en-el-bernabeu-3","status":"publish","type":"post","link":"https:\/\/www.europesays.com\/es\/322725\/","title":{"rendered":"Minuto de silencio en el Bernab\u00e9u"},"content":{"rendered":"<p>El <b>Bernab\u00e9u <\/b>guard\u00f3 un minuto de silencio antes del comienzo del partido de la 18\u00aa jornada de Liga entre el <b>Real Madrid<\/b> y el Betis en memoria de las personas fallecidas en el terrible incendio ocurrido en Suiza.<\/p>\n<p>Adem\u00e1s, se record\u00f3 a Enrique Collar,<b> <\/b>una de las grandes leyendas del Atl\u00e9tico y del f\u00fatbol espa\u00f1ol; a Carles Vilarrub\u00ed,<b> <\/b>vicepresidente del Barcelona entre 2010 y 2017;<b> <\/b>a Fernando Mart\u00edn,<b> <\/b>entrenador del Valencia B femenino, y tres de sus hijos, fallecidos en un naufragio en Indonesia; a Amelia del Castillo, primera presidenta de un club en la historia del f\u00fatbol espa\u00f1ol (Atl\u00e9tico de Pinto); y a Luis Infante,<b> <\/b>hist\u00f3rico director del diario\u00a0Marca.<\/p>\n","protected":false},"excerpt":{"rendered":"El Bernab\u00e9u guard\u00f3 un minuto de silencio antes del comienzo del partido de la 18\u00aa jornada de Liga&hellip;\n","protected":false},"author":2,"featured_media":322726,"comment_status":"","ping_status":"","sticky":false,"template":"","format":"standard","meta":{"footnotes":""},"categories":[5],"tags":[17,18,25,24,13,14,11,19,20,9,10,15,16,23,12,21,22],"class_list":{"0":"post-322725","1":"post","2":"type-post","3":"status-publish","4":"format-standard","5":"has-post-thumbnail","7":"category-titulares","8":"tag-breaking-news","9":"tag-breakingnews","10":"tag-es","11":"tag-espana","12":"tag-featured-news","13":"tag-featurednews","14":"tag-headlines","15":"tag-latest-news","16":"tag-latestnews","17":"tag-news","18":"tag-noticias","19":"tag-noticias-destacadas","20":"tag-noticiasdestacadas","21":"tag-spain","22":"tag-titulares","23":"tag-ultimas-noticias","24":"tag-ultimasnoticias"},"share_on_mastodon":{"url":"https:\/\/pubeurope.com\/@es\/115837831902981420","error":""},"_links":{"self":[{"href":"https:\/\/www.europesays.com\/es\/wp-json\/wp\/v2\/posts\/322725","targetHints":{"allow":["GET"]}}],"collection":[{"href":"https:\/\/www.europesays.com\/es\/wp-json\/wp\/v2\/posts"}],"about":[{"href":"https:\/\/www.europesays.com\/es\/wp-json\/wp\/v2\/types\/post"}],"author":[{"embeddable":true,"href":"https:\/\/www.europesays.com\/es\/wp-json\/wp\/v2\/users\/2"}],"replies":[{"embeddable":true,"href":"https:\/\/www.europesays.com\/es\/wp-json\/wp\/v2\/comments?post=322725"}],"version-history":[{"count":0,"href":"https:\/\/www.europesays.com\/es\/wp-json\/wp\/v2\/posts\/322725\/revisions"}],"wp:featuredmedia":[{"embeddable":true,"href":"https:\/\/www.europesays.com\/es\/wp-json\/wp\/v2\/media\/322726"}],"wp:attachment":[{"href":"https:\/\/www.europesays.com\/es\/wp-json\/wp\/v2\/media?parent=322725"}],"wp:term":[{"taxonomy":"category","embeddable":true,"href":"https:\/\/www.europesays.com\/es\/wp-json\/wp\/v2\/categories?post=322725"},{"taxonomy":"post_tag","embeddable":true,"href":"https:\/\/www.europesays.com\/es\/wp-json\/wp\/v2\/tags?post=322725"}],"curies":[{"name":"wp","href":"https:\/\/api.w.org\/{rel}","templated":true}]}}