{"id":322747,"date":"2026-01-04T16:59:09","date_gmt":"2026-01-04T16:59:09","guid":{"rendered":"https:\/\/www.europesays.com\/es\/322747\/"},"modified":"2026-01-04T16:59:09","modified_gmt":"2026-01-04T16:59:09","slug":"salir-con-el-pelo-mojado-no-te-pone-enfermo","status":"publish","type":"post","link":"https:\/\/www.europesays.com\/es\/322747\/","title":{"rendered":"salir con el pelo mojado no te pone enfermo"},"content":{"rendered":"<p id=\"eLXfFFfo1f\" data-wc=\"29\">Desde peque\u00f1os hemos escuchado advertencias como \u201cno salgas con el <strong>pelo mojado<\/strong> o te vas a <strong>resfriar<\/strong>\u201d, pero la evidencia cient\u00edfica acumulada demuestra que esa relaci\u00f3n causal nunca existi\u00f3.\u00a0<\/p>\n<p id=\"eO_dNGw0kwX\" data-wc=\"21\">Especialistas en salud explican que los <strong>virus<\/strong>, no el fr\u00edo ni la humedad, son los verdaderos responsables de las <strong>enfermedades respiratorias<\/strong>.\u00a0<\/p>\n<p>Un mito muy arraigado<\/p>\n<p id=\"eleNgIKlDHq\" data-wc=\"51\">Durante d\u00e9cadas, generaciones han transmitido el consejo de secarse bien el cabello antes de enfrentar las <strong>bajas temperaturas invernales<\/strong>. Para muchos, la idea de que el <strong>pelo mojado<\/strong> \u201catrae\u201d resfriados o gripes es tan familiar como dif\u00edcil de cuestionar. Sin embargo, la ciencia m\u00e9dica moderna ha desmentido repetidamente esta <strong>creencia popular<\/strong>.<\/p>\n<p id=\"ekz_34p0KUk\" data-wc=\"40\">Los virus responsables de los resfriados, como los <strong>rinovirus<\/strong>, s\u00f3lo pueden causar infecci\u00f3n si penetran en el organismo y superan sus defensas. El fr\u00edo por s\u00ed solo no genera estos <strong>pat\u00f3genos\u00a0<\/strong>ni facilita su aparici\u00f3n espont\u00e1nea en el cuerpo humano.\u00a0<\/p>\n<p>\u00bfQu\u00e9 causa realmente los resfriados?<\/p>\n<p id=\"eRtxQflZ1i2\" data-wc=\"46\">Enfermarse de un resfriado o de <strong>gripe\u00a0<\/strong>implica exposici\u00f3n a un<strong>\u00a0agente biol\u00f3gico<\/strong>, un virus que entra en contacto con nuestras mucosas a trav\u00e9s de got\u00edculas respiratorias o superficies contaminadas. Estos organismos microsc\u00f3picos necesitan un hu\u00e9sped para reproducirse y causar <strong>s\u00edntomas como tos, congesti\u00f3n y fiebre.\u00a0<\/strong><\/p>\n<p id=\"ek8RfNjnxe3\" data-wc=\"66\">La idea de que el fr\u00edo debilita directamente el sistema inmunitario o que el pelo mojado crea \u201coportunidades\u201d para virus no se sostiene sin evidencia de exposici\u00f3n viral real. Seg\u00fan expertos, el aumento de casos en invierno se explica mejor por factores como el <strong>aumento de la convivencia en espacios cerrados,<\/strong> con poca ventilaci\u00f3n, y la mayor estabilidad de ciertos virus en aire fr\u00edo y seco.\u00a0<\/p>\n<p>Por qu\u00e9 asociamos fr\u00edo y enfermedades<\/p>\n<p id=\"etUlI8GI8wE\" data-wc=\"65\">Aunque el fr\u00edo no causa infecciones por s\u00ed mismo, el <strong>contexto invernal\u00a0<\/strong>s\u00ed favorece la propagaci\u00f3n de virus. Cuando las temperaturas bajan, tendemos a pasar m\u00e1s tiempo en interiores y m\u00e1s cerca de otras personas, lo que facilita la <strong>transmisi\u00f3n de microorganismos<\/strong>. Adem\u00e1s, el aire fr\u00edo y seco puede resecar las <strong>mucosas nasales<\/strong>, que son una primera barrera defensiva contra pat\u00f3genos, reduciendo su eficacia protectora.\u00a0<\/p>\n<p id=\"eO2MAY6Vs7_\" data-wc=\"56\">Esta combinaci\u00f3n de factores ha reforzado la percepci\u00f3n popular de que<strong>\u00a0fr\u00edo y enfermedades\u00a0<\/strong>van de la mano, y que elementos como el pelo mojado tienen un papel directo en enfermar. No obstante, los especialistas insisten en que es la presencia del virus y no la temperatura o la <strong>humedad capilar\u00a0<\/strong>lo que provoca la infecci\u00f3n.\u00a0<\/p>\n<p>El papel de la incomodidad t\u00e9rmica<\/p>\n<p id=\"eDOKU-uMbDH\" data-wc=\"52\">Es verdad que salir con el pelo mojado en invierno puede resultar inc\u00f3modo, la evaporaci\u00f3n del agua de la cabeza extrae calor, lo que puede hacer que la persona sienta <strong>m\u00e1s fr\u00edo<\/strong>. Esta sensaci\u00f3n de destemplanza puede llevar incluso a dolores de cabeza o malestar general, pero no implica un proceso infeccioso.\u00a0<\/p>\n<p id=\"eWV2g41vph1\" data-wc=\"49\">La p\u00e9rdida de calor por el cabello h\u00famedo es un fen\u00f3meno f\u00edsico que afecta principalmente a la<strong>\u00a0superficie de la piel,<\/strong> lejos de provocar infecciones, lo que hace es simplemente<strong>\u00a0bajar la temperatura<\/strong> percibida por la persona, algo que muchas culturas tradicionales han interpretado err\u00f3neamente como causa de enfermedad.\u00a0<\/p>\n<p>Consejos reales para prevenir resfriados<\/p>\n<p id=\"eYZL0VzFBBi\" data-wc=\"25\">Si lo que se quiere es reducir la probabilidad de enfermar en invierno, los m\u00e9dicos recomiendan medidas basadas en la verdadera forma de <strong>transmisi\u00f3n\u00a0<\/strong><strong>viral<\/strong>:\u00a0<\/p>\n<ul data-wc=\"21\" id=\"ul-50ho4mjzz17rv\">\n<li dir=\"ltr\"><strong>Lavarse las manos con frecuencia<\/strong><\/li>\n<li dir=\"ltr\"><strong>Evitar el contacto cercano con personas enfermas<\/strong><\/li>\n<li dir=\"ltr\"><strong>Ventilar los espacios interiores\u00a0<\/strong><\/li>\n<li dir=\"ltr\"><strong>Mantener una buena higiene respiratoria<\/strong><\/li>\n<\/ul>\n<p id=\"erwMYnyUahT\" data-wc=\"38\"><strong>Vacunarse\u00a0<\/strong>contra la gripe y otras enfermedades respiratorias tambi\u00e9n es una estrategia efectiva para disminuir el riesgo de infecci\u00f3n. Estas medidas tienen un <strong>soporte cient\u00edfico<\/strong> claro, a diferencia del consejo tradicional de secarse el cabello para \u201cno resfriarse\u201d.\u00a0<\/p>\n<p id=\"eXujSs82BdF\" data-wc=\"61\">La <strong>evidencia cl\u00ednica y epidemiol\u00f3gica<\/strong> demuestra que los virus son los \u00fanicos responsables directos de las infecciones respiratorias y que factores ambientales y comportamentales explican mejor los patrones estacionales de enfermedad. As\u00ed que la pr\u00f3xima vez que escuches un consejo sobre evitar salir con el pelo h\u00famedo para no enfermar, puedes sonre\u00edr y saber que <strong>la ciencia ya lo ha desmontado.<\/strong><\/p>\n","protected":false},"excerpt":{"rendered":"Desde peque\u00f1os hemos escuchado advertencias como \u201cno salgas con el pelo mojado o te vas a resfriar\u201d, pero&hellip;\n","protected":false},"author":2,"featured_media":322748,"comment_status":"","ping_status":"","sticky":false,"template":"","format":"standard","meta":{"footnotes":""},"categories":[92],"tags":[5738,3045,253,25,24,165,166,13476,23],"class_list":{"0":"post-322747","1":"post","2":"type-post","3":"status-publish","4":"format-standard","5":"has-post-thumbnail","7":"category-salud","8":"tag-al-dia","9":"tag-curiosidades","10":"tag-discover","11":"tag-es","12":"tag-espana","13":"tag-health","14":"tag-salud","15":"tag-salud-y-bienestar","16":"tag-spain"},"share_on_mastodon":{"url":"https:\/\/pubeurope.com\/@es\/115837898863309649","error":""},"_links":{"self":[{"href":"https:\/\/www.europesays.com\/es\/wp-json\/wp\/v2\/posts\/322747","targetHints":{"allow":["GET"]}}],"collection":[{"href":"https:\/\/www.europesays.com\/es\/wp-json\/wp\/v2\/posts"}],"about":[{"href":"https:\/\/www.europesays.com\/es\/wp-json\/wp\/v2\/types\/post"}],"author":[{"embeddable":true,"href":"https:\/\/www.europesays.com\/es\/wp-json\/wp\/v2\/users\/2"}],"replies":[{"embeddable":true,"href":"https:\/\/www.europesays.com\/es\/wp-json\/wp\/v2\/comments?post=322747"}],"version-history":[{"count":0,"href":"https:\/\/www.europesays.com\/es\/wp-json\/wp\/v2\/posts\/322747\/revisions"}],"wp:featuredmedia":[{"embeddable":true,"href":"https:\/\/www.europesays.com\/es\/wp-json\/wp\/v2\/media\/322748"}],"wp:attachment":[{"href":"https:\/\/www.europesays.com\/es\/wp-json\/wp\/v2\/media?parent=322747"}],"wp:term":[{"taxonomy":"category","embeddable":true,"href":"https:\/\/www.europesays.com\/es\/wp-json\/wp\/v2\/categories?post=322747"},{"taxonomy":"post_tag","embeddable":true,"href":"https:\/\/www.europesays.com\/es\/wp-json\/wp\/v2\/tags?post=322747"}],"curies":[{"name":"wp","href":"https:\/\/api.w.org\/{rel}","templated":true}]}}