{"id":322755,"date":"2026-01-04T17:04:07","date_gmt":"2026-01-04T17:04:07","guid":{"rendered":"https:\/\/www.europesays.com\/es\/322755\/"},"modified":"2026-01-04T17:04:07","modified_gmt":"2026-01-04T17:04:07","slug":"incertidumbre-politica-en-venezuela-enreda-la-idea-de-kast-de-invitar-a-salir-a-inmigrantes","status":"publish","type":"post","link":"https:\/\/www.europesays.com\/es\/322755\/","title":{"rendered":"Incertidumbre pol\u00edtica en Venezuela enreda la idea de Kast de \u2018invitar a salir\u2019 a inmigrantes"},"content":{"rendered":"<p>A las 11:17 de la ma\u00f1ana de ayer s\u00e1bado, cerca de 5 horas despu\u00e9s de que Donald Trump confirmara la captura de Nicol\u00e1s Maduro, el presidente electo de Chile, Jos\u00e9 Antonio Kast, public\u00f3 su reacci\u00f3n al hecho a trav\u00e9s de sus redes sociales:<\/p>\n<p>\u201cLa detenci\u00f3n de Nicol\u00e1s Maduro es una gran noticia para la regi\u00f3n.\u00a0<\/p>\n<p>Su permanencia en el poder, sostenida por un narcor\u00e9gimen ileg\u00edtimo, expuls\u00f3 a m\u00e1s de 8 millones de venezolanos y desestabiliz\u00f3 a Am\u00e9rica Latina a trav\u00e9s del narcotr\u00e1fico y el crimen organizado\u201d, dijo el l\u00edder del Partido Republicano.<\/p>\n<p>El pr\u00f3ximo sucesor de Gabriel Boric en La Moneda, a\u00f1adi\u00f3:<\/p>\n<p>\u201cMaduro no es el Presidente leg\u00edtimo de Venezuela, y desde ese pa\u00eds operan estructuras criminales y terroristas que amenazan gravemente la paz y la seguridad regional.<\/p>\n<p>Ahora comienza una tarea mayor. Los gobiernos de Am\u00e9rica Latina debemos asegurar que todo el aparato del r\u00e9gimen abandone el poder y rinda cuentas; coordinar el regreso seguro y expedito de los venezolanos a su pa\u00eds; apoyar la recuperaci\u00f3n de su sistema democr\u00e1tico; y avanzar en el combate regional efectivo contra el narcotr\u00e1fico y el crimen organizado.<\/p>\n<p>La democracia se defiende con convicci\u00f3n, coordinaci\u00f3n y con el respeto irrestricto al Derecho Internacional\u201d, finaliz\u00f3.<\/p>\n<p>No es una noticia cualquiera para Kast, dado que su campa\u00f1a estuvo fuertemente vinculada a Venezuela, tanto por sus cr\u00edticas al gobierno de Maduro; su promesa de controlar la inmigraci\u00f3n irregular desde dicho pa\u00eds, adem\u00e1s de su intenci\u00f3n de expulsar del territorio a la organizaci\u00f3n de narcotr\u00e1fico \u2018Tren de Aragua\u2019.<\/p>\n<p>Y sin duda las alertas se encendieron en torno a la futura m\u00e1xima autoridad chilena, puesto que el actual escenario de incertidumbre pol\u00edtica enreda una de las ideas que protagonizaron la candidatura del ex diputado.<\/p>\n<p>Se trata de la \u2018invitaci\u00f3n a salir\u2019 del pa\u00eds a los venezolanos que no tengan regularizada su situaci\u00f3n en Chile, concepto acu\u00f1ado por el presidente electo antes de la segunda vuelta y que se vislumbra como su pol\u00edtica de \u2018expulsi\u00f3n\u2019 de inmigrantes.<\/p>\n<p>El problema para el futuro gobernante local es que a\u00fan no existe claridad de qu\u00e9 pasar\u00e1 pol\u00edticamente en Venezuela m\u00e1s all\u00e1 de que Maduro ya no se encuentre ejerciendo el poder.<\/p>\n<p class=\"call\">Al cierre de esta edici\u00f3n, el escenario daba cuenta de que Donald Trump promet\u00eda que ser\u00eda Estados Unidos quien se har\u00eda cargo de la administraci\u00f3n de Venezuela antes de implementar un gobierno de transici\u00f3n.<\/p>\n<p>Al cierre de esta edici\u00f3n, el escenario daba cuenta de que Donald Trump promet\u00eda que ser\u00eda Estados Unidos quien se har\u00eda cargo de la administraci\u00f3n de Venezuela antes de implementar un gobierno de transici\u00f3n.<\/p>\n<p>En esto se\u00f1al\u00f3 que ser\u00eda la vicepresidenta de Venezuela, Delcy Rodr\u00edguez, quien ocupar\u00eda el mandato de momento.<\/p>\n<p>Sin embargo, esta \u00faltima rechaz\u00f3 la avanzada estadounidense y asegur\u00f3 que a quien reconocen como presidente es a Nicol\u00e1s Maduro.<\/p>\n<p>En esto, la oposici\u00f3n venezolana dirigida por Mar\u00eda Corina Machado, ha se\u00f1alado que ellos se har\u00e1n cargo de la \u2018reconstrucci\u00f3n\u2019 de la democracia en el pa\u00eds. Pero Donald Trump, dijo que la reciente premio Nobel de la Paz carece de apoyo popular para tomar la posta.<\/p>\n<p class=\"call\">Es decir, actualmente existe un vac\u00edo de poder y en esto Kast no tiene claridad sobre c\u00f3mo actuar con los venezolanos que se encuentran en Chile de manera irregular.<\/p>\n<p>Es decir, actualmente existe un vac\u00edo de poder y en esto Kast no tiene claridad sobre c\u00f3mo actuar con los venezolanos que se encuentran en Chile de manera irregular.<\/p>\n<p>Actualmente nuestro pa\u00eds no tiene relaciones diplom\u00e1ticas con el gobierno chavista y dado el escenario, no hay con qui\u00e9n gestionar una eventual reposici\u00f3n de \u00e9stas para tratar la migraci\u00f3n de manera regular.<\/p>\n<p>Asimismo, la eventual motivaci\u00f3n de los venezolanos residentes en Chile de volver a su pa\u00eds podr\u00eda verse suspendida mientras en Venezuela todav\u00eda no se establezca una gobernabilidad y una \u2018normalidad\u2019 en el vivir.<\/p>\n<p>Es decir, para disgusto de Kast, es incierto el d\u00eda en que los venezolanos vuelvan a su pa\u00eds.<\/p>\n","protected":false},"excerpt":{"rendered":"A las 11:17 de la ma\u00f1ana de ayer s\u00e1bado, cerca de 5 horas despu\u00e9s de que Donald Trump&hellip;\n","protected":false},"author":2,"featured_media":322756,"comment_status":"","ping_status":"","sticky":false,"template":"","format":"standard","meta":{"footnotes":""},"categories":[42],"tags":[17,18,13,14,11,61,62,63,64,19,20,9,10,15,16,12,21,22,65,66,67],"class_list":{"0":"post-322755","1":"post","2":"type-post","3":"status-publish","4":"format-standard","5":"has-post-thumbnail","7":"category-internacional","8":"tag-breaking-news","9":"tag-breakingnews","10":"tag-featured-news","11":"tag-featurednews","12":"tag-headlines","13":"tag-internacional","14":"tag-international","15":"tag-international-news","16":"tag-internationalnews","17":"tag-latest-news","18":"tag-latestnews","19":"tag-news","20":"tag-noticias","21":"tag-noticias-destacadas","22":"tag-noticiasdestacadas","23":"tag-titulares","24":"tag-ultimas-noticias","25":"tag-ultimasnoticias","26":"tag-world","27":"tag-world-news","28":"tag-worldnews"},"share_on_mastodon":{"url":"https:\/\/pubeurope.com\/@es\/115837918510191795","error":""},"_links":{"self":[{"href":"https:\/\/www.europesays.com\/es\/wp-json\/wp\/v2\/posts\/322755","targetHints":{"allow":["GET"]}}],"collection":[{"href":"https:\/\/www.europesays.com\/es\/wp-json\/wp\/v2\/posts"}],"about":[{"href":"https:\/\/www.europesays.com\/es\/wp-json\/wp\/v2\/types\/post"}],"author":[{"embeddable":true,"href":"https:\/\/www.europesays.com\/es\/wp-json\/wp\/v2\/users\/2"}],"replies":[{"embeddable":true,"href":"https:\/\/www.europesays.com\/es\/wp-json\/wp\/v2\/comments?post=322755"}],"version-history":[{"count":0,"href":"https:\/\/www.europesays.com\/es\/wp-json\/wp\/v2\/posts\/322755\/revisions"}],"wp:featuredmedia":[{"embeddable":true,"href":"https:\/\/www.europesays.com\/es\/wp-json\/wp\/v2\/media\/322756"}],"wp:attachment":[{"href":"https:\/\/www.europesays.com\/es\/wp-json\/wp\/v2\/media?parent=322755"}],"wp:term":[{"taxonomy":"category","embeddable":true,"href":"https:\/\/www.europesays.com\/es\/wp-json\/wp\/v2\/categories?post=322755"},{"taxonomy":"post_tag","embeddable":true,"href":"https:\/\/www.europesays.com\/es\/wp-json\/wp\/v2\/tags?post=322755"}],"curies":[{"name":"wp","href":"https:\/\/api.w.org\/{rel}","templated":true}]}}