{"id":322788,"date":"2026-01-04T17:27:09","date_gmt":"2026-01-04T17:27:09","guid":{"rendered":"https:\/\/www.europesays.com\/es\/322788\/"},"modified":"2026-01-04T17:27:09","modified_gmt":"2026-01-04T17:27:09","slug":"la-advertencia-de-trump-a-colombia-y-cuba-tras-atacar-venezuela-y-capturar-a-maduro","status":"publish","type":"post","link":"https:\/\/www.europesays.com\/es\/322788\/","title":{"rendered":"La advertencia de Trump a Colombia y Cuba, tras atacar Venezuela y capturar a Maduro"},"content":{"rendered":"<p textalign=\"\" class=\"\">Aunque los ojos est\u00e1n puestos sobre Venezuela por cuenta del<a target=\"_blank\" rel=\"noopener noreferrer nofollow\" class=\"link\" href=\"https:\/\/www.trtespanol.com\/article\/fddf49553aca\"> ataque que Estados Unidos lanz\u00f3 contra el pa\u00eds este s\u00e1bado<\/a> para capturar al presidente Nicol\u00e1s Maduro, Washington tambi\u00e9n envi\u00f3 un mensaje a otros dos pa\u00edses de la regi\u00f3n: Colombia y Cuba. Durante la rueda de prensa que ofreci\u00f3 tras la operaci\u00f3n militar, el presidente de EE.UU., Donald Trump, volvi\u00f3 a referirse a su hom\u00f3logo de Colombia, Gustavo Petro,<a target=\"_blank\" rel=\"noopener noreferrer nofollow\" class=\"link\" href=\"https:\/\/www.trtespanol.com\/article\/b5d3624e8bc8\"> con quien ha mantenido una relaci\u00f3n dif\u00edcil<\/a>.<\/p>\n<p><a data-link-preview=\"\" href=\"https:\/\/www.trtespanol.com\/live\/6958e9351ed14dbdc28f3292\" target=\"_blank\" rel=\"noopener noreferrer nofollow\" dir=\"ltr\" class=\"relative flex w-full px-4 py-3 flex-col items-start gap-6 rounded bg-[#F1F1F1] border-l-0 transition-all duration-200 ease-in-out box-border mb-4 hover:bg-[#F9F9F9] hover:shadow-[0_4px_6px_-1px_rgba(0,0,0,0.1),0_-4px_6px_-1px_rgba(0,0,0,0.06),4px_0_6px_-1px_rgba(0,0,0,0.06)] focus:bg-[#F9F9F9] focus:shadow-[0_4px_6px_-1px_rgba(0,0,0,0.1),0_-4px_6px_-1px_rgba(0,0,0,0.06),4px_0_6px_-1px_rgba(0,0,0,0.06)] before:content-[&quot;&quot;] before:absolute before:left-0 before:top-0 before:bottom-0 before:w-[3px] before:rounded-l-md before:bg-[#01ABD9]\"><img decoding=\"async\" class=\"flex justify-center items-center rounded-md !w-20 !h-20 aspect-square flex-shrink-0 sm:rounded md:rounded-md lg:!w-[84px] lg:!h-[84px] lg:rounded xl:rounded-md\" src=\"https:\/\/d2udx5iz3h7s4h.cloudfront.net\/2026\/1\/3\/Reuters\/image\/2026_01_03T174714Z_952841278_RC2RTIAQV4QW_RTRMADP_3_USA_VENEZUELA_EXPLOSIONS.JPG?width=512&amp;format=jpg&amp;quality=80\"\/><\/p>\n<p>Relacionado<\/p>\n<p><\/a><\/p>\n<p textalign=\"left\" class=\"\">Al ser consultado sobre los comentarios de<a target=\"_blank\" rel=\"noopener noreferrer nofollow\" class=\"link\" href=\"https:\/\/www.trtespanol.com\/article\/b6496f71daa5\"> Petro con respecto a las repercusiones de los ataques contra Venezuela<\/a>, Trump acus\u00f3 sin pruebas al l\u00edder colombiano de supervisar la producci\u00f3n y el tr\u00e1fico de drogas hacia Estados Unidos. \u00abTiene f\u00e1bricas de coca\u00edna. Tiene plantas donde produce coca\u00edna. La est\u00e1n enviando a Estados Unidos\u00bb, dijo el mandatario. Tambi\u00e9n agreg\u00f3 que Petro \u00abtiene que tener cuidado\u00bb.<\/p>\n<p textalign=\"left\" class=\"\">Esta no es la primera vez que Trump vincula a Petro con una supuesta producci\u00f3n de coca\u00edna, algo que el mandatario colombiano ha negado en reiteradas ocasiones. De hecho, hace menos de un mes, a principios de diciembre, el presidente de EE.UU., asegur\u00f3 que su hom\u00f3logo colombiano<a target=\"_blank\" rel=\"noopener noreferrer nofollow\" class=\"link\" href=\"https:\/\/www.trtespanol.com\/article\/b5d3624e8bc8\"> podr\u00eda \u00abser el siguiente\u00bb<\/a> en la presi\u00f3n militar y pol\u00edtica que la Casa Blanca mantiene sobre Latinoam\u00e9rica.<\/p>\n<p><a data-link-preview=\"\" href=\"https:\/\/www.trtespanol.com\/article\/4f7b0829342a\" target=\"_blank\" rel=\"noopener noreferrer nofollow\" dir=\"ltr\" class=\"relative flex w-full px-4 py-3 flex-col items-start gap-6 rounded bg-[#F1F1F1] border-l-0 transition-all duration-200 ease-in-out box-border mb-4 hover:bg-[#F9F9F9] hover:shadow-[0_4px_6px_-1px_rgba(0,0,0,0.1),0_-4px_6px_-1px_rgba(0,0,0,0.06),4px_0_6px_-1px_rgba(0,0,0,0.06)] focus:bg-[#F9F9F9] focus:shadow-[0_4px_6px_-1px_rgba(0,0,0,0.1),0_-4px_6px_-1px_rgba(0,0,0,0.06),4px_0_6px_-1px_rgba(0,0,0,0.06)] before:content-[&quot;&quot;] before:absolute before:left-0 before:top-0 before:bottom-0 before:w-[3px] before:rounded-l-md before:bg-[#01ABD9]\"><img decoding=\"async\" class=\"flex justify-center items-center rounded-md !w-20 !h-20 aspect-square flex-shrink-0 sm:rounded md:rounded-md lg:!w-[84px] lg:!h-[84px] lg:rounded xl:rounded-md\" src=\"https:\/\/d2udx5iz3h7s4h.cloudfront.net\/2026\/1\/3\/AP\/image\/Trump_US_Venezuela_60167.jpg?width=512&amp;format=jpg&amp;quality=80\"\/><\/p>\n<p>Relacionado<\/p>\n<p><\/a><\/p>\n<p textalign=\"left\" class=\"\">La relaci\u00f3n entre Petro y Trump, desde que este \u00faltimo regres\u00f3 al poder en enero de este a\u00f1o, ha sido de alta confrontaci\u00f3n. Y con el despliegue militar hace m\u00e1s de cuatro meses de Washington en el Caribe, donde Colombia tiene costas, los \u00e1nimos han ido escalando con el pasar de las semanas.\u00a0<\/p>\n<p textalign=\"left\" class=\"\">Petro se ha<a target=\"_blank\" rel=\"noopener noreferrer nofollow\" class=\"link\" href=\"https:\/\/www.trtespanol.com\/article\/00c16b666b7d\"><strong> <\/strong>opuesto rotundamente<\/a> a la presi\u00f3n de la Casa Blanca en Am\u00e9rica Latina y lo ha denunciado como una agresi\u00f3n a la soberan\u00eda de los pa\u00edses en la regi\u00f3n. Mientras, EE.UU. ha tomado medidas administrativas en su contra, como<a target=\"_blank\" rel=\"noopener noreferrer nofollow\" class=\"link\" href=\"https:\/\/www.trtespanol.com\/article\/d9cc8ff006ad\"> cancelarle<\/a> la visa y<a target=\"_blank\" rel=\"noopener noreferrer nofollow\" class=\"link\" href=\"https:\/\/www.trtespanol.com\/article\/4fd3710f07c6\"> sancionarlo<\/a> por su supuesta falta de acci\u00f3n para \u00abdetener\u00bb el narcotr\u00e1fico.<\/p>\n<p>Cuba, tambi\u00e9n en la mira<\/p>\n","protected":false},"excerpt":{"rendered":"Aunque los ojos est\u00e1n puestos sobre Venezuela por cuenta del ataque que Estados Unidos lanz\u00f3 contra el pa\u00eds&hellip;\n","protected":false},"author":2,"featured_media":322789,"comment_status":"","ping_status":"","sticky":false,"template":"","format":"standard","meta":{"footnotes":""},"categories":[42],"tags":[17,18,13,14,11,61,62,63,64,19,20,9,10,15,16,12,21,22,65,66,67],"class_list":{"0":"post-322788","1":"post","2":"type-post","3":"status-publish","4":"format-standard","5":"has-post-thumbnail","7":"category-internacional","8":"tag-breaking-news","9":"tag-breakingnews","10":"tag-featured-news","11":"tag-featurednews","12":"tag-headlines","13":"tag-internacional","14":"tag-international","15":"tag-international-news","16":"tag-internationalnews","17":"tag-latest-news","18":"tag-latestnews","19":"tag-news","20":"tag-noticias","21":"tag-noticias-destacadas","22":"tag-noticiasdestacadas","23":"tag-titulares","24":"tag-ultimas-noticias","25":"tag-ultimasnoticias","26":"tag-world","27":"tag-world-news","28":"tag-worldnews"},"share_on_mastodon":{"url":"","error":""},"_links":{"self":[{"href":"https:\/\/www.europesays.com\/es\/wp-json\/wp\/v2\/posts\/322788","targetHints":{"allow":["GET"]}}],"collection":[{"href":"https:\/\/www.europesays.com\/es\/wp-json\/wp\/v2\/posts"}],"about":[{"href":"https:\/\/www.europesays.com\/es\/wp-json\/wp\/v2\/types\/post"}],"author":[{"embeddable":true,"href":"https:\/\/www.europesays.com\/es\/wp-json\/wp\/v2\/users\/2"}],"replies":[{"embeddable":true,"href":"https:\/\/www.europesays.com\/es\/wp-json\/wp\/v2\/comments?post=322788"}],"version-history":[{"count":0,"href":"https:\/\/www.europesays.com\/es\/wp-json\/wp\/v2\/posts\/322788\/revisions"}],"wp:featuredmedia":[{"embeddable":true,"href":"https:\/\/www.europesays.com\/es\/wp-json\/wp\/v2\/media\/322789"}],"wp:attachment":[{"href":"https:\/\/www.europesays.com\/es\/wp-json\/wp\/v2\/media?parent=322788"}],"wp:term":[{"taxonomy":"category","embeddable":true,"href":"https:\/\/www.europesays.com\/es\/wp-json\/wp\/v2\/categories?post=322788"},{"taxonomy":"post_tag","embeddable":true,"href":"https:\/\/www.europesays.com\/es\/wp-json\/wp\/v2\/tags?post=322788"}],"curies":[{"name":"wp","href":"https:\/\/api.w.org\/{rel}","templated":true}]}}