{"id":322830,"date":"2026-01-04T17:51:15","date_gmt":"2026-01-04T17:51:15","guid":{"rendered":"https:\/\/www.europesays.com\/es\/322830\/"},"modified":"2026-01-04T17:51:15","modified_gmt":"2026-01-04T17:51:15","slug":"cadiz-y-malaga-bajo-los-estragos-de-las-lluvias","status":"publish","type":"post","link":"https:\/\/www.europesays.com\/es\/322830\/","title":{"rendered":"C\u00e1diz y M\u00e1laga, bajo los estragos de las lluvias"},"content":{"rendered":"<p>Todas las comunidades aut\u00f3nomas, salvo Extremadura, estar\u00e1n este lunes, 5 de enero, en riesgo (alerta amarilla) o riesgo importante (Alerta naranja) por precipitaciones, nieve, temperaturas m\u00ednimas y oleaje, seg\u00fan la predicci\u00f3n de la Agencia Estatal de Meteorolog\u00eda (Aemet).<\/p>\n<p>Por ejemplo, las nevadas tendr\u00e1n lugar en Barcelona, L\u00e9rida, Tarragona, Lugo, Madrid, Cantabria, Alicante, Castell\u00f3n, Valencia, Granada, Teruel, Asturias, \u00c1vila, Burgos, Le\u00f3n, Palencia, Segovia, Soria, Albacete, Cuenca y Guadalajara.<\/p>\n<p>En el caso de las precipitaciones, las lluvias pondr\u00e1n en alerta a Murcia, Almer\u00eda, Granada y Gran Canaria, mientras que las temperaturas m\u00ednimas pondr\u00e1n en alerta amarilla a Barcelona, Madrid, Navarra, Guip\u00fazcoa, La Rioja, Teruel, Cantabria, Burgos, Le\u00f3n, Palencia, Soria, Zamora, Cuenca y Guadalajara.<\/p>\n<p>A su vez, Gerona, L\u00e9rida y Huesca estar\u00e1n en alerta naranja por temperaturas m\u00ednimas que llegar\u00e1n a situarse en torno a los -10\u00baC. Por su parte, los fen\u00f3menos costeros se activar\u00e1n en Almer\u00eda, Asturias, Mallorca, Menorca, Gerona (Alerta naranja), A Coru\u00f1a, Lugo, Murcia y Alicante.<\/p>\n<p>La borrasca &#8216;Francis&#8217; dejar\u00e1 este lunes cielos nubosos o cubiertos en la mayor parte del pa\u00eds, con tendencia general a abrirse claros, y con precipitaciones en el centro y cuadrante sureste peninsular, Ceuta, Melilla y Baleares, siendo probable que sean fuertes y persistentes y ocasionalmente con tormenta en Albor\u00e1n y litorales del Murcia.<\/p>\n","protected":false},"excerpt":{"rendered":"Todas las comunidades aut\u00f3nomas, salvo Extremadura, estar\u00e1n este lunes, 5 de enero, en riesgo (alerta amarilla) o riesgo&hellip;\n","protected":false},"author":2,"featured_media":322831,"comment_status":"","ping_status":"","sticky":false,"template":"","format":"standard","meta":{"footnotes":""},"categories":[8],"tags":[17,18,25,24,13,14,11,19,20,9,10,15,16,23,12,21,22],"class_list":{"0":"post-322830","1":"post","2":"type-post","3":"status-publish","4":"format-standard","5":"has-post-thumbnail","7":"category-espana","8":"tag-breaking-news","9":"tag-breakingnews","10":"tag-es","11":"tag-espana","12":"tag-featured-news","13":"tag-featurednews","14":"tag-headlines","15":"tag-latest-news","16":"tag-latestnews","17":"tag-news","18":"tag-noticias","19":"tag-noticias-destacadas","20":"tag-noticiasdestacadas","21":"tag-spain","22":"tag-titulares","23":"tag-ultimas-noticias","24":"tag-ultimasnoticias"},"share_on_mastodon":{"url":"https:\/\/pubeurope.com\/@es\/115838103546182234","error":""},"_links":{"self":[{"href":"https:\/\/www.europesays.com\/es\/wp-json\/wp\/v2\/posts\/322830","targetHints":{"allow":["GET"]}}],"collection":[{"href":"https:\/\/www.europesays.com\/es\/wp-json\/wp\/v2\/posts"}],"about":[{"href":"https:\/\/www.europesays.com\/es\/wp-json\/wp\/v2\/types\/post"}],"author":[{"embeddable":true,"href":"https:\/\/www.europesays.com\/es\/wp-json\/wp\/v2\/users\/2"}],"replies":[{"embeddable":true,"href":"https:\/\/www.europesays.com\/es\/wp-json\/wp\/v2\/comments?post=322830"}],"version-history":[{"count":0,"href":"https:\/\/www.europesays.com\/es\/wp-json\/wp\/v2\/posts\/322830\/revisions"}],"wp:featuredmedia":[{"embeddable":true,"href":"https:\/\/www.europesays.com\/es\/wp-json\/wp\/v2\/media\/322831"}],"wp:attachment":[{"href":"https:\/\/www.europesays.com\/es\/wp-json\/wp\/v2\/media?parent=322830"}],"wp:term":[{"taxonomy":"category","embeddable":true,"href":"https:\/\/www.europesays.com\/es\/wp-json\/wp\/v2\/categories?post=322830"},{"taxonomy":"post_tag","embeddable":true,"href":"https:\/\/www.europesays.com\/es\/wp-json\/wp\/v2\/tags?post=322830"}],"curies":[{"name":"wp","href":"https:\/\/api.w.org\/{rel}","templated":true}]}}