{"id":322849,"date":"2026-01-04T18:08:00","date_gmt":"2026-01-04T18:08:00","guid":{"rendered":"https:\/\/www.europesays.com\/es\/322849\/"},"modified":"2026-01-04T18:08:00","modified_gmt":"2026-01-04T18:08:00","slug":"la-exhaustiva-implacable-y-rigurosa-pelicula-de-netflix-sobre-una-operacion-militar-clave-del-gobierno-de-ee-uu","status":"publish","type":"post","link":"https:\/\/www.europesays.com\/es\/322849\/","title":{"rendered":"La \u00abexhaustiva, implacable y rigurosa\u00bb pel\u00edcula de Netflix sobre una operaci\u00f3n militar clave del gobierno de EE. UU."},"content":{"rendered":"<p data-journey-content=\"true\" data-node-id=\"3\" class=\"css-6wxqfj emevuu60\">El cine estadounidense ha encontrado en las operaciones militares contempor\u00e1neas y en los conflictos geopol\u00edticos un terreno f\u00e9rtil para reflexionar (con mayor o menor sutileza) sobre el propio papel de Estados Unidos en el mundo. Pel\u00edculas como &#8216;El francotirador&#8217;, una de <a href=\"https:\/\/www.fotogramas.es\/noticias-cine\/g41107601\/clint-eastwood-mejores-peliculas\/\" data-vars-ga-outbound-link=\"https:\/\/www.fotogramas.es\/noticias-cine\/g41107601\/clint-eastwood-mejores-peliculas\/\" data-vars-ga-ux-element=\"Hyperlink\" data-vars-ga-call-to-action=\"las mejores pel\u00edculas de Clint Eastwood\" data-node-id=\"3.1\" class=\"body-link css-d2so5l emevuu60\" rel=\"nofollow noopener\" target=\"_blank\">las mejores pel\u00edculas de Clint Eastwood<\/a>, &#8216;Green Zone: Distrito protegido&#8217;, &#8216;En tierra hostil&#8217; o la hiperb\u00f3lica &#8217;13 Horas: Los soldados secretos de Bengasi&#8217; han abordado, desde distintos \u00e1ngulos, la experiencia de la guerra moderna, el peso psicol\u00f3gico de la misi\u00f3n y la delgada l\u00ednea entre patriotismo, deber y obsesi\u00f3n.<\/p>\n<p><img draggable=\"true\" alt=\"en tierra hostil\" title=\"En tierra hostil\" loading=\"lazy\" width=\"1200\" height=\"675\" decoding=\"async\" data-nimg=\"1\" style=\"color:transparent;width:100%;height:auto;\"   src=\"https:\/\/www.europesays.com\/es\/wp-content\/uploads\/2026\/01\/en-tierra-hostil-1660403867.jpg\" class=\"css-0 e1g79fud0\"\/><\/p>\n<p>En tierra hostil<\/p>\n<p data-journey-content=\"true\" data-node-id=\"8\" class=\"css-6wxqfj emevuu60\">Algunas optan por el punto de vista del soldado sobre el terreno, otras se centran en la maquinaria pol\u00edtica y de inteligencia que opera lejos del frente, pero todas comparten la voluntad de acercarse a conflictos recientes con una mezcla de espect\u00e1culo, realismo y debate moral que sigue generando cierta controversia a\u00f1os despu\u00e9s de su estreno.<\/p>\n<p data-journey-content=\"true\" data-node-id=\"10\" class=\"css-6wxqfj emevuu60\">Ese inter\u00e9s por el poder, la vigilancia y la intervenci\u00f3n vuelve a cobrar fuerza cuando la actualidad internacional se cuela inevitablemente en la lectura de estas pel\u00edculas. Las recientes tensiones entre Venezuela y Estados Unidos tras la captura de Nicol\u00e1s Maduro y su esposa han reactivado el debate sobre los l\u00edmites de actuaci\u00f3n de los gobiernos.<\/p>\n<p data-journey-content=\"true\" data-node-id=\"13\" class=\"css-6wxqfj emevuu60\">En ese punto, hay una pel\u00edcula que vuelve a imponerse por su capacidad para retratar una operaci\u00f3n militar clave del gobierno de EE. UU. en los \u00faltimos a\u00f1os. Nos referimos a &#8216;La noche m\u00e1s oscura (Zero Dark Thirty)&#8217;, uno de <a href=\"https:\/\/www.fotogramas.es\/noticias-cine\/g23568972\/thrillers-peliculas-suspense-que-ver-antes-de-morir\/\" data-vars-ga-outbound-link=\"https:\/\/www.fotogramas.es\/noticias-cine\/g23568972\/thrillers-peliculas-suspense-que-ver-antes-de-morir\/\" data-vars-ga-ux-element=\"Hyperlink\" data-vars-ga-call-to-action=\"los mejores thrillers de la historia del cine\" data-node-id=\"13.1\" class=\"body-link css-d2so5l emevuu60\" rel=\"nofollow noopener\" target=\"_blank\">los mejores thrillers de la historia del cine<\/a> dirigido por la siempre interesante <a href=\"https:\/\/www.fotogramas.es\/noticias-cine\/g19445760\/kathryn-bigelow-mejores-peliculas\/\" target=\"_blank\" data-vars-ga-outbound-link=\"https:\/\/www.fotogramas.es\/noticias-cine\/g19445760\/kathryn-bigelow-mejores-peliculas\/\" data-vars-ga-ux-element=\"Hyperlink\" data-vars-ga-call-to-action=\"Kathryn Bigelow\" data-node-id=\"13.3\" class=\"body-link css-d2so5l emevuu60\" rel=\"nofollow noopener\">Kathryn Bigelow<\/a>.<\/p>\n<p><img draggable=\"true\" alt=\"la noche mas oscura\" title=\"la noche mas oscura\" loading=\"lazy\" width=\"1280\" height=\"853\" decoding=\"async\" data-nimg=\"1\" style=\"color:transparent;width:100%;height:auto;\"   src=\"https:\/\/www.europesays.com\/es\/wp-content\/uploads\/2026\/01\/foto-zero-dark-thirty-10-707.jpg\" class=\"css-0 e1g79fud0\"\/><\/p>\n<p>Columbia Pictures<\/p>\n<p data-journey-content=\"true\" data-node-id=\"16\" class=\"css-6wxqfj emevuu60\">La pel\u00edcula que puedes ver en <a href=\"https:\/\/www.fotogramas.es\/peliculas-netflix-recomendadas\/\" data-vars-ga-outbound-link=\"https:\/\/www.fotogramas.es\/peliculas-netflix-recomendadas\/\" data-vars-ga-ux-element=\"Hyperlink\" data-vars-ga-call-to-action=\"Netflix\" data-node-id=\"16.1\" class=\"body-link css-d2so5l emevuu60\" rel=\"nofollow noopener\" target=\"_blank\">Netflix<\/a> se adentra en la b\u00fasqueda obsesiva del exl\u00edder de Al Qaeda Osama bin Laden, enemigo n\u00famero uno de Estados Unidos. La clave de Bigelow es la de prescindir desde el primer momento del tono \u00e9pico para apostar por una narraci\u00f3n contenida y meticulosamente detallada.<\/p>\n<p data-journey-content=\"true\" data-node-id=\"18\" class=\"css-6wxqfj emevuu60\">Como reflej\u00f3 <a href=\"https:\/\/www.fotogramas.es\/peliculas-criticas\/a494980\/la-noche-mas-oscura-zero-dark-thirty\/\" data-vars-ga-outbound-link=\"https:\/\/www.fotogramas.es\/peliculas-criticas\/a494980\/la-noche-mas-oscura-zero-dark-thirty\/\" data-vars-ga-ux-element=\"Hyperlink\" data-vars-ga-call-to-action=\"&#039;Fotogramas&#039; en la cr\u00edtica de &#039;La noche m\u00e1s oscura&#039;\" data-node-id=\"18.1\" class=\"body-link css-d2so5l emevuu60\" rel=\"nofollow noopener\" target=\"_blank\">&#8216;Fotogramas&#8217; en la cr\u00edtica de &#8216;La noche m\u00e1s oscura&#8217;<\/a>, estamos ante una pel\u00edcula \u00abexhaustiva, implacable, rigurosa en la mayor parte del metraje; despojada de cualquier matiz lacrim\u00f3geno\u00bb.<\/p>\n<p><img draggable=\"true\" alt=\"military personnel engaged in conversation\" title=\"military personnel engaged in conversation\" loading=\"lazy\" width=\"1280\" height=\"853\" decoding=\"async\" data-nimg=\"1\" style=\"color:transparent;width:100%;height:auto;\"   src=\"https:\/\/www.europesays.com\/es\/wp-content\/uploads\/2026\/01\/zero-dark-thirty-421684435-large-1-695a5dae61828.jpg\" class=\"css-0 e1g79fud0\"\/><\/p>\n<p>Columbia Pictures<\/p>\n<p data-journey-content=\"true\" data-node-id=\"21\" class=\"css-6wxqfj emevuu60\">El coraz\u00f3n de la pel\u00edcula es la agente especial Maya, interpretada por una extraordinaria Jessica Chastain, en uno de los papeles m\u00e1s importantes de su carrera. Solitaria, obsesiva, inc\u00f3moda para sus superiores y absolutamente devota de su objetivo, Chastain construye a Maya a partir de una feroz determinaci\u00f3n. <\/p>\n<p><img draggable=\"true\" alt=\"soldiers in tactical gear exiting a helicopter in a combat situation\" title=\"soldiers in tactical gear exiting a helicopter in a combat situation\" loading=\"lazy\" width=\"1280\" height=\"853\" decoding=\"async\" data-nimg=\"1\" style=\"color:transparent;width:100%;height:auto;\"   src=\"https:\/\/www.europesays.com\/es\/wp-content\/uploads\/2026\/01\/zero-dark-thirty-985112113-large-695a5b89ed675.jpg\" class=\"css-0 e1g79fud0\"\/><\/p>\n<p>Columbia Pictures<\/p>\n<p data-journey-content=\"true\" data-node-id=\"24\" class=\"css-6wxqfj emevuu60\">La pel\u00edcula, una de las mejores del siglo XXI,  fue reconocida con cinco nominaciones a <a href=\"https:\/\/www.fotogramas.es\/premios-oscar-cine\/a64034548\/premios-oscar-2026-fecha-gala-hora-alfombra-roja-nominados-peliculas-favoritas-donde-ver\/\" data-vars-ga-outbound-link=\"https:\/\/www.fotogramas.es\/premios-oscar-cine\/a64034548\/premios-oscar-2026-fecha-gala-hora-alfombra-roja-nominados-peliculas-favoritas-donde-ver\/\" data-vars-ga-ux-element=\"Hyperlink\" data-vars-ga-call-to-action=\"los premios Oscar\" data-node-id=\"24.1\" class=\"body-link css-d2so5l emevuu60\" rel=\"nofollow noopener\" target=\"_blank\">los premios Oscar<\/a>, incluyendo los de Mejor pel\u00edcula y Mejor actriz para Jessica Chastain, y se alz\u00f3 finalmente con la estatuilla a Mejor montaje de sonido.<\/p>\n<p>El mejor cine en Netflix<img src=\"https:\/\/www.europesays.com\/es\/wp-content\/uploads\/2026\/01\/05747880-2c5d-4da9-ace8-99e46ebdb9d8_1680169115.file.png\" alt=\"Headshot of Jorge Fern\u00e1ndez Menc\u00edas\" title=\"Headshot of Jorge Fern\u00e1ndez Menc\u00edas\" width=\"100%\" height=\"100%\" decoding=\"async\" loading=\"lazy\" class=\"css-o0wq4v ev8dhu53\"\/><\/p>\n<p>Jorge es experto en cine, series y c\u00f3mics. Sus g\u00e9neros favoritos son el terror y la ciencia ficci\u00f3n, el perfecto equilibrio entre el atronador grito del slasher y el inquietante silencio del espacio y, aunque coquetea con el cine de autor en busca de esa joya oculta alejada del mainstream, \u00e9l no se esconde, lo suyo es el cine comercial de la mano de Marvel, Star Wars, DC y Pixar.<\/p>\n<p>Este inquieto periodista descubri\u00f3 hace unos a\u00f1os el misticismo de &#8216;Twin Peaks&#8217; y, desde entonces, es tan solo un concepto m\u00e1s atrapado dentro de la cabeza de David Lynch. Cuando consigue escapar de la Logia Negra, revisita la filmograf\u00eda del maestro Carpenter, se pierde de nuevo entre las p\u00e1ginas del &#8216;Watchmen&#8217; de Moore y Gibbons o se lanza en busca de nuevas emociones en formato miniserie.<\/p>\n<p>Tras su fugaz paso por medios como TVE, RNE y la secci\u00f3n de TV y comunicaci\u00f3n de La Raz\u00f3n, Jorge lleva m\u00e1s de una d\u00e9cada en el delirante mundo de las agencias de publicidad, donde ha tenido la oportunidad de formar parte de diversos equipos de comunicaci\u00f3n que le han permitido participar en saraos, eventos, junkets y gestiones varias con int\u00e9rpretes de la talla de Antonio de la Torre, Jared Harris, Kim Dickens, Colman Domingo y Christina Hendricks. Lleg\u00f3 a FOTOGRAMAS en 2022, donde consigui\u00f3 hacerse un hueco como redactor para escribir sobre las series m\u00e1s populares, las mejores pel\u00edculas de Alfred Hitchcock o todo lo relacionado con las franquicias, reboots, precuelas, secuelas, recuelas y disparates varios del momento, retomando de esta forma su pasi\u00f3n por el periodismo y el cine.<\/p>\n<p>Jorge es licenciado en periodismo por la Universidad Complutense de Madrid, adem\u00e1s de ser realizador por el Instituto RTVE, donde adquiri\u00f3 nociones de preproducci\u00f3n, producci\u00f3n y posproducci\u00f3n de audiovisuales. \u00a0<\/p>\n","protected":false},"excerpt":{"rendered":"El cine estadounidense ha encontrado en las operaciones militares contempor\u00e1neas y en los conflictos geopol\u00edticos un terreno f\u00e9rtil&hellip;\n","protected":false},"author":2,"featured_media":322850,"comment_status":"","ping_status":"","sticky":false,"template":"","format":"standard","meta":{"footnotes":""},"categories":[169],"tags":[177,253,146,147,25,24,176,175,23],"class_list":{"0":"post-322849","1":"post","2":"type-post","3":"status-publish","4":"format-standard","5":"has-post-thumbnail","7":"category-cine","8":"tag-cine","9":"tag-discover","10":"tag-entertainment","11":"tag-entretenimiento","12":"tag-es","13":"tag-espana","14":"tag-film","15":"tag-movies","16":"tag-spain"},"share_on_mastodon":{"url":"https:\/\/pubeurope.com\/@es\/115838170212286748","error":""},"_links":{"self":[{"href":"https:\/\/www.europesays.com\/es\/wp-json\/wp\/v2\/posts\/322849","targetHints":{"allow":["GET"]}}],"collection":[{"href":"https:\/\/www.europesays.com\/es\/wp-json\/wp\/v2\/posts"}],"about":[{"href":"https:\/\/www.europesays.com\/es\/wp-json\/wp\/v2\/types\/post"}],"author":[{"embeddable":true,"href":"https:\/\/www.europesays.com\/es\/wp-json\/wp\/v2\/users\/2"}],"replies":[{"embeddable":true,"href":"https:\/\/www.europesays.com\/es\/wp-json\/wp\/v2\/comments?post=322849"}],"version-history":[{"count":0,"href":"https:\/\/www.europesays.com\/es\/wp-json\/wp\/v2\/posts\/322849\/revisions"}],"wp:featuredmedia":[{"embeddable":true,"href":"https:\/\/www.europesays.com\/es\/wp-json\/wp\/v2\/media\/322850"}],"wp:attachment":[{"href":"https:\/\/www.europesays.com\/es\/wp-json\/wp\/v2\/media?parent=322849"}],"wp:term":[{"taxonomy":"category","embeddable":true,"href":"https:\/\/www.europesays.com\/es\/wp-json\/wp\/v2\/categories?post=322849"},{"taxonomy":"post_tag","embeddable":true,"href":"https:\/\/www.europesays.com\/es\/wp-json\/wp\/v2\/tags?post=322849"}],"curies":[{"name":"wp","href":"https:\/\/api.w.org\/{rel}","templated":true}]}}