{"id":322867,"date":"2026-01-04T18:22:10","date_gmt":"2026-01-04T18:22:10","guid":{"rendered":"https:\/\/www.europesays.com\/es\/322867\/"},"modified":"2026-01-04T18:22:10","modified_gmt":"2026-01-04T18:22:10","slug":"si-gana-el-giro-vingegaard-tendria-las-tres-grandes-en-el-palmares","status":"publish","type":"post","link":"https:\/\/www.europesays.com\/es\/322867\/","title":{"rendered":"Si gana el Giro, Vingegaard tendr\u00eda las tres grandes en el palmar\u00e9s"},"content":{"rendered":"<p><img fetchpriority=\"high\" decoding=\"async\" class=\"aligncenter size-full wp-image-67398\" src=\"data:image\/svg+xml,%3Csvg%20xmlns=\" http:=\"\" alt=\"\" width=\"1025\" height=\"400\" data-lazy- data-lazy- data-lazy-src=\"https:\/\/www.europesays.com\/es\/wp-content\/uploads\/2025\/11\/anunci-generic-bla-1-1024x120-px-v3-02.jpg\"\/><\/p>\n<p>Si gana el Giro, Vingegaard tendr\u00eda las tres grandes en el palmar\u00e9s<\/p>\n<p>Hay algo en la mirada de Jonas Vingegaard que siempre ha inquietado al purista.<\/p>\n<p>No es la frialdad de quien no siente, sino la de quien calcula hasta el \u00faltimo gramo de ox\u00edgeno que le sobra en los pulmones.<\/p>\n<p><a class=\"wppaslink\" href=\"https:\/\/joanseguidor.com\/pas\/ccmm-valenciana\/44016\/0\" target=\"_blank\" rel=\"nofollow noopener\"><img decoding=\"async\" src=\"data:image\/svg+xml,%3Csvg%20xmlns=\" http:=\"\" alt=\"CCMM Valenciana\" border=\"0\" data-lazy-src=\"https:\/\/www.europesays.com\/es\/wp-content\/uploads\/2026\/01\/1767550930_238_aralleida-hivern-970x250-crea2-es.jpg\"\/><\/a><\/p>\n<p>Tras cerrar el c\u00edrculo en Madrid, en esa <a href=\"https:\/\/joanseguidor.com\/vingegaard-un-merecido-reconocimiento-al-ganador-de-la-vuelta\/\" target=\"_blank\" rel=\"noopener nofollow\">Vuelta a Espa\u00f1a de 2025<\/a> que recordaremos m\u00e1s por las pol\u00e9micas y el ruido ambiental que por la \u00e9pica de sus etapas, el dan\u00e9s ya tiene en su poder dos de los tres cromos que separan a los buenos corredores de las leyendas que habitan el Olimpo del ciclismo.<\/p>\n<p>Con los Tours de 2022 y 2023 en el bolsillo, y la reciente conquista roja, <strong>el runr\u00fan del Giro de Italia 2026 no es solo una posibilidad log\u00edstica<\/strong>; es una necesidad de guion para un ciclista que parece necesitar retos may\u00fasculos para competir contra el monstruo.<\/p>\n<p><strong>Vingegaard ha demostrado ser el mejor especialista en tres semanas<\/strong> cuando el terreno se pone vertical y el aire escasea, ejecutando a sus rivales con una precisi\u00f3n casi manual.<\/p>\n<p>Su victoria en la Bola del Mundo para sentenciar la pasada Vuelta fue un ejercicio de superioridad mec\u00e1nica, una demostraci\u00f3n de que, cuando el Visma pone la maquinaria a funcionar, el resto solo puede aspirar a salir bien en la foto del podio.<\/p>\n<p><strong>Sin embargo, el Giro es otra cosa.<\/strong><\/p>\n<p>El Giro es barro, es la incertidumbre de la nieve en los pasos dolom\u00edticos, son los traslados interminables por carreteras de tercer orden y una liturgia que no siempre entiende de vatios, t\u00faneles de viento o laboratorios de nutrici\u00f3n.<\/p>\n<p><strong>Entrar en el selecto club de la Triple Corona<\/strong>, junto a nombres como Merckx, Hinault o Contador, no es una cuesti\u00f3n de acumulaci\u00f3n de trofeos, sino un examen de supervivencia.<\/p>\n<p>En este ciclismo moderno, donde cada pedalada se mide al mil\u00edmetro, ir al Giro supone un riesgo que puede hipotecar toda la temporada, incluido su jard\u00edn franc\u00e9s.<\/p>\n<p><strong>El dan\u00e9s ya ha dejado caer que la Corsa Rosa est\u00e1 en su hoja de ruta<\/strong>, quiz\u00e1s aprovechando que el tablero de juego se despeja de ciertos enemigos \u00edntimos.<\/p>\n<p>Pero el Giro no perdona a quien acude con mentalidad de oficinista.<\/p>\n<p>La historia est\u00e1 llena de corredores que, buscando la perfecci\u00f3n del triplete, terminaron perdiendo la esencia de lo que les hizo grandes en un descenso con el asfalto roto o en una emboscada camino de una ciudad cualquiera de la Lombard\u00eda.<\/p>\n<p>Jonas tiene el motor y el equipo, pero en Italia deber\u00e1 demostrar que, adem\u00e1s de vatios, tiene ese punto de picard\u00eda y resistencia al caos que exige la gloria absoluta.<\/p>\n<p data-start=\"1720\" data-end=\"2030\">Imagen: Unipublic\/Cxcling\/Naike Ere\u00f1ozaga<\/p>\n","protected":false},"excerpt":{"rendered":"Si gana el Giro, Vingegaard tendr\u00eda las tres grandes en el palmar\u00e9s Hay algo en la mirada de&hellip;\n","protected":false},"author":2,"featured_media":129057,"comment_status":"","ping_status":"","sticky":false,"template":"","format":"standard","meta":{"footnotes":""},"categories":[273],"tags":[313,312,168,25,24,2548,2945,23,167],"class_list":{"0":"post-322867","1":"post","2":"type-post","3":"status-publish","4":"format-standard","5":"has-post-thumbnail","7":"category-ciclismo","8":"tag-ciclismo","9":"tag-cycling","10":"tag-deportes","11":"tag-es","12":"tag-espana","13":"tag-featured","14":"tag-jonas-vingegaard","15":"tag-spain","16":"tag-sports"},"share_on_mastodon":{"url":"https:\/\/pubeurope.com\/@es\/115838225125584799","error":""},"_links":{"self":[{"href":"https:\/\/www.europesays.com\/es\/wp-json\/wp\/v2\/posts\/322867","targetHints":{"allow":["GET"]}}],"collection":[{"href":"https:\/\/www.europesays.com\/es\/wp-json\/wp\/v2\/posts"}],"about":[{"href":"https:\/\/www.europesays.com\/es\/wp-json\/wp\/v2\/types\/post"}],"author":[{"embeddable":true,"href":"https:\/\/www.europesays.com\/es\/wp-json\/wp\/v2\/users\/2"}],"replies":[{"embeddable":true,"href":"https:\/\/www.europesays.com\/es\/wp-json\/wp\/v2\/comments?post=322867"}],"version-history":[{"count":0,"href":"https:\/\/www.europesays.com\/es\/wp-json\/wp\/v2\/posts\/322867\/revisions"}],"wp:featuredmedia":[{"embeddable":true,"href":"https:\/\/www.europesays.com\/es\/wp-json\/wp\/v2\/media\/129057"}],"wp:attachment":[{"href":"https:\/\/www.europesays.com\/es\/wp-json\/wp\/v2\/media?parent=322867"}],"wp:term":[{"taxonomy":"category","embeddable":true,"href":"https:\/\/www.europesays.com\/es\/wp-json\/wp\/v2\/categories?post=322867"},{"taxonomy":"post_tag","embeddable":true,"href":"https:\/\/www.europesays.com\/es\/wp-json\/wp\/v2\/tags?post=322867"}],"curies":[{"name":"wp","href":"https:\/\/api.w.org\/{rel}","templated":true}]}}