{"id":322939,"date":"2026-01-04T19:15:08","date_gmt":"2026-01-04T19:15:08","guid":{"rendered":"https:\/\/www.europesays.com\/es\/322939\/"},"modified":"2026-01-04T19:15:08","modified_gmt":"2026-01-04T19:15:08","slug":"el-hormiguero-anuncia-su-fecha-de-regreso-tras-navidad-y-a-sus-primeros-invitados-de-2026","status":"publish","type":"post","link":"https:\/\/www.europesays.com\/es\/322939\/","title":{"rendered":"&#8216;El Hormiguero&#8217; anuncia su fecha de regreso tras Navidad y a sus primeros invitados de 2026"},"content":{"rendered":"<p class=\"article-text\">\n        <strong>Antena 3 <\/strong>retomar\u00e1 la emisi\u00f3n de <strong>El Hormiguero<\/strong> en cuanto terminen las vacaciones de Navidad. Seg\u00fan ha anunciado la cadena de Atresmedia, el programa que presenta <strong>Pablo Motos<\/strong> volver\u00e1 a la parrilla el pr\u00f3ximo mi\u00e9rcoles 7 de enero.\n    <\/p>\n<p>    <a href=\"https:\/\/www.eldiario.es\/vertele\/audiencias-tv\/sabado-3-enero-2026-rtve-arrasa-programacion-especial-trump-ataca-venezuela-maduro-la-sexta-xplica_1_12884666.html\" data-mrf-recirculation=\"saber-mas\" data-dl-event=\"saber-mas\" rel=\"nofollow noopener\" target=\"_blank\"><\/p>\n<p class=\"know-more__title\">La 1 arrasa con su cobertura sobre Venezuela (28% de cuota en la ma\u00f1ana) y &#8216;laSexta Xplica&#8217; destaca en prime time<\/p>\n<p>            <img decoding=\"async\" class=\"lazy\" loading=\"lazy\" data-src=\"https:\/\/static.eldiario.es\/clip\/77ce84a7-5ceb-4920-802e-db865d50d77f_16-9-aspect-ratio_default_0.jpg\" src=\"data:image\/svg+xml,%3Csvg xmlns=\" http:=\"\" viewbox=\"0 0 880 495\" alt=\"La 1 arrasa con su cobertura sobre Venezuela (28% de cuota en la ma\u00f1ana) y 'laSexta Xplica' destaca en prime time\"\/><\/p>\n<p>                        <\/a><\/p>\n<p class=\"article-text\">\n        Desde Antena 3 se ha desvelado tambi\u00e9n qui\u00e9nes ser\u00e1n las primeras celebrities en pasar por el plat\u00f3 de El Hormiguero en 2026.\n    <\/p>\n<p class=\"article-text\">\n        El mi\u00e9rcoles, Motos recibir\u00e1 en su programa a <strong>Kira Mir\u00f3<\/strong>, <strong>Mar\u00eda Herv\u00e1s<\/strong> y <strong>Raquel Guerrero<\/strong>, actrices de la <a href=\"https:\/\/www.eldiario.es\/vertele\/series\/mejores-series-enero-2026-calendario-estrenos-titulos-imprescindibles-netflix-movistar-hbo-primevideo-filmin-apple_1_12877867.html\" target=\"_blank\" data-mrf-recirculation=\"links-noticia\" class=\"link\" rel=\"nofollow noopener\">segunda temporada<\/a> de <strong>Machos alfa<\/strong> que se estrena pr\u00f3ximamente en Netflix.\n    <\/p>\n<p>    <a href=\"https:\/\/www.eldiario.es\/vertele\/noticias\/10-grandes-preguntas-tv-debe-responder-2026-renovacion-broncano-caso-netflix-warner-eurovision-ot-benidorm-fest_1_12881139.html\" data-mrf-recirculation=\"saber-mas-abajo\" data-dl-event=\"saber-mas-abajo\" rel=\"nofollow noopener\" target=\"_blank\"><\/p>\n<p class=\"know-more__title\">Las 10 grandes preguntas sobre TV que debe responder el 2026: de la renovaci\u00f3n de Broncano al caso Netflix-Warner<\/p>\n<p>            <img decoding=\"async\" class=\"lazy\" loading=\"lazy\" data-src=\"https:\/\/static.eldiario.es\/clip\/88bc1772-0d07-4352-8b0a-ae57f63db2b2_16-9-aspect-ratio_default_0.jpg\" src=\"data:image\/svg+xml,%3Csvg xmlns=\" http:=\"\" viewbox=\"0 0 880 495\" alt=\"Las 10 grandes preguntas sobre TV que debe responder el 2026: de la renovaci\u00f3n de Broncano al caso Netflix-Warner\"\/><\/p>\n<p>                        <\/a><\/p>\n<p class=\"article-text\">\n        Y el jueves se promocionar\u00e1 la <a href=\"https:\/\/www.eldiario.es\/vertele\/noticias\/el-desafio-fecha-estreno-nueva-edicion-antena-3-quienes-son-los-concursantes_1_12882881.html\" target=\"_blank\" data-mrf-recirculation=\"links-noticia\" class=\"link\" rel=\"nofollow noopener\">nueva edici\u00f3n<\/a> de <strong>El Desaf\u00edo<\/strong> con la presencia de <strong>Roberto Leal<\/strong> (presentador del concurso) y dos de sus participantes: <strong>Eduardo Navarrete<\/strong> y <strong>Mar\u00eda Jos\u00e9 Campanario<\/strong>. La mujer de Jesul\u00edn de Ubrique se reencontrar\u00e1 con Pablo Motos en el plat\u00f3 de El Hormiguero casi 12 a\u00f1os despu\u00e9s de su primera visita.\n    <\/p>\n<blockquote class=\"twitter-tweet\" data-lang=\"es\"><p><a href=\"https:\/\/twitter.com\/X\/status\/2007171921062866958?ref_src=twsrc%5Etfw\" rel=\"nofollow noopener\" target=\"_blank\"><\/p><\/blockquote>\n<p>                                    <script async src=\"https:\/\/platform.twitter.com\/widgets.js\" charset=\"utf-8\"><\/script><\/p>\n","protected":false},"excerpt":{"rendered":"Antena 3 retomar\u00e1 la emisi\u00f3n de El Hormiguero en cuanto terminen las vacaciones de Navidad. Seg\u00fan ha anunciado&hellip;\n","protected":false},"author":2,"featured_media":322940,"comment_status":"","ping_status":"","sticky":false,"template":"","format":"standard","meta":{"footnotes":""},"categories":[171],"tags":[4040,3550,5813,146,147,25,24,74997,3551,5812,23,214],"class_list":{"0":"post-322939","1":"post","2":"type-post","3":"status-publish","4":"format-standard","5":"has-post-thumbnail","7":"category-tv","8":"tag-antena-3","9":"tag-cuando-vuelve","10":"tag-el-hormiguero","11":"tag-entertainment","12":"tag-entretenimiento","13":"tag-es","14":"tag-espana","15":"tag-fecha-horario","16":"tag-invitados","17":"tag-pablo-motos","18":"tag-spain","19":"tag-tv"},"share_on_mastodon":{"url":"https:\/\/pubeurope.com\/@es\/115838433795373458","error":""},"_links":{"self":[{"href":"https:\/\/www.europesays.com\/es\/wp-json\/wp\/v2\/posts\/322939","targetHints":{"allow":["GET"]}}],"collection":[{"href":"https:\/\/www.europesays.com\/es\/wp-json\/wp\/v2\/posts"}],"about":[{"href":"https:\/\/www.europesays.com\/es\/wp-json\/wp\/v2\/types\/post"}],"author":[{"embeddable":true,"href":"https:\/\/www.europesays.com\/es\/wp-json\/wp\/v2\/users\/2"}],"replies":[{"embeddable":true,"href":"https:\/\/www.europesays.com\/es\/wp-json\/wp\/v2\/comments?post=322939"}],"version-history":[{"count":0,"href":"https:\/\/www.europesays.com\/es\/wp-json\/wp\/v2\/posts\/322939\/revisions"}],"wp:featuredmedia":[{"embeddable":true,"href":"https:\/\/www.europesays.com\/es\/wp-json\/wp\/v2\/media\/322940"}],"wp:attachment":[{"href":"https:\/\/www.europesays.com\/es\/wp-json\/wp\/v2\/media?parent=322939"}],"wp:term":[{"taxonomy":"category","embeddable":true,"href":"https:\/\/www.europesays.com\/es\/wp-json\/wp\/v2\/categories?post=322939"},{"taxonomy":"post_tag","embeddable":true,"href":"https:\/\/www.europesays.com\/es\/wp-json\/wp\/v2\/tags?post=322939"}],"curies":[{"name":"wp","href":"https:\/\/api.w.org\/{rel}","templated":true}]}}