{"id":322961,"date":"2026-01-04T19:29:07","date_gmt":"2026-01-04T19:29:07","guid":{"rendered":"https:\/\/www.europesays.com\/es\/322961\/"},"modified":"2026-01-04T19:29:07","modified_gmt":"2026-01-04T19:29:07","slug":"hay-que-firmar-un-documento","status":"publish","type":"post","link":"https:\/\/www.europesays.com\/es\/322961\/","title":{"rendered":"Hay que firmar un documento"},"content":{"rendered":"<p data-mrf-recirculation=\"Links P\u00e1rrafos\" class=\"ue-c-article__paragraph paragraph xai-icon-container ue-c-article--first-letter-highlighted\">El 2025 ser\u00e1 recordado en el mundo del golf por ser el a\u00f1o en el que <strong>Rory McIlroy<\/strong> al fin logr\u00f3 conquistar el Grand Slam despu\u00e9s de 10 a\u00f1os intent\u00e1ndolo. El norirland\u00e9s <strong><a href=\"https:\/\/www.marca.com\/golf\/masters-augusta\/2025\/04\/14\/rory-mcilroy-gloria-eterna-dos-actos.html\" rel=\"nofollow noopener\" target=\"_blank\">gan\u00f3 el Masters de Augusta<\/a><\/strong>, el Major que le faltaba, en un playoff contra su gran amigo <strong>Justin Rose<\/strong> y se convirti\u00f3 en el sexto jugador en toda la historia que logra cerrar el c\u00edrculo de los grandes torneos.<\/p>\n<p data-mrf-recirculation=\"Links P\u00e1rrafos\" class=\"ue-c-article__paragraph paragraph xai-icon-container\">Durante su intervenci\u00f3n en el podcast \u2018Stick to Football\u2019, tuvo tiempo para <strong>t<\/strong><a href=\"https:\/\/www.marca.com\/golf\/2026\/01\/02\/mcilroy-abre-par-par-puertas-pga-tour-jugadores-liv.html\" rel=\"nofollow noopener\" target=\"_blank\"><strong>ender la mano a los jugadores del LIV Golf<\/strong><\/a>y para <strong>denunciar la pasividad de Keegan Bradley con el p\u00fablico estadounidense en la Ryder<\/strong>, pero tambi\u00e9n para contar algunos entresijos sobre las <strong>obligaciones de un campe\u00f3n del Masters.<\/strong><\/p>\n<p data-mrf-recirculation=\"Links P\u00e1rrafos\" class=\"ue-c-article__paragraph paragraph xai-icon-container\">Sobre la chaqueta verde, confes\u00f3: <strong>\u201cHay que firmar un documento legal para sacarla del club\u201d<\/strong>. En realidad ya sab\u00edamos que el campe\u00f3n del Masters puede usar la ic\u00f3nica prenda fuera de Augusta National durante un a\u00f1o, pero <strong>siempre con la autorizaci\u00f3n del club<\/strong>; Rory a\u00f1ade que hay que las \u2018condiciones\u2019 hay que dejarlas firmadas. De hecho, <strong>Jon Rahm no pudo llevar la chaqueta verde a San Mam\u00e9s<\/strong> cuando hizo el saque de honor en diciembre de 2023 por decisi\u00f3n de Augusta, aunque aqu\u00ed quiz\u00e1s su fichaje por el LIV tuvo algo que ver.<\/p>\n<p data-mrf-recirculation=\"Links P\u00e1rrafos\" class=\"ue-c-article__paragraph paragraph xai-icon-container\">Rory cont\u00f3 que port\u00f3 la chaqueta durante su gira por la India y Australia, y por supuesto su natal Irlanda del Norte; tambi\u00e9n la us\u00f3 en Halloween, a\u00f1adi\u00f3. Sin embargo, hay reglas estrictas que cumplir. <strong>Tienes que llevar cierta camisa, corbata del club y pantalones<\/strong>; no vale cualquier cosa. La chaqueta <strong>s\u00f3lo puede ir acompa\u00f1ada de zapatos de vestir<\/strong>, prohibido en este caso calzarse unas zapatillas deportivas. <strong>\u201cNo puedes pon\u00e9rtela y salir a tomar algo\u201d<\/strong>, explic\u00f3 McIlroy, si bien tampoco hay un control de actos privados.<\/p>\n<p data-mrf-recirculation=\"Links P\u00e1rrafos\" class=\"ue-c-article__paragraph paragraph xai-icon-container\">Todo esto a McIlroy y probablemente a la mayor\u00eda de ganadores no les importe, pues forma parte de los c\u00f3digos del club. <strong>\u00abEso es lo que lo hace un lugar tan maravilloso. Es como si supieran qui\u00e9nes son y se mantuvieran fieles a su estilo\u201d<\/strong>, argument\u00f3 el vigente campe\u00f3n. Este a\u00f1o, <strong>Zach Johnson<\/strong> desvel\u00f3 en Golfweek que quiz\u00e1s \u00e9l fue el culpable de que ahora todo quede bien firmado antes de comenzar a utilizar la chaqueta verde el a\u00f1o de campe\u00f3n. <strong>\u201cLa us\u00e9 en p\u00fablico con pantalones vaqueros; para protegerla us\u00e9 una bolsa de basura\u201d<\/strong>, confes\u00f3.\u00a0<\/p>\n","protected":false},"excerpt":{"rendered":"El 2025 ser\u00e1 recordado en el mundo del golf por ser el a\u00f1o en el que Rory McIlroy&hellip;\n","protected":false},"author":2,"featured_media":322962,"comment_status":"","ping_status":"","sticky":false,"template":"","format":"standard","meta":{"footnotes":""},"categories":[275],"tags":[168,25,24,329,23,167],"class_list":{"0":"post-322961","1":"post","2":"type-post","3":"status-publish","4":"format-standard","5":"has-post-thumbnail","7":"category-golf","8":"tag-deportes","9":"tag-es","10":"tag-espana","11":"tag-golf","12":"tag-spain","13":"tag-sports"},"share_on_mastodon":{"url":"https:\/\/pubeurope.com\/@es\/115838488660100410","error":""},"_links":{"self":[{"href":"https:\/\/www.europesays.com\/es\/wp-json\/wp\/v2\/posts\/322961","targetHints":{"allow":["GET"]}}],"collection":[{"href":"https:\/\/www.europesays.com\/es\/wp-json\/wp\/v2\/posts"}],"about":[{"href":"https:\/\/www.europesays.com\/es\/wp-json\/wp\/v2\/types\/post"}],"author":[{"embeddable":true,"href":"https:\/\/www.europesays.com\/es\/wp-json\/wp\/v2\/users\/2"}],"replies":[{"embeddable":true,"href":"https:\/\/www.europesays.com\/es\/wp-json\/wp\/v2\/comments?post=322961"}],"version-history":[{"count":0,"href":"https:\/\/www.europesays.com\/es\/wp-json\/wp\/v2\/posts\/322961\/revisions"}],"wp:featuredmedia":[{"embeddable":true,"href":"https:\/\/www.europesays.com\/es\/wp-json\/wp\/v2\/media\/322962"}],"wp:attachment":[{"href":"https:\/\/www.europesays.com\/es\/wp-json\/wp\/v2\/media?parent=322961"}],"wp:term":[{"taxonomy":"category","embeddable":true,"href":"https:\/\/www.europesays.com\/es\/wp-json\/wp\/v2\/categories?post=322961"},{"taxonomy":"post_tag","embeddable":true,"href":"https:\/\/www.europesays.com\/es\/wp-json\/wp\/v2\/tags?post=322961"}],"curies":[{"name":"wp","href":"https:\/\/api.w.org\/{rel}","templated":true}]}}