{"id":323001,"date":"2026-01-04T19:58:08","date_gmt":"2026-01-04T19:58:08","guid":{"rendered":"https:\/\/www.europesays.com\/es\/323001\/"},"modified":"2026-01-04T19:58:08","modified_gmt":"2026-01-04T19:58:08","slug":"el-misterioso-anillo-de-sonsoles-onega-que-desata-los-rumores-de-compromiso","status":"publish","type":"post","link":"https:\/\/www.europesays.com\/es\/323001\/","title":{"rendered":"El misterioso anillo de Sonsoles \u00d3nega que desata los rumores de compromiso"},"content":{"rendered":"<p style=\"\"><strong>Sonsoles \u00d3nega<\/strong> (48 a\u00f1os) est\u00e1 viviendo un muy buen momento profesional. Su programa &#8216;<a href=\"https:\/\/www.abc.es\/play\/series\/noticias\/sonsoles-onega-cuidado-meterme-jardines-llego-autocensurarme-20251128134707-nt.html\" target=\"_self\" data-voc-vtm-id=\"in-text-traffic\" title=\"Y ahora Sonsoles\" data-mrf-link=\"www.abc.es\" rel=\"nofollow noopener\">Y ahora Sonsoles<\/a>&#8216; triunfa en las tardes de Antena 3 y recientemente se estren\u00f3 la adaptaci\u00f3n de su novela &#8216;<strong>Las hijas de la criada<\/strong>&#8216;. El pr\u00f3ximo 25 de febrero,  &#8230; adem\u00e1s, publica su pr\u00f3xima novela, que se llama &#8216;Llevar\u00e1 tu nombre&#8217;. <\/p>\n<p class=\"voc-p\" style=\"\">A pesar de que ella misma asegura que no tiene tiempo de nada, est\u00e1 encantada. Tambi\u00e9n en<a href=\"https:\/\/www.abc.es\/gente\/vida-personal-sonsoles-onega-hijos-divorcio-carlos-pardo-novio-20251202185741-nt.html\" target=\"_self\" data-voc-vtm-id=\"in-text-traffic\" title=\" lo personal\" data-mrf-link=\"www.abc.es\" rel=\"nofollow noopener\"> lo personal<\/a>: desde 2023 sale con <strong>Juan Montes<\/strong>, que trabaja en banca de inversi\u00f3n con director de Finanzas Corporativas de UBS Espa\u00f1a.<\/p>\n<p class=\"voc-p\" style=\"\">Por eso cuando la periodista aparec\u00eda en su programa con un llamativo anillo en el dedo anular de la mano derecha, las miradas se dirigieron a la joya. <strong>Isabel R\u00e1bago<\/strong> fue la primera en preguntar, insinuando que pod\u00eda haber algo m\u00e1s que un simple accesorio. Sonsoles decidi\u00f3 <strong>esquivar la pregunta<\/strong> con discreci\u00f3n, haciendo que la curiosidad de los presentes y espectadores aumentara.<\/p>\n<p class=\"voc-p\" style=\"\">No quiso confirmar ni desmentir si era un anillo de compromiso, un regalo especial o simplemente una elecci\u00f3n estil\u00edstica. Y aunque despu\u00e9s de su programa <strong>estuvo en otro acto p\u00fablico<\/strong>, tambi\u00e9n prefiri\u00f3 mantener el silencio sobre el significado de la joya. Incluso aunque esta llamaba la atenci\u00f3n, porque Sonsoles no paraba de tocarla, de cambiarla de mano o de jugar con ella en un gesto de nerviosismo. <\/p>\n<p class=\"voc-p\" style=\"\">Fue en un encuentro en la Academia de Cine para hablar de la adaptaci\u00f3n televisiva de &#8216;Las hijas de la criada&#8217;, y las preguntas sobre <strong>el \u00abmisterio\u00bb de la sortija<\/strong> continuaron. Ella respondi\u00f3 tajante, aunque con su habitual sonrisa amable, con un \u00abya, adi\u00f3s\u00bb que dej\u00f3 a todo el mundo con la palabra en la boca. <\/p>\n<p class=\"voc-p\" style=\"\">Tampoco en sus redes sociales se ha pronunciado acerca de este anillo, pero es que Sonsoles no es muy dada a hablar de su vida personal. Aunque s\u00ed comparte detalles como sus vacaciones, su pareja sigue siendo un misterio para el gran p\u00fablico. Eso s\u00ed, no se esconden, puesto que en verano fueron <strong>fotografiados juntos en Sotogrande<\/strong>. Y aunque es cauta la comunicadora comparti\u00f3 en &#8216;Diez Minutos&#8217; que se hab\u00edan conocido en una cena de amigos de 2023, abriendo una peque\u00f1a ventana para descubrir detalles m\u00e1s \u00edntimos.<\/p>\n<p>\nAs\u00ed ha hablado Sonsoles de su vida personal\n<\/p>\n<p class=\"voc-p\" style=\"\">Fue Alejandra Prat y a otros amigos en com\u00fan quienes le insistieron que fuera a la cena donde conoci\u00f3 a Juan. En un primer momento, \u00e9l no ten\u00eda ni idea de qui\u00e9n era ella, su trabajo en televisi\u00f3n le era completamente ajeno. \u00ab<strong>Es un t\u00edo muy disfrut\u00f3n<\/strong> y se ha encontrado con una t\u00eda que no tiene tiempo para disfrutar\u00bb, expres\u00f3 entonces. <\/p>\n<p class=\"voc-p\" style=\"\">En 2019, Sonsoles \u00d3nega se separ\u00f3 de Carlos Pardo tras once a\u00f1os de matrimonio, y junto a \u00e9l tuvo dos hijos, Yago y Gonzalo. \u00abAguantar por aguantar no tiene ning\u00fan sentido. Hay que divorciarse m\u00e1s\u00bb, expres\u00f3 en una entrevista con &#8216;El Pa\u00eds&#8217;, admitiendo que era infeliz en su matrimonio. <\/p>\n","protected":false},"excerpt":{"rendered":"Sonsoles \u00d3nega (48 a\u00f1os) est\u00e1 viviendo un muy buen momento profesional. Su programa &#8216;Y ahora Sonsoles&#8216; triunfa en&hellip;\n","protected":false},"author":2,"featured_media":323002,"comment_status":"","ping_status":"","sticky":false,"template":"","format":"standard","meta":{"footnotes":""},"categories":[174],"tags":[20973,255,1625,3006,146,147,25,24,256,1853,1647,11491,1646,23],"class_list":{"0":"post-323001","1":"post","2":"type-post","3":"status-publish","4":"format-standard","5":"has-post-thumbnail","7":"category-famosos","8":"tag-anillo","9":"tag-celebrities","10":"tag-compromiso","11":"tag-desata","12":"tag-entertainment","13":"tag-entretenimiento","14":"tag-es","15":"tag-espana","16":"tag-famosos","17":"tag-misterioso","18":"tag-onega","19":"tag-rumores","20":"tag-sonsoles","21":"tag-spain"},"share_on_mastodon":{"url":"https:\/\/pubeurope.com\/@es\/115838602905466854","error":""},"_links":{"self":[{"href":"https:\/\/www.europesays.com\/es\/wp-json\/wp\/v2\/posts\/323001","targetHints":{"allow":["GET"]}}],"collection":[{"href":"https:\/\/www.europesays.com\/es\/wp-json\/wp\/v2\/posts"}],"about":[{"href":"https:\/\/www.europesays.com\/es\/wp-json\/wp\/v2\/types\/post"}],"author":[{"embeddable":true,"href":"https:\/\/www.europesays.com\/es\/wp-json\/wp\/v2\/users\/2"}],"replies":[{"embeddable":true,"href":"https:\/\/www.europesays.com\/es\/wp-json\/wp\/v2\/comments?post=323001"}],"version-history":[{"count":0,"href":"https:\/\/www.europesays.com\/es\/wp-json\/wp\/v2\/posts\/323001\/revisions"}],"wp:featuredmedia":[{"embeddable":true,"href":"https:\/\/www.europesays.com\/es\/wp-json\/wp\/v2\/media\/323002"}],"wp:attachment":[{"href":"https:\/\/www.europesays.com\/es\/wp-json\/wp\/v2\/media?parent=323001"}],"wp:term":[{"taxonomy":"category","embeddable":true,"href":"https:\/\/www.europesays.com\/es\/wp-json\/wp\/v2\/categories?post=323001"},{"taxonomy":"post_tag","embeddable":true,"href":"https:\/\/www.europesays.com\/es\/wp-json\/wp\/v2\/tags?post=323001"}],"curies":[{"name":"wp","href":"https:\/\/api.w.org\/{rel}","templated":true}]}}