{"id":323021,"date":"2026-01-04T20:09:09","date_gmt":"2026-01-04T20:09:09","guid":{"rendered":"https:\/\/www.europesays.com\/es\/323021\/"},"modified":"2026-01-04T20:09:09","modified_gmt":"2026-01-04T20:09:09","slug":"policia-estatal-ejercito-mexicano-y-guardia-nacional-refuerzan-acciones-de-apoyo-a-la-poblacion-de-san-marcos-tras-sismo","status":"publish","type":"post","link":"https:\/\/www.europesays.com\/es\/323021\/","title":{"rendered":"Polic\u00eda Estatal, Ej\u00e9rcito Mexicano y Guardia Nacional refuerzan acciones de apoyo a la poblaci\u00f3n de San Marcos tras sismo"},"content":{"rendered":"<p>San Marcos, Gro. 3 de enero del 2026. Desde las primeras horas de este viernes, la Secretar\u00eda de Seguridad P\u00fablica del Estado de Guerrero, a trav\u00e9s de la Polic\u00eda Estatal, mantiene un despliegue operativo en el municipio de San Marcos, en coordinaci\u00f3n con personal del Ej\u00e9rcito Mexicano y la Guardia Nacional, para realizar labores de limpieza, retiro de escombros y apoyo a la poblaci\u00f3n, luego del sismo registrado la ma\u00f1ana del viernes.<img fetchpriority=\"high\" decoding=\"async\" class=\"size-medium wp-image-163022 alignright\" src=\"https:\/\/www.europesays.com\/es\/wp-content\/uploads\/2026\/01\/IMG-20260103-WA0075-300x225.jpg\" alt=\"\" width=\"300\" height=\"225\"  \/><\/p>\n<p>Como parte de estas acciones, las y los elementos de las corporaciones de seguridad trabajan de manera conjunta para liberar vialidades, retirar materiales que representan riesgo para la ciudadan\u00eda y contribuir al restablecimiento de condiciones de seguridad y habitabilidad en las zonas afectadas.<\/p>\n<p>Dando atenci\u00f3n a las instrucciones de la Gobernadora Evelyn Salgado Pineda, estas labores tienen como principal objetivo salvaguardar la integridad de las familias, brindar apoyo directo a quienes resultaron afectados y colaborar en la recuperaci\u00f3n paulatina de los servicios b\u00e1sicos, reafirmando el compromiso de las instituciones con la atenci\u00f3n oportuna ante situaciones de emergencia.<\/p>\n<p>La Secretar\u00eda de Seguridad P\u00fablica del Estado reitera su disposici\u00f3n de continuar trabajando de manera coordinada con las fuerzas federales y autoridades locales, manteniendo presencia permanente en la zona para atender cualquier eventualidad y brindar acompa\u00f1amiento a la poblaci\u00f3n.<\/p>\n<p>La SSP Guerrero exhorta a la ciudadan\u00eda a mantenerse informada a trav\u00e9s de los canales oficiales y a seguir las recomendaciones de Protecci\u00f3n Civil.<\/p>\n<p>Protegiendo a Guerrero, cercanos a ti.<\/p>\n","protected":false},"excerpt":{"rendered":"San Marcos, Gro. 3 de enero del 2026. Desde las primeras horas de este viernes, la Secretar\u00eda de&hellip;\n","protected":false},"author":2,"featured_media":323022,"comment_status":"","ping_status":"","sticky":false,"template":"","format":"standard","meta":{"footnotes":""},"categories":[42],"tags":[17,18,13,14,11,61,62,63,64,19,20,9,10,15,16,12,21,22,65,66,67],"class_list":{"0":"post-323021","1":"post","2":"type-post","3":"status-publish","4":"format-standard","5":"has-post-thumbnail","7":"category-internacional","8":"tag-breaking-news","9":"tag-breakingnews","10":"tag-featured-news","11":"tag-featurednews","12":"tag-headlines","13":"tag-internacional","14":"tag-international","15":"tag-international-news","16":"tag-internationalnews","17":"tag-latest-news","18":"tag-latestnews","19":"tag-news","20":"tag-noticias","21":"tag-noticias-destacadas","22":"tag-noticiasdestacadas","23":"tag-titulares","24":"tag-ultimas-noticias","25":"tag-ultimasnoticias","26":"tag-world","27":"tag-world-news","28":"tag-worldnews"},"share_on_mastodon":{"url":"https:\/\/pubeurope.com\/@es\/115838646258181748","error":""},"_links":{"self":[{"href":"https:\/\/www.europesays.com\/es\/wp-json\/wp\/v2\/posts\/323021","targetHints":{"allow":["GET"]}}],"collection":[{"href":"https:\/\/www.europesays.com\/es\/wp-json\/wp\/v2\/posts"}],"about":[{"href":"https:\/\/www.europesays.com\/es\/wp-json\/wp\/v2\/types\/post"}],"author":[{"embeddable":true,"href":"https:\/\/www.europesays.com\/es\/wp-json\/wp\/v2\/users\/2"}],"replies":[{"embeddable":true,"href":"https:\/\/www.europesays.com\/es\/wp-json\/wp\/v2\/comments?post=323021"}],"version-history":[{"count":0,"href":"https:\/\/www.europesays.com\/es\/wp-json\/wp\/v2\/posts\/323021\/revisions"}],"wp:featuredmedia":[{"embeddable":true,"href":"https:\/\/www.europesays.com\/es\/wp-json\/wp\/v2\/media\/323022"}],"wp:attachment":[{"href":"https:\/\/www.europesays.com\/es\/wp-json\/wp\/v2\/media?parent=323021"}],"wp:term":[{"taxonomy":"category","embeddable":true,"href":"https:\/\/www.europesays.com\/es\/wp-json\/wp\/v2\/categories?post=323021"},{"taxonomy":"post_tag","embeddable":true,"href":"https:\/\/www.europesays.com\/es\/wp-json\/wp\/v2\/tags?post=323021"}],"curies":[{"name":"wp","href":"https:\/\/api.w.org\/{rel}","templated":true}]}}