{"id":323037,"date":"2026-01-04T20:24:07","date_gmt":"2026-01-04T20:24:07","guid":{"rendered":"https:\/\/www.europesays.com\/es\/323037\/"},"modified":"2026-01-04T20:24:07","modified_gmt":"2026-01-04T20:24:07","slug":"rtve-anuncia-la-inminente-fecha-de-regreso-de-la-revuelta-en-la-1-tras-su-cancelacion-total-en-navidad","status":"publish","type":"post","link":"https:\/\/www.europesays.com\/es\/323037\/","title":{"rendered":"RTVE anuncia la inminente fecha de regreso de &#8216;La Revuelta&#8217; en La 1 tras su cancelaci\u00f3n total en Navidad"},"content":{"rendered":"<p>Como ya sucediera el a\u00f1o pasado, David Broncano y todo el equipo de &#8216;La Revuelta&#8217; se han tomado un descanso durante las navidades. Pero a diferencia del a\u00f1o pasado, La 1 opt\u00f3 por no emitir reposiciones del programa en su lugar salvo el 30 de diciembre cuando <a href=\"https:\/\/eltelevisero.huffingtonpost.es\/2025\/12\/rtve-levanta-toda-su-programacion-del-martes-y-recupera-la-revuelta-con-este-especial-en-la-1\/\" data-type=\"link\" data-id=\"https:\/\/eltelevisero.huffingtonpost.es\/2025\/12\/rtve-levanta-toda-su-programacion-del-martes-y-recupera-la-revuelta-con-este-especial-en-la-1\/\" rel=\"nofollow noopener\" target=\"_blank\">volvi\u00f3 a ofrecer la entrevista de Rosal\u00eda<\/a> con poco \u00e9xito de audiencia. <\/p>\n<p>Tras este par\u00f3n, &#8216;La Revuelta&#8217; ya tiene todo preparado para retomar su emisi\u00f3n en el access prime time de La 1. Ser\u00e1 el pr\u00f3ximo mi\u00e9rcoles 7 de enero a las 21:50 horas coincidiendo as\u00ed con el regreso de &#8216;El Hormiguero&#8217; a Antena 3 y de &#8216;El Intermedio&#8217; a La Sexta. <\/p>\n<p>Mientras, Pablo Motos ya ha confirmado que regresar\u00e1 con la visita de Kira Mri\u00f3, Mar\u00eda Herv\u00e1s y Raquel Guerrero, las protagonistas de &#8216;Machos Alfa&#8217; ante el estreno de su nueva temporada en Netflix, David Broncano sigue manteniendo en secreto qui\u00e9nes ser\u00e1n sus primeros invitados de 2026. <\/p>\n<p>La 1 ha tirado de humor para anunciar el regreso de &#8216;La Revuelta&#8217;. Y si David Broncano suele hacer dos preguntas cl\u00e1sicas a sus invitados: \u00bfcu\u00e1nto dinero tienen en el banco? y \u00bfcu\u00e1ntas relaciones sexuales ha tenido en el \u00faltimo mes?, la cadena ha optado por lanzar una \u00abpregunta tonta\u00bb a su audiencia. <\/p>\n<p>\u00ab<strong>Si un programa llamado\u00a0La Revuelta\u00a0est\u00e1 de vuelta, \u00bftendr\u00eda que llamarse\u00a0La ReRevuelta?<\/strong>\u00bb se preguntan en la promo de la vuelta del programa de access de La 1. <\/p>\n<blockquote class=\"instagram-media\" data-instgrm-captioned=\"\" data-instgrm-permalink=\"https:\/\/www.instagram.com\/reel\/DTFlpV3jHjF\/?utm_source=ig_embed&amp;utm_campaign=loading\" data-instgrm-version=\"14\" style=\" background:#FFF; border:0; border-radius:3px; box-shadow:0 0 1px 0 rgba(0,0,0,0.5),0 1px 10px 0 rgba(0,0,0,0.15); margin: 1px; max-width:540px; min-width:326px; padding:0; width:99.375%; width:-webkit-calc(100% - 2px); width:calc(100% - 2px);\"\/>\n<p>\t\t\t\t\t\t                    <script async src=\"\/\/www.instagram.com\/embed.js\"><\/script><\/p>\n","protected":false},"excerpt":{"rendered":"Como ya sucediera el a\u00f1o pasado, David Broncano y todo el equipo de &#8216;La Revuelta&#8217; se han tomado&hellip;\n","protected":false},"author":2,"featured_media":323038,"comment_status":"","ping_status":"","sticky":false,"template":"","format":"standard","meta":{"footnotes":""},"categories":[171],"tags":[146,147,25,24,23,214],"class_list":{"0":"post-323037","1":"post","2":"type-post","3":"status-publish","4":"format-standard","5":"has-post-thumbnail","7":"category-tv","8":"tag-entertainment","9":"tag-entretenimiento","10":"tag-es","11":"tag-espana","12":"tag-spain","13":"tag-tv"},"share_on_mastodon":{"url":"https:\/\/pubeurope.com\/@es\/115838706797695896","error":""},"_links":{"self":[{"href":"https:\/\/www.europesays.com\/es\/wp-json\/wp\/v2\/posts\/323037","targetHints":{"allow":["GET"]}}],"collection":[{"href":"https:\/\/www.europesays.com\/es\/wp-json\/wp\/v2\/posts"}],"about":[{"href":"https:\/\/www.europesays.com\/es\/wp-json\/wp\/v2\/types\/post"}],"author":[{"embeddable":true,"href":"https:\/\/www.europesays.com\/es\/wp-json\/wp\/v2\/users\/2"}],"replies":[{"embeddable":true,"href":"https:\/\/www.europesays.com\/es\/wp-json\/wp\/v2\/comments?post=323037"}],"version-history":[{"count":0,"href":"https:\/\/www.europesays.com\/es\/wp-json\/wp\/v2\/posts\/323037\/revisions"}],"wp:featuredmedia":[{"embeddable":true,"href":"https:\/\/www.europesays.com\/es\/wp-json\/wp\/v2\/media\/323038"}],"wp:attachment":[{"href":"https:\/\/www.europesays.com\/es\/wp-json\/wp\/v2\/media?parent=323037"}],"wp:term":[{"taxonomy":"category","embeddable":true,"href":"https:\/\/www.europesays.com\/es\/wp-json\/wp\/v2\/categories?post=323037"},{"taxonomy":"post_tag","embeddable":true,"href":"https:\/\/www.europesays.com\/es\/wp-json\/wp\/v2\/tags?post=323037"}],"curies":[{"name":"wp","href":"https:\/\/api.w.org\/{rel}","templated":true}]}}