{"id":323114,"date":"2026-01-04T21:18:07","date_gmt":"2026-01-04T21:18:07","guid":{"rendered":"https:\/\/www.europesays.com\/es\/323114\/"},"modified":"2026-01-04T21:18:07","modified_gmt":"2026-01-04T21:18:07","slug":"la-fuerza-armada-de-venezuela-afirma-que-parte-del-equipo-de-maduro-fue-asesinado-a-sangre-fria","status":"publish","type":"post","link":"https:\/\/www.europesays.com\/es\/323114\/","title":{"rendered":"La Fuerza Armada de Venezuela afirma que parte del equipo de Maduro fue asesinado \u00aba sangre fr\u00eda\u00bb"},"content":{"rendered":"<p>El ministro de Defensa de Venezuela, <strong>Vladimir Padrino L\u00f3pez, <\/strong>ha rechazado este domingo la captura del presidente venezolano, Nicol\u00e1s Maduro, que ha tachado como \u00abcobarde secuestro\u00bb.  <\/p>\n<p>Ha afirmado, al leer un comunicado de la Fuerza Armada Nacional Bolivariana (FANB), que ocurri\u00f3 despu\u00e9s \u00abde asesinar a sangre fr\u00eda a gran parte de su equipo de seguridad\u00bb.<\/p>\n<p>Padrino no ha  dado una cifra exacta de v\u00edctimas, pero ha respaldado la declaraci\u00f3n de la vicepresidenta Delcy Rodr\u00edguez como presidenta interina y ha asegurado que las<strong> fuerzas armadas han sido activadas en todo el pa\u00eds para garantizar la soberan\u00eda.<\/strong><\/p>\n<p><a href=\"https:\/\/www.rtve.es\/noticias\/20260104\/nicolas-maduro-detencion-brooklyn-feliz-ano\/16881973.shtml\" target=\"_blank\" rel=\"nofollow noopener\">Maduro fue capturado el s\u00e1bado junto a su esposa, Cilia Flores,<\/a> por fuerzas estadounidenses tras lanzar ataques en Caracas y otras ciudades de Venezuela.<\/p>\n<p>Seg\u00fan el New York Times, la operaci\u00f3n dej\u00f3 unos cuarenta muertos. Fuentes hospitalarias en Caracas confirman haber recibido varios cad\u00e1veres. Tambi\u00e9n, hay soldados heridos.<\/p>\n","protected":false},"excerpt":{"rendered":"El ministro de Defensa de Venezuela, Vladimir Padrino L\u00f3pez, ha rechazado este domingo la captura del presidente venezolano,&hellip;\n","protected":false},"author":2,"featured_media":323115,"comment_status":"","ping_status":"","sticky":false,"template":"","format":"standard","meta":{"footnotes":""},"categories":[42],"tags":[17,18,13,14,11,61,62,63,64,19,20,9,10,15,16,12,21,22,65,66,67],"class_list":{"0":"post-323114","1":"post","2":"type-post","3":"status-publish","4":"format-standard","5":"has-post-thumbnail","7":"category-internacional","8":"tag-breaking-news","9":"tag-breakingnews","10":"tag-featured-news","11":"tag-featurednews","12":"tag-headlines","13":"tag-internacional","14":"tag-international","15":"tag-international-news","16":"tag-internationalnews","17":"tag-latest-news","18":"tag-latestnews","19":"tag-news","20":"tag-noticias","21":"tag-noticias-destacadas","22":"tag-noticiasdestacadas","23":"tag-titulares","24":"tag-ultimas-noticias","25":"tag-ultimasnoticias","26":"tag-world","27":"tag-world-news","28":"tag-worldnews"},"share_on_mastodon":{"url":"https:\/\/pubeurope.com\/@es\/115838917295858903","error":""},"_links":{"self":[{"href":"https:\/\/www.europesays.com\/es\/wp-json\/wp\/v2\/posts\/323114","targetHints":{"allow":["GET"]}}],"collection":[{"href":"https:\/\/www.europesays.com\/es\/wp-json\/wp\/v2\/posts"}],"about":[{"href":"https:\/\/www.europesays.com\/es\/wp-json\/wp\/v2\/types\/post"}],"author":[{"embeddable":true,"href":"https:\/\/www.europesays.com\/es\/wp-json\/wp\/v2\/users\/2"}],"replies":[{"embeddable":true,"href":"https:\/\/www.europesays.com\/es\/wp-json\/wp\/v2\/comments?post=323114"}],"version-history":[{"count":0,"href":"https:\/\/www.europesays.com\/es\/wp-json\/wp\/v2\/posts\/323114\/revisions"}],"wp:featuredmedia":[{"embeddable":true,"href":"https:\/\/www.europesays.com\/es\/wp-json\/wp\/v2\/media\/323115"}],"wp:attachment":[{"href":"https:\/\/www.europesays.com\/es\/wp-json\/wp\/v2\/media?parent=323114"}],"wp:term":[{"taxonomy":"category","embeddable":true,"href":"https:\/\/www.europesays.com\/es\/wp-json\/wp\/v2\/categories?post=323114"},{"taxonomy":"post_tag","embeddable":true,"href":"https:\/\/www.europesays.com\/es\/wp-json\/wp\/v2\/tags?post=323114"}],"curies":[{"name":"wp","href":"https:\/\/api.w.org\/{rel}","templated":true}]}}