{"id":323116,"date":"2026-01-04T21:19:51","date_gmt":"2026-01-04T21:19:51","guid":{"rendered":"https:\/\/www.europesays.com\/es\/323116\/"},"modified":"2026-01-04T21:19:51","modified_gmt":"2026-01-04T21:19:51","slug":"protestas-frente-a-la-embajada-de-ee-uu-en-madrid-no-puedo-tolerar-lo-que-le-estan-haciendo-a-venezuela-noticias-de-madrid","status":"publish","type":"post","link":"https:\/\/www.europesays.com\/es\/323116\/","title":{"rendered":"Protestas frente a la embajada de EE UU en Madrid: \u201cNo puedo tolerar lo que le est\u00e1n haciendo a Venezuela\u201d | Noticias de Madrid"},"content":{"rendered":"<p class=\"\">Cientos de personas se han congregado este domingo frente a la embajada de EE UU, en el centro financiero de Madrid, para protestar contra <a href=\"https:\/\/elpais.com\/internacional\/2026-01-04\/ultima-hora-de-nicolas-maduro-detenido-y-de-venezuela-tras-el-ataque-de-estados-unidos-en-directo.html\" target=\"_self\" rel=\"nofollow noopener\" title=\"https:\/\/elpais.com\/internacional\/2026-01-04\/ultima-hora-de-nicolas-maduro-detenido-y-de-venezuela-tras-el-ataque-de-estados-unidos-en-directo.html\">la captura del presidente venezolano, Nicol\u00e1s Maduro,<\/a> y la intervenci\u00f3n del pa\u00eds por parte del Gobierno de Trump. Lo han hecho bajo el lema \u201cContra la agresi\u00f3n imperialista\u201d en una concentraci\u00f3n convocada por la Plataforma Bolivariana de Solidaridad con Venezuela en Madrid.<\/p>\n<p><img decoding=\"auto\" class=\"_re lazyload a_m-h\" height=\"277\"  width=\"414\"  src=\"https:\/\/www.europesays.com\/es\/wp-content\/uploads\/2026\/01\/WCZ2F4WSIFAS5J4W4VIOOFF6QQ.jpg\" loading=\"lazy\"\/>Concentraci\u00f3n en protesta por la detenci\u00f3n de Nicol\u00e1s Maduro ante la embajada de Estados Unidos en Madrid, este domingo.Claudio \u00c1lvarez<\/p>\n<p class=\"\">\u201cHe venido a manifestarme porque estoy en contra de lo que hace EE UU en Venezuela y otros pa\u00edses\u201d, dice Alicia, de 75 a\u00f1os. Junto a ella, cientos de personas han cortado la calle Serrano en plena jornada de compras en la v\u00edspera de la llegada este lunes de los Reyes Magos para gritar: \u201cFuera criminal gringo\u201d, \u201cNo queremos ser una colonia norteamericana\u201d y \u201cFuera asesinos nazis\u201d. Banderas de diferentes pa\u00edses de Am\u00e9rica Latina se han mezclado con banderas espa\u00f1olas republicanas. \u201cHay que cortar la calle, es la \u00fanica forma de que nos escuchen\u201d, dice Soledad mientras mira los m\u00e1s de <a href=\"https:\/\/elpais.com\/expres\/2026-01-04\/guia-expres-para-entender-que-ha-pasado-en-venezuela-y-por-que-maduro-esta-detenido-en-estados-unidos.html\" target=\"_self\" rel=\"nofollow noopener\" title=\"https:\/\/elpais.com\/expres\/2026-01-04\/guia-expres-para-entender-que-ha-pasado-en-venezuela-y-por-que-maduro-esta-detenido-en-estados-unidos.html\">15 furgones de la Polic\u00eda Nacional que custodian la embajada<\/a>. \u201cNo puedo tolerar lo que est\u00e1n haciendo en Venezuela, no podemos tolerar que haya gobiernos que se quieran saltar las normas internacionales\u201d dice Jos\u00e9 Mart\u00edn Segovia, que ha venido acompa\u00f1ado de seis amigos jubilados. <\/p>\n<p><img decoding=\"auto\" class=\"_re lazyload a_m-h\" height=\"276\"  width=\"414\"  src=\"https:\/\/www.europesays.com\/es\/wp-content\/uploads\/2026\/01\/YJGIWOJREZB5DEIIKWV3TTTSNI.jpg\" loading=\"lazy\"\/>Concentraci\u00f3n en protesta por la detenci\u00f3n de Nicol\u00e1s Maduro ante la embajada de Estados Unidos en Madrid, este domingo.Claudio \u00c1lvarez<\/p>\n<p class=\"\">\u201cVinimos porque esto es una agresi\u00f3n contra nuestra ciudadan\u00eda. Estaba muy indignada cuando me enter\u00e9 de la noticia. Esto es un cap\u00edtulo m\u00e1s de una lucha muy larga desde el secuestro del presidente leg\u00edtimo de Venezuela\u201d, asegura la venezolana Gladys Serrano, que sostiene una foto de Nicol\u00e1s Maduro. <\/p>\n<p><img decoding=\"auto\" class=\"_re lazyload a_m-h\" height=\"277\"  width=\"414\"  src=\"https:\/\/www.europesays.com\/es\/wp-content\/uploads\/2026\/01\/RZFIFU5ODBFTRFXIDEIZPJA5SU.jpg\" loading=\"lazy\"\/>Concentraci\u00f3n en protesta por la detenci\u00f3n de Nicol\u00e1s Maduro ante la embajada de Estados Unidos en Madrid, este domingo.Claudio \u00c1lvarez\u201cAgresi\u00f3n imperialista\u201d<\/p>\n<p class=\"\">Al lugar tambi\u00e9n se ha acercado la exministra de Derechos Sociales y l\u00edder de Podemos, Ione Belarra, quien ha criticado p\u00fablicamente la intervenci\u00f3n estadounidense en Venezuela y la califica de \u201cagresi\u00f3n imperialista contra Venezuela y Am\u00e9rica Latina\u201d. Durante la manifestaci\u00f3n, Belarra ha pedido al Gobierno romper con la pol\u00edtica criminal de Trump y salirse de la OTAN.<\/p>\n<p><img decoding=\"auto\" class=\"_re lazyload a_m-h\" height=\"277\"  width=\"414\"  src=\"https:\/\/www.europesays.com\/es\/wp-content\/uploads\/2026\/01\/MF7KD2MCHBA65IDGCX4BI7ORLU.jpg\" loading=\"lazy\"\/>La l\u00edder de Unidas Podemos, Ione Belarra, hace declaraciones a los medios tras participar en la concentraci\u00f3n frente la embajada de EE UU en Madrid, bajo el lema &#8216;No a la agresi\u00f3n de EEUU a Venezuela&#8217;.Claudio \u00c1lvarez<\/p>\n<p class=\"\">Por su parte, la Plataforma Bolivariana de Solidaridad con Venezuela de Madrid ha difundido este mismo domingo un comunicado en el que condena \u201ccon toda rotundidad\u201d la operaci\u00f3n militar estadounidense que deriv\u00f3 en la detenci\u00f3n de Nicol\u00e1s Maduro en Caracas. El colectivo califica la actuaci\u00f3n de \u201cataque criminal\u201d y denuncia una \u201cagresi\u00f3n ilegal e injustificada contra la soberan\u00eda de Venezuela\u201d. El texto sostiene que el objetivo de Washington ser\u00eda \u201cretrotraer al pa\u00eds a la condici\u00f3n de protectorado\u201d y pone en valor los aliados latinoamericanos del chavismo.<\/p>\n","protected":false},"excerpt":{"rendered":"Cientos de personas se han congregado este domingo frente a la embajada de EE UU, en el centro&hellip;\n","protected":false},"author":2,"featured_media":323117,"comment_status":"","ping_status":"","sticky":false,"template":"","format":"standard","meta":{"footnotes":""},"categories":[8],"tags":[17,18,1467,60968,25,24,629,13,14,11,29824,19,20,205,16735,9,10,15,16,6067,23,12,21,22,1192],"class_list":{"0":"post-323116","1":"post","2":"type-post","3":"status-publish","4":"format-standard","5":"has-post-thumbnail","7":"category-espana","8":"tag-breaking-news","9":"tag-breakingnews","10":"tag-comunidad-de-madrid","11":"tag-embajadas","12":"tag-es","13":"tag-espana","14":"tag-estados-unidos","15":"tag-featured-news","16":"tag-featurednews","17":"tag-headlines","18":"tag-ione-belarra","19":"tag-latest-news","20":"tag-latestnews","21":"tag-madrid","22":"tag-manifestaciones","23":"tag-news","24":"tag-noticias","25":"tag-noticias-destacadas","26":"tag-noticiasdestacadas","27":"tag-podemos","28":"tag-spain","29":"tag-titulares","30":"tag-ultimas-noticias","31":"tag-ultimasnoticias","32":"tag-venezuela"},"share_on_mastodon":{"url":"https:\/\/pubeurope.com\/@es\/115838925116727104","error":""},"_links":{"self":[{"href":"https:\/\/www.europesays.com\/es\/wp-json\/wp\/v2\/posts\/323116","targetHints":{"allow":["GET"]}}],"collection":[{"href":"https:\/\/www.europesays.com\/es\/wp-json\/wp\/v2\/posts"}],"about":[{"href":"https:\/\/www.europesays.com\/es\/wp-json\/wp\/v2\/types\/post"}],"author":[{"embeddable":true,"href":"https:\/\/www.europesays.com\/es\/wp-json\/wp\/v2\/users\/2"}],"replies":[{"embeddable":true,"href":"https:\/\/www.europesays.com\/es\/wp-json\/wp\/v2\/comments?post=323116"}],"version-history":[{"count":0,"href":"https:\/\/www.europesays.com\/es\/wp-json\/wp\/v2\/posts\/323116\/revisions"}],"wp:featuredmedia":[{"embeddable":true,"href":"https:\/\/www.europesays.com\/es\/wp-json\/wp\/v2\/media\/323117"}],"wp:attachment":[{"href":"https:\/\/www.europesays.com\/es\/wp-json\/wp\/v2\/media?parent=323116"}],"wp:term":[{"taxonomy":"category","embeddable":true,"href":"https:\/\/www.europesays.com\/es\/wp-json\/wp\/v2\/categories?post=323116"},{"taxonomy":"post_tag","embeddable":true,"href":"https:\/\/www.europesays.com\/es\/wp-json\/wp\/v2\/tags?post=323116"}],"curies":[{"name":"wp","href":"https:\/\/api.w.org\/{rel}","templated":true}]}}