{"id":323118,"date":"2026-01-04T21:20:13","date_gmt":"2026-01-04T21:20:13","guid":{"rendered":"https:\/\/www.europesays.com\/es\/323118\/"},"modified":"2026-01-04T21:20:13","modified_gmt":"2026-01-04T21:20:13","slug":"trump-advierte-a-delcy-rodriguez-que-si-no-hace-lo-correcto-pagara-un-precio-mayor-que-maduro-y-afirma-que-estados-unidos-necesita-groenlandia-internacional","status":"publish","type":"post","link":"https:\/\/www.europesays.com\/es\/323118\/","title":{"rendered":"Trump advierte a Delcy Rodr\u00edguez que \u00absi no hace lo correcto\u00bb pagar\u00e1 un precio mayor que Maduro y afirma que Estados Unidos \u00abnecesita Groenlandia\u00bb | Internacional"},"content":{"rendered":"<p class=\"loc\">Madrid<\/p>\n<p>El presidente de Estados Unidos, en una <a href=\"https:\/\/www.theatlantic.com\/national-security\/2026\/01\/trump-venezuela-maduro-delcy-rodriguez\/685497\/\" target=\"_blank\" rel=\"nofollow noopener\" title=\"https:\/\/www.theatlantic.com\/national-security\/2026\/01\/trump-venezuela-maduro-delcy-rodriguez\/685497\/\">entrevista concedida a The Atlantic<\/a>, ha amenazado t\u00edmidamente a la vicepresidenta de Venezuela, Delcy Rodr\u00edguez, de quien ha dicho que \u00absi no hace lo correcto, pagar\u00e1 un precio muy alto, probablemente mayor que Maduro\u00bb. Adem\u00e1s, el estadounidense ha explicado que Venezuela podr\u00eda no ser el \u00faltimo pa\u00eds sujeto a la intervenci\u00f3n estadounidense y ha aclarado que los norteamericanos \u00abnecesitan Groenlandia, sin duda\u00bb.<\/p>\n<p>M\u00e1s informaci\u00f3n<\/p>\n<p>Trump asegura que Estados Unidos necesita controlar Groenlandia porque est\u00e1 \u00abrodeada de barcos rusos y chinos\u00bb y la requiere \u00abpara la defensa\u00bb, lo que justificar\u00eda una acci\u00f3n militar en el pa\u00eds por motivos de seguridad frente a posibles amenazas vertebradas por estos dos pa\u00edses, que adem\u00e1s han mostrado su apoyo a Venezuela.<\/p>\n<p>Respecto a la transici\u00f3n en Venezuela, Trump, quien este s\u00e1bado dej\u00f3 caer que podr\u00edan considerar a Delcy Rodr\u00edguez como la presidenta en funciones mientras se produce ese derrocamiento del Gobierno de Maduro, ha matizado hoy, despu\u00e9s de que la vicepresidenta llamara al pueblo de Venezuela a defenderse, que respetar\u00e1 a la venezolana si hace lo correcto.<\/p>\n<p>Trump ha definido en esta entrevista a Venezuela como un \u00abpa\u00eds fallido\u00bb y ha asegurado que \u00abreconstruir no es malo en el caso de Venezuela\u00bb. \u00abLa reconstrucci\u00f3n all\u00ed, o el cambio de r\u00e9gimen como quieran llamarlo, es mejor que lo que tienen ahora. No puede empeorar\u00bb, ha asegurado.<\/p>\n","protected":false},"excerpt":{"rendered":"Madrid El presidente de Estados Unidos, en una entrevista concedida a The Atlantic, ha amenazado t\u00edmidamente a la&hellip;\n","protected":false},"author":2,"featured_media":323119,"comment_status":"","ping_status":"","sticky":false,"template":"","format":"standard","meta":{"footnotes":""},"categories":[5],"tags":[17,18,75024,636,25,24,13,14,11,19,20,9,10,15,16,32621,23,12,936,21,22,1192],"class_list":{"0":"post-323118","1":"post","2":"type-post","3":"status-publish","4":"format-standard","5":"has-post-thumbnail","7":"category-titulares","8":"tag-breaking-news","9":"tag-breakingnews","10":"tag-capture","11":"tag-conflict","12":"tag-es","13":"tag-espana","14":"tag-featured-news","15":"tag-featurednews","16":"tag-headlines","17":"tag-latest-news","18":"tag-latestnews","19":"tag-news","20":"tag-noticias","21":"tag-noticias-destacadas","22":"tag-noticiasdestacadas","23":"tag-press","24":"tag-spain","25":"tag-titulares","26":"tag-trump","27":"tag-ultimas-noticias","28":"tag-ultimasnoticias","29":"tag-venezuela"},"share_on_mastodon":{"url":"https:\/\/pubeurope.com\/@es\/115838925177526007","error":""},"_links":{"self":[{"href":"https:\/\/www.europesays.com\/es\/wp-json\/wp\/v2\/posts\/323118","targetHints":{"allow":["GET"]}}],"collection":[{"href":"https:\/\/www.europesays.com\/es\/wp-json\/wp\/v2\/posts"}],"about":[{"href":"https:\/\/www.europesays.com\/es\/wp-json\/wp\/v2\/types\/post"}],"author":[{"embeddable":true,"href":"https:\/\/www.europesays.com\/es\/wp-json\/wp\/v2\/users\/2"}],"replies":[{"embeddable":true,"href":"https:\/\/www.europesays.com\/es\/wp-json\/wp\/v2\/comments?post=323118"}],"version-history":[{"count":0,"href":"https:\/\/www.europesays.com\/es\/wp-json\/wp\/v2\/posts\/323118\/revisions"}],"wp:featuredmedia":[{"embeddable":true,"href":"https:\/\/www.europesays.com\/es\/wp-json\/wp\/v2\/media\/323119"}],"wp:attachment":[{"href":"https:\/\/www.europesays.com\/es\/wp-json\/wp\/v2\/media?parent=323118"}],"wp:term":[{"taxonomy":"category","embeddable":true,"href":"https:\/\/www.europesays.com\/es\/wp-json\/wp\/v2\/categories?post=323118"},{"taxonomy":"post_tag","embeddable":true,"href":"https:\/\/www.europesays.com\/es\/wp-json\/wp\/v2\/tags?post=323118"}],"curies":[{"name":"wp","href":"https:\/\/api.w.org\/{rel}","templated":true}]}}