{"id":323132,"date":"2026-01-04T21:34:08","date_gmt":"2026-01-04T21:34:08","guid":{"rendered":"https:\/\/www.europesays.com\/es\/323132\/"},"modified":"2026-01-04T21:34:08","modified_gmt":"2026-01-04T21:34:08","slug":"un-miembro-de-queen-dice-que-el-mejor-tema-de-la-banda-no-es-bohemian-rhapsody-sino-este-otro-clasico-estabamos-borrachos","status":"publish","type":"post","link":"https:\/\/www.europesays.com\/es\/323132\/","title":{"rendered":"Un miembro de Queen dice que el mejor tema de la banda no es \u2018Bohemian Rhapsody\u2019 sino este otro cl\u00e1sico: \u201cEst\u00e1bamos borrachos\u201d"},"content":{"rendered":"<p><img alt=\"De izquierda a derecha, los\" class=\"global-image\" decoding=\"async\" fetchpriority=\"high\" height=\"4065\" loading=\"eager\" src=\"https:\/\/www.europesays.com\/es\/wp-content\/uploads\/2026\/01\/NYUZHJLSUFEIHNFFQT2YBIHCRA.jpg\" width=\"6000\"\/>De izquierda a derecha, los miembros de Queen: Brian May, John Deacon (detr\u00e1s), Roger Taylor (delante) y Freddie Mercury. (Andre Csillag\/Shutterstock)<\/p>\n<p class=\"paragraph\">La influencia de <b>Queen<\/b> en la historia del rock resulta incuestionable: la banda brit\u00e1nica ha dejado una huella indeleble gracias a un legado de himnos que todav\u00eda hoy mantienen intacta su vigencia y siguen siendo escuchados en todo el mundo. Prueba de ello es c\u00f3mo el recopilatorio Greatest Hits, fechado en 1981 y con m\u00e1s de siete millones de copias vendidas solo en el Reino Unido, ostenta el t\u00edtulo de disco m\u00e1s vendido en la historia del pa\u00eds, superando incluso cualquier lanzamiento individual de <a rel=\"noopener noreferrer nofollow\" href=\"https:\/\/www.infobae.com\/espana\/cultura\/2025\/12\/31\/una-leyenda-del-rock-explica-la-principal-diferencia-entre-los-beatles-y-los-rolling-stones-a-ellos-les-costo-mas-tiempo\/\" target=\"_self\" title=\"https:\/\/www.infobae.com\/espana\/cultura\/2025\/12\/31\/una-leyenda-del-rock-explica-la-principal-diferencia-entre-los-beatles-y-los-rolling-stones-a-ellos-les-costo-mas-tiempo\/\">The Beatles<\/a>.<\/p>\n<p class=\"paragraph\">En el extenso cat\u00e1logo de \u00e9xitos de Queen, muchos asumir\u00edan que Bohemian Rhapsody es la joya de la corona. Sin embargo, para Roger Taylor, bater\u00eda del grupo, el tema predilecto no es ese, sino otro cl\u00e1sico: <b>Under Pressure<\/b>. Esta pieza, nacida de la colaboraci\u00f3n con otra leyenda musical de la talla de <a rel=\"noopener noreferrer nofollow\" href=\"https:\/\/www.infobae.com\/historias\/2025\/11\/20\/rebeldia-identidad-y-arte-como-david-bowie-se-convirtio-en-sinonimo-de-libertad-creativa\/\" target=\"_self\" title=\"https:\/\/www.infobae.com\/historias\/2025\/11\/20\/rebeldia-identidad-y-arte-como-david-bowie-se-convirtio-en-sinonimo-de-libertad-creativa\/\">David Bowie<\/a>, representa, seg\u00fan palabras del propio Taylor en una entrevista con Shortlist en 2013, algo inifualable: \u201cPara Queen, podr\u00eda elegir \u2018Under Pressure\u2019; simplemente me gusta; podr\u00eda haberse grabado mejor, t\u00e9cnicamente, pero es una canci\u00f3n especial\u201d.<\/p>\n<p class=\"paragraph\">Las palabras de Taylor hacen referencia a la gestaci\u00f3n de <a rel=\"noopener noreferrer nofollow\" href=\"https:\/\/www.infobae.com\/historias\/2025\/08\/25\/queen-y-david-bowie-la-historia-detras-de-las-tensiones-que-crearon-el-clasico-under-pressure\/\" target=\"_self\" title=\"https:\/\/www.infobae.com\/historias\/2025\/08\/25\/queen-y-david-bowie-la-historia-detras-de-las-tensiones-que-crearon-el-clasico-under-pressure\/\">Under Pressure<\/a>, la cual estuvo marcada por un ambiente singular que combin\u00f3 espontaneidad y una gran rivalidad creativa. Seg\u00fan relat\u00f3 el guitarrista <b>Brian May<\/b> a la revista Mojo en 2008, la interacci\u00f3n entre Bowie y Queen fue intensa: \u201cDe repente tienes a esta otra persona aportando, aportando, aportando&#8230; \u00e9l (David) tuvo una visi\u00f3n en su cabeza, y es un proceso bastante dif\u00edcil, y alguien tiene que dar marcha atr\u00e1s&#8230; y finalmente yo me ech\u00e9 atr\u00e1s, lo cual es inusual para m\u00ed\u201d.<\/p>\n<p>\u00abUnder Pressure\u00bb, una colaboraci\u00f3n inesperada que se convirti\u00f3 en un himno de amor y solidaridad.<\/p>\n<p class=\"paragraph\">El proceso de grabaci\u00f3n, seg\u00fan se recoge en el documental Days of Our Lives (disponible en YouTube), oblig\u00f3 a la banda a ceder terreno en favor de la visi\u00f3n de Bowie: \u201c<b>David <\/b>se apoder\u00f3 de la letra de la canci\u00f3n. En retrospectiva, es una gran canci\u00f3n, pero deber\u00eda haber sido mezclada de otra manera. Freddie y David tuvieron una batalla feroz por eso\u201d.<\/p>\n<p class=\"paragraph\">Con todo, el origen de esta colaboraci\u00f3n surgi\u00f3 de un modo totalmente opuesto, en una noche en la que Bowie y los miembros de Queen coincidieron y empezaron a tomar copas juntos. \u201cCreo que el proceso fue que todos <b>est\u00e1bamos borrachos<\/b>\u201d, precisaba Taylor en un programa especial en YouTube, \u201csimplemente por diversi\u00f3n tocando todo tipo de viejas canciones&#8230; y creo que David dijo: \u2018Esperad un minuto, \u00bfpor qu\u00e9 no escribimos una nuestra?\u2019\u201d.<\/p>\n<p><img alt=\"David Bowie en 1983. (Rex\" class=\"global-image\" decoding=\"async\" fetchpriority=\"low\" height=\"1280\" loading=\"lazy\" src=\"https:\/\/www.europesays.com\/es\/wp-content\/uploads\/2026\/01\/LI6FKTK3F5C7PMRNAMFFRRTB5A.jpg\" width=\"1920\"\/>David Bowie en 1983. (Rex Features)<\/p>\n<p class=\"paragraph\">El ic\u00f3nico riff de Under Pressure fue obra del bajista <b>John Deacon<\/b>, aunque estuvo a punto de perderse para siempre. May relat\u00f3 que, tras una pausa para comprar pizza, Deacon olvid\u00f3 la secuencia, y solo gracias a la memoria de Taylor pudo rescatarse: \u201cSe le borr\u00f3 completamente de la mente\u201d, explic\u00f3 el baterista que, por suerte, pudo acordarse de la l\u00ednea. <\/p>\n<p class=\"paragraph\">El resultado de aquella ca\u00f3tica sesi\u00f3n fue una pieza que alcanz\u00f3 el n\u00famero uno en las listas brit\u00e1nicas y vendi\u00f3 m\u00e1s de cinco millones de copias en todo el mundo, afirm\u00e1ndose como un hito en la carrera tanto de Queen como de <b>David Bowie<\/b>. Para el recuerdo queda tambi\u00e9n la interpretaci\u00f3n conjunta que se llev\u00f3 a cabo durante el <a rel=\"noopener noreferrer nofollow\" href=\"https:\/\/www.infobae.com\/espana\/cultura\/2025\/07\/15\/la-magia-de-queen-en-live-aid-el-mejor-concierto-de-todos-los-tiempos-que-se-celebro-de-milagro-porque-no-los-querian-dijo-que-su-tiempo-ya-habia-pasado\/\" target=\"_self\" title=\"https:\/\/www.infobae.com\/espana\/cultura\/2025\/07\/15\/la-magia-de-queen-en-live-aid-el-mejor-concierto-de-todos-los-tiempos-que-se-celebro-de-milagro-porque-no-los-querian-dijo-que-su-tiempo-ya-habia-pasado\/\">Live Aid de 1985<\/a>, considerada una de las actuaciones m\u00e1s ic\u00f3nicas del ya de por s\u00ed hist\u00f3rico evento.<\/p>\n","protected":false},"excerpt":{"rendered":"De izquierda a derecha, los miembros de Queen: Brian May, John Deacon (detr\u00e1s), Roger Taylor (delante) y Freddie&hellip;\n","protected":false},"author":2,"featured_media":323133,"comment_status":"","ping_status":"","sticky":false,"template":"","format":"standard","meta":{"footnotes":""},"categories":[170],"tags":[40234,75028,75029,39084,70091,75030,146,147,25,24,30347,56900,25472,8505,3772,19360,56901,184,185,25475,22254,5585,75031,39085,11368,75032,22897,23,9274,41576,37188],"class_list":{"0":"post-323132","1":"post","2":"type-post","3":"status-publish","4":"format-standard","5":"has-post-thumbnail","7":"category-musica","8":"tag-40234","9":"tag-75028","10":"tag-ambassadeurs","11":"tag-bohemian","12":"tag-brian","13":"tag-deacon","14":"tag-entertainment","15":"tag-entretenimiento","16":"tag-es","17":"tag-espana","18":"tag-for","19":"tag-freddie","20":"tag-john","21":"tag-les","22":"tag-male","23":"tag-may","24":"tag-mercury","25":"tag-music","26":"tag-musica","27":"tag-not-performing","28":"tag-personality","29":"tag-queen","30":"tag-reception","31":"tag-rhapsody","32":"tag-roger","33":"tag-sales","34":"tag-sep","35":"tag-spain","36":"tag-taylor","37":"tag-uk","38":"tag-with-others"},"share_on_mastodon":{"url":"https:\/\/pubeurope.com\/@es\/115838980455834336","error":""},"_links":{"self":[{"href":"https:\/\/www.europesays.com\/es\/wp-json\/wp\/v2\/posts\/323132","targetHints":{"allow":["GET"]}}],"collection":[{"href":"https:\/\/www.europesays.com\/es\/wp-json\/wp\/v2\/posts"}],"about":[{"href":"https:\/\/www.europesays.com\/es\/wp-json\/wp\/v2\/types\/post"}],"author":[{"embeddable":true,"href":"https:\/\/www.europesays.com\/es\/wp-json\/wp\/v2\/users\/2"}],"replies":[{"embeddable":true,"href":"https:\/\/www.europesays.com\/es\/wp-json\/wp\/v2\/comments?post=323132"}],"version-history":[{"count":0,"href":"https:\/\/www.europesays.com\/es\/wp-json\/wp\/v2\/posts\/323132\/revisions"}],"wp:featuredmedia":[{"embeddable":true,"href":"https:\/\/www.europesays.com\/es\/wp-json\/wp\/v2\/media\/323133"}],"wp:attachment":[{"href":"https:\/\/www.europesays.com\/es\/wp-json\/wp\/v2\/media?parent=323132"}],"wp:term":[{"taxonomy":"category","embeddable":true,"href":"https:\/\/www.europesays.com\/es\/wp-json\/wp\/v2\/categories?post=323132"},{"taxonomy":"post_tag","embeddable":true,"href":"https:\/\/www.europesays.com\/es\/wp-json\/wp\/v2\/tags?post=323132"}],"curies":[{"name":"wp","href":"https:\/\/api.w.org\/{rel}","templated":true}]}}