{"id":323139,"date":"2026-01-04T21:38:12","date_gmt":"2026-01-04T21:38:12","guid":{"rendered":"https:\/\/www.europesays.com\/es\/323139\/"},"modified":"2026-01-04T21:38:12","modified_gmt":"2026-01-04T21:38:12","slug":"como-llevar-blusas-satinadas-con-pantalones-a-la-oficina-en-enero-2026","status":"publish","type":"post","link":"https:\/\/www.europesays.com\/es\/323139\/","title":{"rendered":"C\u00f3mo llevar blusas satinadas con pantalones a la oficina en enero 2026"},"content":{"rendered":"<p>Las <strong>blusas de efecto brillante<\/strong> son una de las prendas del momento para ir bien vestida al trabajo, ya que proyectan todo lo que necesitas en un look corporativo: elegancia y formalidad. Prueba de lo anterior son los dise\u00f1os de cuello alto en tonos neutros que van muy bien en un ambiente de trabajo, eso s\u00ed, el truco est\u00e1 en conservar la sofisticaci\u00f3n al combinarlos con <strong>pantalones sastre<\/strong> cl\u00e1sicos. Opta por un dise\u00f1o en blanco, de tiro alto y fit fluido, sella el atuendo bicolor con <strong>pumps<\/strong> tradicionales y estar\u00e1s lista para triunfar.<\/p>\n<p>Blusa blanca con lazo y pantal\u00f3n a la cadera<\/p>\n<p><img decoding=\"async\" alt=\"Blusa de lazo satinada street style PrimaveraVerano 2026.\" loading=\"lazy\" class=\"ResponsiveImageContainer-eNxvmU cfBbTk responsive-image__image\"   src=\"https:\/\/www.europesays.com\/es\/wp-content\/uploads\/2026\/01\/blusa-de-sat%C3%A9n-street-style-primavera-verano-2026.jpg\"\/><\/p>\n<p>Las piezas en tonos neutros se coronan como un b\u00e1sico de oficina infalible que vale la pena actualizar.<\/p>\n<p>Christian Vierig \/ Getty Images.<\/p>\n<p>Cambia el estilismo t\u00edpico de oficina de camisa blanca con pantal\u00f3n negro, en su lugar apuesta por una <strong>blusa<\/strong> <strong>de sat\u00e9n<\/strong> con lazo y en blanco impoluto. Un detalle inocente que har\u00e1 toda la diferencia en tu look, marcas como Toteme, Bevza o Max Mara cuentan con prendas similares que no querr\u00e1s dejar de lucir en horario laboral. Ll\u00e9vala con <strong>pantalones de tiro bajo<\/strong> en negro y <strong>zapatillas de tac\u00f3n<\/strong> a tono, el uniforme infalible para destacar del d\u00eda a la tarde.<\/p>\n<p>Blusa boho con volantes satinada y pantalones harem<\/p>\n<p><img decoding=\"async\" alt=\"Blusa boho satinada street style PrimaveraVerano 2026.\" loading=\"lazy\" class=\"ResponsiveImageContainer-eNxvmU cfBbTk responsive-image__image\"   src=\"https:\/\/www.europesays.com\/es\/wp-content\/uploads\/2026\/01\/blusa-boho-de-sat%C3%A9n-street-style-primavera-verano-2026.jpg\"\/><\/p>\n<p>Las blusas boho con efecto satinado son la apuesta segura para lucir \u00fanica en todo el mes de enero 2026.<\/p>\n<p>Edward Berthelot \/ Getty Images.<\/p>\n","protected":false},"excerpt":{"rendered":"Las blusas de efecto brillante son una de las prendas del momento para ir bien vestida al trabajo,&hellip;\n","protected":false},"author":2,"featured_media":323140,"comment_status":"","ping_status":"","sticky":false,"template":"","format":"standard","meta":{"footnotes":""},"categories":[91],"tags":[2175,146,147,25,24,39405,74857,23],"class_list":{"0":"post-323139","1":"post","2":"type-post","3":"status-publish","4":"format-standard","5":"has-post-thumbnail","7":"category-entretenimiento","8":"tag-blusas","9":"tag-entertainment","10":"tag-entretenimiento","11":"tag-es","12":"tag-espana","13":"tag-pantalones","14":"tag-primavera-verano-2026","15":"tag-spain"},"share_on_mastodon":{"url":"https:\/\/pubeurope.com\/@es\/115838995950284967","error":""},"_links":{"self":[{"href":"https:\/\/www.europesays.com\/es\/wp-json\/wp\/v2\/posts\/323139","targetHints":{"allow":["GET"]}}],"collection":[{"href":"https:\/\/www.europesays.com\/es\/wp-json\/wp\/v2\/posts"}],"about":[{"href":"https:\/\/www.europesays.com\/es\/wp-json\/wp\/v2\/types\/post"}],"author":[{"embeddable":true,"href":"https:\/\/www.europesays.com\/es\/wp-json\/wp\/v2\/users\/2"}],"replies":[{"embeddable":true,"href":"https:\/\/www.europesays.com\/es\/wp-json\/wp\/v2\/comments?post=323139"}],"version-history":[{"count":0,"href":"https:\/\/www.europesays.com\/es\/wp-json\/wp\/v2\/posts\/323139\/revisions"}],"wp:featuredmedia":[{"embeddable":true,"href":"https:\/\/www.europesays.com\/es\/wp-json\/wp\/v2\/media\/323140"}],"wp:attachment":[{"href":"https:\/\/www.europesays.com\/es\/wp-json\/wp\/v2\/media?parent=323139"}],"wp:term":[{"taxonomy":"category","embeddable":true,"href":"https:\/\/www.europesays.com\/es\/wp-json\/wp\/v2\/categories?post=323139"},{"taxonomy":"post_tag","embeddable":true,"href":"https:\/\/www.europesays.com\/es\/wp-json\/wp\/v2\/tags?post=323139"}],"curies":[{"name":"wp","href":"https:\/\/api.w.org\/{rel}","templated":true}]}}