{"id":323164,"date":"2026-01-04T21:58:11","date_gmt":"2026-01-04T21:58:11","guid":{"rendered":"https:\/\/www.europesays.com\/es\/323164\/"},"modified":"2026-01-04T21:58:11","modified_gmt":"2026-01-04T21:58:11","slug":"zncine-las-noticias-de-la-semana-1-enero-2026","status":"publish","type":"post","link":"https:\/\/www.europesays.com\/es\/323164\/","title":{"rendered":"#ZNCine \u2013 Las noticias de la semana #1 Enero 2026"},"content":{"rendered":"<p>        <a href=\"https:\/\/www.milcomics.com\/\" target=\"_blank\" onclick=\"gtag(&#039;event&#039;, &#039;Banner-MilComics&#039;, { &#039;event_category&#039;: &#039;Banner-MilComics&#039;, &#039;event_action&#039;:&#039;Banner-MilComics&#039;,&#039;event_label&#039;:&#039;Banner-MilComics&#039; });\" rel=\"nofollow noopener\"><img decoding=\"async\" src=\"https:\/\/www.europesays.com\/es\/wp-content\/uploads\/2025\/09\/banner-milcomics-header.jpg\"\/><\/a>CINE<\/p>\n<p><img decoding=\"async\" src=\"https:\/\/www.europesays.com\/es\/wp-content\/uploads\/2025\/07\/kirbydots.gif\" class=\"kirbydots\"\/> Nunca es tarde si la dicha es buena. Sin embargo, no tenemos claro que la espera, en este caso, haya merecido la pena. Comenzamos lo m\u00e1s destacado de la semana con una noticia que ha sorprendido a los seguidores del Mignolaverso. <strong>Hellboy: The Crooked Man<\/strong> tiene fecha de estreno en nuestro pa\u00eds: el 6 de febrero. A pesar de que estaba previsto su puesta de largo en 2024, la mala acogida de sus primeros pases en pa\u00edses como M\u00e9xico empuj\u00f3 <strong>Dark Horse Entertainment<\/strong> y compa\u00f1\u00eda a guardar la pel\u00edcula en el ba\u00fal de los recuerdos. Hellboy: El hombre retorcido cuenta, detr\u00e1s de las c\u00e1maras, con <strong>Brian Taylor<\/strong>, creador de la serie <a href=\"https:\/\/www.zonanegativa.com\/znmesmorrison-happy-2a-temporada-pascua-de-insurreccion\/\" target=\"_blank\" rel=\"noopener nofollow\">Happy!<\/a>, que adaptaba el c\u00f3mic hom\u00f3nimo de Grant Morrison y Darick Robertson. Jack Kesy, visto en <a href=\"https:\/\/www.zonanegativa.com\/zncine-critica-de-deadpool-2-de-david-leitch\/\" target=\"_blank\" rel=\"noopener nofollow\">Deadpool 2<\/a> y en <a href=\"https:\/\/www.zonanegativa.com\/zncine-critica-de-el-asesino-de-david-fincher\/\" target=\"_blank\" rel=\"noopener nofollow\">The Killer<\/a>, toma el testigo de <strong>Ron Perlman<\/strong> y <strong>David Harbour<\/strong> como Anung Un Rama. En esta ocasi\u00f3n se ha adaptado la historieta hom\u00f3nima creada por <strong>Mike Mignola<\/strong> y <strong>Richard Corben<\/strong> que consigui\u00f3 el premio Eisner a la mejor serie limitada en 2009. Ambientada a finales de los a\u00f1os 50 en las monta\u00f1as Apalaches de Virginia, la trama gira alrededor de una comunidad maldita en la que destaca la figura que da nombre al t\u00edtulo. <strong>Adeline Rudolph, Jefferson White, Leah McNamara, Joseph Marcell<\/strong> y <strong>Nathan Cooper<\/strong> completan un plantel de nombres poco conocidos. <\/p>\n<p><img fetchpriority=\"high\" decoding=\"async\" src=\"https:\/\/www.europesays.com\/es\/wp-content\/uploads\/2026\/01\/Hellboy-600x344.jpg\" alt=\"\" width=\"600\" height=\"344\" class=\"aligncenter size-large wp-image-272506\"  \/><\/p>\n<p><img decoding=\"async\" src=\"https:\/\/www.europesays.com\/es\/wp-content\/uploads\/2025\/07\/kirbydots.gif\" class=\"kirbydots\"\/> Esta semana ya hemos podido disfrutar en buena calidad del teaser de Avengers: Doomsday centrado el regreso de Thor. En las im\u00e1genes podemos ver al personaje de <strong>Chirs Hemsworth<\/strong> en un bosque hablando con Od\u00edn, su padre muerto, de su hija prepar\u00e1ndose para lo que considera el combate contra un \u00faltimo enemigo. Ahora mismo la pel\u00edcula escrita por <strong>Stephen McFeely<\/strong> y dirigida por los hermanos <strong>Anthony y Joe Russo<\/strong> cuenta en su estelar casting con<strong> Chris Hemsworth, Vanessa Kirby, Anthony Mackie, Sebastian Stan, Letitia Wright, Paul Rudd, Wyatt Russell, Tenoch Huerta Mej\u00eda, Ebon Moss-Bachrach, Simu Liu, Florence Pugh, Kelsey Grammer, Lewis Pullman, Danny Ramirez, Joseph Quinn, David Harbour, Winston Duke, Hannah John-Kamen, Tom Hiddleston, Patrick Stewart, Ian McKellen, Alan Cumming, Rebecca Romijn, James Marsden, Channing Tatum, Pedro Pascal<\/strong> y el ya mencionado <strong>Robert Downey Jr<\/strong>. como el Doctor Doom y llegar\u00e1 a los cines el 1 de mayo del pr\u00f3ximo a\u00f1o.<\/p>\n<p><img decoding=\"async\" src=\"https:\/\/www.europesays.com\/es\/wp-content\/uploads\/2025\/07\/kirbydots.gif\" class=\"kirbydots\"\/> La incombustible <strong>A24<\/strong> est\u00e1 de vuelta con How to Make a Killing, Jugada maestra en Espa\u00f1a, una producci\u00f3n brit\u00e1nica escrita y dirigida por <strong>John Patton Ford<\/strong> y protagonizada por <strong>Glen Powell, Margaret Qualley, Ed Harris, Jessica Henwick, Zach Woods, Topher Grace, Raff Law, Bill Camp, James Frecheville, Nell Williams, Sean Michael<\/strong> y <strong>Martin Munro<\/strong>. Becket, un potencial heredero de una fortuna millonaria, solo tiene un peque\u00f1o problema: que es el octavo en la l\u00ednea de sucesi\u00f3n. Lo cual, por supuesto, tiene una f\u00e1cil soluci\u00f3n: matarlos a todos hasta que solo quede \u00e9l. Llegar\u00e1 a los cines el pr\u00f3ximo 15 de mayo.<\/p>\n<p>LOS TR\u00c1ILERES DE LA SEMANA<\/p>\n<p><img decoding=\"async\" src=\"https:\/\/www.europesays.com\/es\/wp-content\/uploads\/2025\/07\/kirbydots.gif\" class=\"kirbydots\"\/> Buenas noticias para los seguidores de <strong>Quentin Tarantino<\/strong>. <strong>Kill Bill: The Whole Affair<\/strong> podr\u00e1 verse en salas de cine espa\u00f1olas el 10 de abril. El ic\u00f3nico d\u00edptico que vio la luz a comienzos de siglo se fusiona en una versi\u00f3n \u00edntegra de m\u00e1s de cuatro horas con una escena animada in\u00e9dita. El genio de Knoxville tuvo a sus \u00f3rdenes un plantel liderado por Uma Thurman quien, enfundada en un mono amarillo, buscaba venganza liquidando a sus antiguas compa\u00f1eras de banda (interpretadas por <strong>Lucy Liu, Daryl Hannah, Vivica A. Fox<\/strong> y <strong>Michael Madsen<\/strong>), antes de hacer lo propio con su ex jefe\/ ex pareja Bill (<strong>David Carradine<\/strong>). <\/p>\n<p><img decoding=\"async\" src=\"https:\/\/www.europesays.com\/es\/wp-content\/uploads\/2025\/07\/kirbydots.gif\" class=\"kirbydots\"\/> <strong>Nicolas Cage<\/strong> se transforma f\u00edsicamente para convertirse en John Madden. El pr\u00f3ximo trabajo del cineasta neoyorquino <strong>David O. Russell<\/strong> orbita alrededor de la legendaria figura de futbol americano. Jugador, entrenador, comentarista\u2026 acab\u00f3 siendo pieza angular en la serie de videojuegos que contin\u00faa utilizando su nombre m\u00e1s all\u00e1 de su muerte en 2021. En su cuarta colaboraci\u00f3n (The Fighter, La gran estafa americana, \u00c1msterdam) con el director de Tres Reyes, <strong>Christian Bale<\/strong> interpreta a Al Davis, propietario de Oakland Raiders, ic\u00f3nico equipo de la NFL. <strong>Kathryn Hahn<\/strong> (<a href=\"https:\/\/www.zonanegativa.com\/znseries-agatha-all-along-episodio-1\/\" target=\"_blank\" rel=\"noopener nofollow\">Agatha, \u00bfqui\u00e9n si no?<\/a>), <strong>John Mulaney<\/strong>, <strong>Dan Matteucci<\/strong> y <strong>Sienna Miller<\/strong> completan el reparto. La cinta ver\u00e1 la luz coincidiendo con el d\u00eda de acci\u00f3n de gracias, el 26 de noviembre.<\/p>\n<p>SERIES<\/p>\n<p><img decoding=\"async\" src=\"https:\/\/www.europesays.com\/es\/wp-content\/uploads\/2025\/07\/kirbydots.gif\" class=\"kirbydots\"\/> Nuestras plegarias han sido escuchadas y es que los fans de la m\u00edtica Malcolm in the Middle ech\u00e1bamos de menos entre tanto revival de series de los 90 y 2000 a la genial serie creada por <strong>Limwood Boomer<\/strong> en el a\u00f1o 2000 que regresar\u00e1 en 2026 con una nueva temporada de cuatro episodios. Con Boomer como showrunner la serie recupera a su cast principal conformado por <strong>Frankie Muniz, Jane Kaczmarek, Bryan Cranston, Justin Berfield<\/strong> y <strong>Christopher Masterson<\/strong>, pero con la notable ausencia de <strong>Erik Perr Sullivan<\/strong> como Dewey, ya que el actor dej\u00f3 el mundo de la interpretaci\u00f3n hace d\u00e9cadas. Su lugar lo ocupa <strong>Caleb Ellsworth-Clark<\/strong>, al que solo podemos vislumbrar en el p\u00f3ster oficial de la serie, pero cuyo aspecto apunta a acierto total de casting habiendo despertado el pensamiento generalizado en redes de ser \u00abm\u00e1s Dewey que el verdadero Dewey\u00bb. Malcolm y su hija se ven arrastrados al caos familiar cuando Hal y Lois exigen su presencia para la fiesta de su 40 aniversario de boda. Llegar\u00e1 a <strong>Hulu<\/strong> y <strong>Disney Plus<\/strong> el 10 de abril.<\/p>\n<p><img loading=\"lazy\" decoding=\"async\" src=\"https:\/\/www.europesays.com\/es\/wp-content\/uploads\/2026\/01\/malcolm3-600x890.jpg\" alt=\"\" width=\"600\" height=\"890\" class=\"aligncenter size-large wp-image-272511\"  \/><\/p>\n<p><img decoding=\"async\" src=\"https:\/\/www.europesays.com\/es\/wp-content\/uploads\/2025\/07\/kirbydots.gif\" class=\"kirbydots\"\/> <strong>Destin Cretton<\/strong> (<a href=\"https:\/\/www.zonanegativa.com\/zncine-critica-de-shang-chi-y-la-leyenda-de-los-diez-anillos-de-destin-daniel-cretton\/\" target=\"_blank\" rel=\"noopener nofollow\">Shang Chi y la leyenda de los Diez Anillos<\/a>) y <strong>Andrew Guest<\/strong> (<a href=\"https:\/\/www.zonanegativa.com\/zn-series-community-el-regreso-de-la-metaserie\/\" target=\"_blank\" rel=\"noopener nofollow\">Community<\/a>) han escrito el libretto de Wonder Man, miniseries de ocho episodios que podr\u00e1 verse en la plataforma de Mickey Mouse desde el 28 de enero. <strong>Yayha Abdul-Mateen II<\/strong>, conocido por ser la encarnaci\u00f3n del Doctor Manhattan en la serie <a href=\"https:\/\/www.zonanegativa.com\/znpodcast-54-watchmen-primer-capitulo-vigilando-a-los-vigilantes\/\" target=\"_blank\" rel=\"noopener nofollow\">Watchmen<\/a> de <strong>HBO Max<\/strong>, es Simon Williams un actor de Hollywood que se ve inmerso en el mundo de los superh\u00e9roes\u2026 cuando comienza a adquirir poderes. <strong>Ben Kingsley<\/strong>, viejo conocido del MCU, recupera a Trevor Slaterry del ba\u00fal de los recuerdos. <strong>Demetrius Grosse, Lauren Glazier<\/strong> y <strong>Byron Bowers<\/strong> son otros miembros de la n\u00f3mina interpretativa. Creado por <strong>Stan Lee<\/strong>, <strong>Don Heck<\/strong> y <strong>Jack Kirby<\/strong>, este personaje apareci\u00f3 por primera vez en octubre de 1964, concretamente en The Avengers n\u00ba 9.<\/p>\n<p><img decoding=\"async\" src=\"https:\/\/www.europesays.com\/es\/wp-content\/uploads\/2025\/07\/kirbydots.gif\" class=\"kirbydots\"\/> <strong>Hudson Williams<\/strong> y <strong>Connor Storrie<\/strong> protagonizan esta aplaudida serie canadiense titulada <strong>M\u00e1s que rivales<\/strong>. Creada por <strong>Jacob Tierney<\/strong>, podr\u00e1 verse en <strong>Movistar+<\/strong> a partir del 5 de febrero. Williams y Storrie dan vida a Shane Hollander e Ilya Rozanove dos astros de la liga de hockey hielo cuya atracci\u00f3n va mucho m\u00e1s all\u00e1 de lo deportivo. La serie adapta la novela hom\u00f3nima escrita por <strong>Rachel Reid<\/strong>.<\/p>\n<p><img decoding=\"async\" src=\"https:\/\/www.europesays.com\/es\/wp-content\/uploads\/2025\/07\/kirbydots.gif\" class=\"kirbydots\"\/> El guionista y director estadounidense <strong>Mike Flanagan<\/strong> (<a href=\"https:\/\/www.zonanegativa.com\/znseries-la-maldicion-de-hill-house-primera-temporada\/\" rel=\"nofollow noopener\" target=\"_blank\">La maldici\u00f3n de Hill House<\/a>, <a href=\"https:\/\/www.zonanegativa.com\/znseries-critica-de-misa-de-medianoche-de-mike-flanagan\/\" rel=\"nofollow noopener\" target=\"_blank\">Misa de medianoche<\/a>), erigido en el nuevo adaptador m\u00e1s activo de la literatura de <strong>Stephen King<\/strong> ha afirmado esta semana que al terminar la post producci\u00f3n de la serie de tv centrada en Carrie, la primera novela del autor de Maine, su prioridad ser\u00e1 la serie que llevar\u00e1 a imagen real la saga La torre oscura para <strong>Amazon Prime Video<\/strong>. Seg\u00fan el autor de <a href=\"https:\/\/www.zonanegativa.com\/zncine-critica-de-el-juego-de-gerald-de-mike-flanagan\/\" rel=\"nofollow noopener\" target=\"_blank\">El juego de Gerald<\/a> o <a href=\"https:\/\/www.zonanegativa.com\/zncine-critica-de-doctor-sueno-de-mike-flanagan\/\" rel=\"nofollow noopener\" target=\"_blank\">Doctor sue\u00f1o<\/a>, varios de los guiones de la primera temporada est\u00e1n ya escritos y estos tendr\u00e1n la misi\u00f3n de llevar a buen puerto las aventuras de Roland Deschaine de Gilead que ya conocieron una versi\u00f3n para cines en 2017, protagonizada por <strong>Idris Elba<\/strong> y <strong>Matthew McConaughey<\/strong>, que supuso un notorio fracaso.<\/p>\n<p><img loading=\"lazy\" decoding=\"async\" src=\"https:\/\/www.europesays.com\/es\/wp-content\/uploads\/2026\/01\/Destacada_la_torre_oscura-500x262.jpg\" alt=\"\" width=\"500\" height=\"262\" class=\"aligncenter size-large wp-image-82419\"  \/><\/p>\n<p>ESC\u00daCHANOS EN NUESTRO PODCAST&#13;<br \/>\n&#13;<\/p>\n","protected":false},"excerpt":{"rendered":"CINE Nunca es tarde si la dicha es buena. Sin embargo, no tenemos claro que la espera, en&hellip;\n","protected":false},"author":2,"featured_media":323165,"comment_status":"","ping_status":"","sticky":false,"template":"","format":"standard","meta":{"footnotes":""},"categories":[169],"tags":[177,146,147,25,24,176,175,23],"class_list":{"0":"post-323164","1":"post","2":"type-post","3":"status-publish","4":"format-standard","5":"has-post-thumbnail","7":"category-cine","8":"tag-cine","9":"tag-entertainment","10":"tag-entretenimiento","11":"tag-es","12":"tag-espana","13":"tag-film","14":"tag-movies","15":"tag-spain"},"share_on_mastodon":{"url":"https:\/\/pubeurope.com\/@es\/115839075093943503","error":""},"_links":{"self":[{"href":"https:\/\/www.europesays.com\/es\/wp-json\/wp\/v2\/posts\/323164","targetHints":{"allow":["GET"]}}],"collection":[{"href":"https:\/\/www.europesays.com\/es\/wp-json\/wp\/v2\/posts"}],"about":[{"href":"https:\/\/www.europesays.com\/es\/wp-json\/wp\/v2\/types\/post"}],"author":[{"embeddable":true,"href":"https:\/\/www.europesays.com\/es\/wp-json\/wp\/v2\/users\/2"}],"replies":[{"embeddable":true,"href":"https:\/\/www.europesays.com\/es\/wp-json\/wp\/v2\/comments?post=323164"}],"version-history":[{"count":0,"href":"https:\/\/www.europesays.com\/es\/wp-json\/wp\/v2\/posts\/323164\/revisions"}],"wp:featuredmedia":[{"embeddable":true,"href":"https:\/\/www.europesays.com\/es\/wp-json\/wp\/v2\/media\/323165"}],"wp:attachment":[{"href":"https:\/\/www.europesays.com\/es\/wp-json\/wp\/v2\/media?parent=323164"}],"wp:term":[{"taxonomy":"category","embeddable":true,"href":"https:\/\/www.europesays.com\/es\/wp-json\/wp\/v2\/categories?post=323164"},{"taxonomy":"post_tag","embeddable":true,"href":"https:\/\/www.europesays.com\/es\/wp-json\/wp\/v2\/tags?post=323164"}],"curies":[{"name":"wp","href":"https:\/\/api.w.org\/{rel}","templated":true}]}}