{"id":323176,"date":"2026-01-04T22:04:09","date_gmt":"2026-01-04T22:04:09","guid":{"rendered":"https:\/\/www.europesays.com\/es\/323176\/"},"modified":"2026-01-04T22:04:09","modified_gmt":"2026-01-04T22:04:09","slug":"en-homenaje-a-mohammed-harbi-1933-2026","status":"publish","type":"post","link":"https:\/\/www.europesays.com\/es\/323176\/","title":{"rendered":"En homenaje a Mohammed Harbi (1933-2026)"},"content":{"rendered":"<p>Mohammed Harbi, nacido en 1933, ha fallecido el 1 de enero de 2026. Homenaje a una alta y hermosa figura de la revoluci\u00f3n argelina. L\u00edder de la Federaci\u00f3n de Francia del FLN durante la Guerra de la Independencia, fue luego el l\u00facido analista de su confiscaci\u00f3n por un poder burocr\u00e1tico y militar.<\/p>\n<p class=\"Cuerpo\">Mohammed Harbi fue un pionero en la deconstrucci\u00f3n de la ideolog\u00eda oficial transmitida en Argelia sobre la historia del pa\u00eds y la guerra de independencia contra Francia. Su cr\u00edtica, a menudo muy afilada, de las pr\u00e1cticas del FLN durante la guerra, de la constituci\u00f3n de un aparato burocr\u00e1tico que se eleva por encima de la sociedad y confiscando\u00a0los logros de esta acci\u00f3n anticolonial no ha pasado desapercibida.<\/p>\n<p class=\"Cuerpo\">En efecto, el hombre fue un importante l\u00edder de la direcci\u00f3n de la Federaci\u00f3n de Francia del FLN entre 1954 y 1958, y luego un asesor influyente en la delegaci\u00f3n del GPRA que dirigi\u00f3 las negociaciones con Francia, lo que llev\u00f3 a la independencia de Argelia en 1962. Por lo tanto, Mohammed Harbi sab\u00eda de lo que hablaba, desde el interior de un movimiento pol\u00edtico revolucionario del que hab\u00eda conocido todos los engranajes y a los hombres colocados en puestos de responsabilidad. En los primeros a\u00f1os de la independencia, antes de sufrir en 1965 la represi\u00f3n que sigui\u00f3 al golpe de Estado de Houari Boumedian, estuvo cerca del trotskista Michel Pablo y de las corrientes autogestionarias.<\/p>\n<p class=\"Cuerpo\">Sus primeros libros, en la d\u00e9cada de 1970, fueron un verdadero rel\u00e1mpago en el cielo aparentemente sereno de los discursos oficiales argelinos, donde \u201cun pueblo an\u00f3nimo y un\u00e1nime\u201d se deshizo de la presencia colonial francesa. En Aux origines du FLN, publicado en 1975, Mohammed Harbi atac\u00f3 primero la arqueolog\u00eda del nacionalismo argelino radical, sacando a la luz el personaje de Messali Hadj, que hab\u00eda animado las primeras organizaciones independentistas argelinas desde la d\u00e9cada de 1920-1930, y que hab\u00eda sido derrotado por el FLN durante la guerra de Argelia. El personaje fue relegado al olvido, convirti\u00e9ndose su nombre en sin\u00f3nimo de traici\u00f3n en la Argelia independiente.<\/p>\n<p class=\"Cuerpo\">Harbi explic\u00f3 las crisis del movimiento nacionalista en relaci\u00f3n con su ideolog\u00eda populista, explic\u00f3 el papel de la religi\u00f3n en la movilizaci\u00f3n pol\u00edtica, en detrimento de los factores de secularizaci\u00f3n, analiz\u00f3 la base social de este movimiento fundamentalmente plebeyo, es decir, que se apoyaba en un campesinado pobre, desclasado, y una d\u00e9bil \u00e9lite urbana aculturizada. Lo que le daba a este partido un aspecto tan variopinto, heterog\u00e9neo, aislado de una izquierda pol\u00edtica francesa hostil en aquel momento al principio de la independencia de Argelia.<\/p>\n<p class=\"Cuerpo\">Mohammed Harbi fue a\u00fan m\u00e1s lejos con su segundo libro, Le FLN mirage et r\u00e9alit\u00e9, publicado en 1980. Contando la historia de la guerra, vista desde el lado de las y los argelinos, esta vez se centr\u00f3 en el papel de la violencia en la construcci\u00f3n del FLN y su control por la fuerza en las ciudades y el campo; cont\u00f3 la \u00abguerra dentro la guerra\u00bb, es decir, el enfrentamiento criminal entre el FLN y los activistas que permanecieron fieles a Messali Hadj; y describi\u00f3 en detalle todas las luchas internas, conspiraciones, asesinatos y ajustes de cuentas para la conquista del poder, y despu\u00e9s (con los asesinatos de Mohammed Khider en 1967 y Krim Belkacem en 1970).<\/p>\n<p class=\"Cuerpo\">Este libro fue un acontecimiento considerable en la escritura de esta historia, precisamente desde finales de la d\u00e9cada de 1970, en un momento en que la cuesti\u00f3n argelina hab\u00eda desaparecido de las preocupaciones de los intelectuales franceses. Argelia, que se hab\u00eda vuelto independiente y socialista, ya no interesaba a mucha gente en aquel momento. Y no ser\u00e1 hasta la d\u00e9cada de 1990 cuando la historia de este pa\u00eds vuelva a estar en primer plano en Francia, con la cuesti\u00f3n de la inmigraci\u00f3n, del Islam en Francia y, sobre todo, de la guerra civil argelina que estall\u00f3 entonces. Tambi\u00e9n fue un antirracista convencido y decidido.<\/p>\n<p class=\"Cuerpo\">Los libros de Harbi han sido para m\u00ed verdaderos marcadores, as\u00ed como para toda una generaci\u00f3n de intelectuales argelinos. Gracias a \u00e9l, se desarrollaron los escritos de la historia de las mujeres argelinas, en relaci\u00f3n con las luchas ciudadanas por la igualdad; insisti\u00f3 en la necesidad de proceder a la deconstrucci\u00f3n de los mitos fundacionales de la historia argelina, para lograr una \u201csecularizaci\u00f3n\u201d de la historia de este pa\u00eds.<\/p>\n<p class=\"Cuerpo\">En un simposio que tuvo lugar en Or\u00e1n, en homenaje a su trabajo, en 2008, expliqu\u00e9 c\u00f3mo el trabajo del Sr. Harbi me hab\u00eda abierto el camino en la escritura de una biograf\u00eda de Messali Hadj en la d\u00e9cada de 1970. Otros ponentes destacaron c\u00f3mo los an\u00e1lisis del Sr. Harbi hab\u00edan servido para comprender las crisis actuales en Argelia, siempre en busca de legitimidad hist\u00f3rica. La celebraci\u00f3n de este coloquio en torno a Mohammed Harbi, cuyos libros han estado prohibidos durante m\u00e1s de veinte a\u00f1os en Argelia, hab\u00eda sido obviamente un acontecimiento considerable.<\/p>\n<p class=\"Cuerpo\">Y aunque hoy queda mucho camino por recorrer en este pa\u00eds en el \u00e1mbito de la historia, el hecho es que las cosas han avanzado gracias a Mohammed Harbi. Fue un desencadenante insustituible en el conocimiento de la historia de la Argelia contempor\u00e1nea.<\/p>\n<p class=\"Cuerpo\">Traducci\u00f3n: Faustino Eguberri<\/p>\n","protected":false},"excerpt":{"rendered":"Mohammed Harbi, nacido en 1933, ha fallecido el 1 de enero de 2026. Homenaje a una alta y&hellip;\n","protected":false},"author":2,"featured_media":323177,"comment_status":"","ping_status":"","sticky":false,"template":"","format":"standard","meta":{"footnotes":""},"categories":[42],"tags":[17,18,13,14,11,61,62,63,64,19,20,9,10,15,16,12,21,22,65,66,67],"class_list":{"0":"post-323176","1":"post","2":"type-post","3":"status-publish","4":"format-standard","5":"has-post-thumbnail","7":"category-internacional","8":"tag-breaking-news","9":"tag-breakingnews","10":"tag-featured-news","11":"tag-featurednews","12":"tag-headlines","13":"tag-internacional","14":"tag-international","15":"tag-international-news","16":"tag-internationalnews","17":"tag-latest-news","18":"tag-latestnews","19":"tag-news","20":"tag-noticias","21":"tag-noticias-destacadas","22":"tag-noticiasdestacadas","23":"tag-titulares","24":"tag-ultimas-noticias","25":"tag-ultimasnoticias","26":"tag-world","27":"tag-world-news","28":"tag-worldnews"},"share_on_mastodon":{"url":"https:\/\/pubeurope.com\/@es\/115839098433225829","error":""},"_links":{"self":[{"href":"https:\/\/www.europesays.com\/es\/wp-json\/wp\/v2\/posts\/323176","targetHints":{"allow":["GET"]}}],"collection":[{"href":"https:\/\/www.europesays.com\/es\/wp-json\/wp\/v2\/posts"}],"about":[{"href":"https:\/\/www.europesays.com\/es\/wp-json\/wp\/v2\/types\/post"}],"author":[{"embeddable":true,"href":"https:\/\/www.europesays.com\/es\/wp-json\/wp\/v2\/users\/2"}],"replies":[{"embeddable":true,"href":"https:\/\/www.europesays.com\/es\/wp-json\/wp\/v2\/comments?post=323176"}],"version-history":[{"count":0,"href":"https:\/\/www.europesays.com\/es\/wp-json\/wp\/v2\/posts\/323176\/revisions"}],"wp:featuredmedia":[{"embeddable":true,"href":"https:\/\/www.europesays.com\/es\/wp-json\/wp\/v2\/media\/323177"}],"wp:attachment":[{"href":"https:\/\/www.europesays.com\/es\/wp-json\/wp\/v2\/media?parent=323176"}],"wp:term":[{"taxonomy":"category","embeddable":true,"href":"https:\/\/www.europesays.com\/es\/wp-json\/wp\/v2\/categories?post=323176"},{"taxonomy":"post_tag","embeddable":true,"href":"https:\/\/www.europesays.com\/es\/wp-json\/wp\/v2\/tags?post=323176"}],"curies":[{"name":"wp","href":"https:\/\/api.w.org\/{rel}","templated":true}]}}