{"id":323189,"date":"2026-01-04T22:16:11","date_gmt":"2026-01-04T22:16:11","guid":{"rendered":"https:\/\/www.europesays.com\/es\/323189\/"},"modified":"2026-01-04T22:16:11","modified_gmt":"2026-01-04T22:16:11","slug":"carlos-iii-y-camilla-primera-salida-en-2026-solemnidad-cercania-y-optimismo","status":"publish","type":"post","link":"https:\/\/www.europesays.com\/es\/323189\/","title":{"rendered":"Carlos III y Camilla, primera salida en 2026: solemnidad, cercan\u00eda y optimismo"},"content":{"rendered":"<p><b>El rey Carlos se mostr\u00f3 especialmente radiante <\/b>este domingo 4 de enero de 2026 al dirigirse a un <a title=\"servicio religioso\" href=\"https:\/\/www.larazon.es\/gente\/casa-real\/discurso-rey-carlos-iii-dia-navidad-llamamiento-desintoxicacion-digital-rastro-hermano-andres_20251225694d7a7622f0db7daffdce3e.html\" target=\"_blank\" rel=\"nofollow noopener\">servicio religioso<\/a> en Sandringham acompa\u00f1ado por la reina Camila. A sus 77 a\u00f1os, <b>el monarca afront\u00f3 el riguroso invierno de Norfolk, <\/b>con temperaturas que descendieron hasta los -1 \u00b0C, enfundado en un distinguido abrigo marr\u00f3n de Anderson &amp; Sheppard, una prenda ic\u00f3nica de su guardarropa que lleva cuatro d\u00e9cadas acompa\u00f1\u00e1ndolo. <b>Ni el viento intenso empa\u00f1\u00f3 su buen \u00e1nimo. <\/b>Carlos se detuvo unos instantes para intercambiar sonrisas y bromas con el reverendo can\u00f3nigo Paul Williams, figura habitual en sus estancias invernales en la finca.<\/p>\n<p><img decoding=\"async\" loading=\"lazy\" src=\"https:\/\/www.europesays.com\/es\/wp-content\/uploads\/2026\/01\/1767564969_744_58.jpg\" alt=\"Britain Royals\" width=\"3255\" height=\"2170\"\/><b>Britain Royals<\/b>ASSOCIATED PRESSAgencia AP<\/p>\n<p>A su llegada al templo, Carlos III <b>salud\u00f3 al reverendo Williams con un afectuoso apret\u00f3n de manos, <\/b>bajo un sol invernal que iluminaba Norfolk con una claridad poco habitual. <b>Camila, por su parte, transmiti\u00f3 una energ\u00eda positiva contagiosa,<\/b> sonriendo con naturalidad a los presentes. Su vestido-abrigo en blanco roto, aparentemente confeccionado en lana, combinaba estilo y funcionalidad frente al fr\u00edo. Un bolso acolchado con el emblema de Chanel aportaba el toque final a su atuendo.<\/p>\n<p><img decoding=\"async\" loading=\"lazy\" src=\"https:\/\/www.europesays.com\/es\/wp-content\/uploads\/2026\/01\/look-reina-camila_58.jpg\" alt=\"El look de la reina Camila.\" width=\"1810\" height=\"1207\"\/><b>El look de la reina Camila.<\/b>Gtres<\/p>\n<p>La expectaci\u00f3n era evidente: <b>los vecinos se congregaron al saberse que el rey asistir\u00eda al servicio dominical. <\/b>Alguno no dud\u00f3 en alzar el tel\u00e9fono para inmortalizar el momento. El ambiente fue distendido y cordial; tanto que resultaba inevitable preguntarse qu\u00e9 palabras cruzaron Carlos y quienes se acercaron a saludarlo, mientras el monarca se giraba entre risas y gestos c\u00f3mplices.<\/p>\n<p>Se trata de la primera aparici\u00f3n p\u00fablica de los reyes en 2026 y tambi\u00e9n la primera desde que acudieran a la iglesia de <a title=\"Santa Mar\u00eda Magdalena\" href=\"https:\/\/www.larazon.es\/gente\/casa-real\/rey-carlos-iii-busca-sacristan-estos-son-requisitos_2025082468aab8876dcbcd3be23d540e.html\" target=\"_blank\" rel=\"nofollow noopener\">Santa Mar\u00eda Magdalena<\/a> para el tradicional servicio y paseo navide\u00f1o. <b>El soberano encabez\u00f3 la caminata junto a Camila, seguidos por los pr\u00edncipes de Gales<\/b> y sus tres hijos: George, Charlotte y Louis.<\/p>\n<p>Los peque\u00f1os acapararon la atenci\u00f3n del p\u00fablico congregado, que no dud\u00f3 en acercarse para intercambiar unas palabras, hacerse selfis y entregarles obsequios navide\u00f1os. <b>La princesa Charlotte se mostr\u00f3 especialmente cercana,<\/b> sonriente y dispuesta a posar ante las c\u00e1maras improvisadas. \u00abEs toda una peque\u00f1a estrella\u00bb, comentaron.<\/p>\n<p><img decoding=\"async\" loading=\"lazy\" src=\"https:\/\/www.europesays.com\/es\/wp-content\/uploads\/2026\/01\/look-kate-middleton-misa-navidad-sandringham_123.jpg\" alt=\"El look de Kate Middleton en la misa de Navidad en Sandringham.\" width=\"2679\" height=\"4019\"\/><b>El look de Kate Middleton en la misa de Navidad en Sandringham.<\/b>Gtres<\/p>\n<p>Concluidas las celebraciones navide\u00f1as de 2025, el rey Carlos ya mira hacia el futuro con renovado entusiasmo. Seg\u00fan public\u00f3 \u00abDaily Mail\u00bb citando fuentes cercanas, <b>el monarca est\u00e1 \u00abdeseando empezar\u00bb el nuevo a\u00f1o.<\/b><\/p>\n","protected":false},"excerpt":{"rendered":"El rey Carlos se mostr\u00f3 especialmente radiante este domingo 4 de enero de 2026 al dirigirse a un&hellip;\n","protected":false},"author":2,"featured_media":323190,"comment_status":"","ping_status":"","sticky":false,"template":"","format":"standard","meta":{"footnotes":""},"categories":[174],"tags":[255,146,147,25,24,256,23],"class_list":{"0":"post-323189","1":"post","2":"type-post","3":"status-publish","4":"format-standard","5":"has-post-thumbnail","7":"category-famosos","8":"tag-celebrities","9":"tag-entertainment","10":"tag-entretenimiento","11":"tag-es","12":"tag-espana","13":"tag-famosos","14":"tag-spain"},"share_on_mastodon":{"url":"https:\/\/pubeurope.com\/@es\/115839145353611914","error":""},"_links":{"self":[{"href":"https:\/\/www.europesays.com\/es\/wp-json\/wp\/v2\/posts\/323189","targetHints":{"allow":["GET"]}}],"collection":[{"href":"https:\/\/www.europesays.com\/es\/wp-json\/wp\/v2\/posts"}],"about":[{"href":"https:\/\/www.europesays.com\/es\/wp-json\/wp\/v2\/types\/post"}],"author":[{"embeddable":true,"href":"https:\/\/www.europesays.com\/es\/wp-json\/wp\/v2\/users\/2"}],"replies":[{"embeddable":true,"href":"https:\/\/www.europesays.com\/es\/wp-json\/wp\/v2\/comments?post=323189"}],"version-history":[{"count":0,"href":"https:\/\/www.europesays.com\/es\/wp-json\/wp\/v2\/posts\/323189\/revisions"}],"wp:featuredmedia":[{"embeddable":true,"href":"https:\/\/www.europesays.com\/es\/wp-json\/wp\/v2\/media\/323190"}],"wp:attachment":[{"href":"https:\/\/www.europesays.com\/es\/wp-json\/wp\/v2\/media?parent=323189"}],"wp:term":[{"taxonomy":"category","embeddable":true,"href":"https:\/\/www.europesays.com\/es\/wp-json\/wp\/v2\/categories?post=323189"},{"taxonomy":"post_tag","embeddable":true,"href":"https:\/\/www.europesays.com\/es\/wp-json\/wp\/v2\/tags?post=323189"}],"curies":[{"name":"wp","href":"https:\/\/api.w.org\/{rel}","templated":true}]}}