{"id":323209,"date":"2026-01-04T22:29:18","date_gmt":"2026-01-04T22:29:18","guid":{"rendered":"https:\/\/www.europesays.com\/es\/323209\/"},"modified":"2026-01-04T22:29:18","modified_gmt":"2026-01-04T22:29:18","slug":"goleada-y-hat-trick-de-gonzalo-en-el-primer-partido-del-ano","status":"publish","type":"post","link":"https:\/\/www.europesays.com\/es\/323209\/","title":{"rendered":"Goleada y \u2018hat-trick\u2019 de Gonzalo en el primer partido del a\u00f1o"},"content":{"rendered":"<p><b>Exhibici\u00f3n de Gonzalo<\/b><br \/>Tras el paso por los vestuarios lleg\u00f3 el golazo de\u00a0<b>Gonzalo<\/b>, el segundo de la tarde. Centr\u00f3\u00a0<b>Valverde<\/b>\u00a0desde la banda derecha en el 50\u2019, el canterano control\u00f3 el esf\u00e9rico con el pecho desde la frontal del \u00e1rea y sin dejar caer el bal\u00f3n sorprendi\u00f3 con una precisa volea ante la que nada pudo hacer \u00c1lvaro Valles pese a su estirada. Apenas cinco minutos despu\u00e9s lleg\u00f3 el 3-0, obra de otro canterano:\u00a0<b>Asencio<\/b>.\u00a0<b>Rodrygo<\/b>\u00a0sac\u00f3 el c\u00f3rner y el central marc\u00f3 con un potente cabezazo.<\/p>\n<p><b>Minutos de infarto<\/b><br \/>A partir de ah\u00ed se desat\u00f3 lo locura. Lo Celso se encontr\u00f3 con el poste en una falta lateral en el 62\u2019, dos minutos despu\u00e9s\u00a0<b>Rodrygo<\/b>\u00a0no pudo superar a \u00c1lvaro Valles en el mano a mano. En el 66\u2019 Cucho Hern\u00e1ndez redujo distancias logrando el 3-1 y diez minutos despu\u00e9s, Riquelme estrell\u00f3 en el palo su disparo. S\u00ed acert\u00f3 de nuevo nuestro equipo en el minuto 82, y fue obra del goleador de la tarde.\u00a0<b>Gonzalo<\/b>\u00a0firm\u00f3 el\u00a0hat-trick\u00a0con un espectacular remate de tac\u00f3n tras la asistencia de\u00a0<b>Arda G\u00fcler<\/b>. Merecida la ovaci\u00f3n con la que le despidi\u00f3 el\u00a0<b>Bernab\u00e9u<\/b>\u00a0al ser sustituido en el 87\u2019. Ya en el a\u00f1adido,\u00a0<b>Fran Garc\u00eda\u00a0<\/b>hizo el quinto. Goleada al Betis para iniciar el a\u00f1o.<\/p>\n","protected":false},"excerpt":{"rendered":"Exhibici\u00f3n de GonzaloTras el paso por los vestuarios lleg\u00f3 el golazo de\u00a0Gonzalo, el segundo de la tarde. Centr\u00f3\u00a0Valverde\u00a0desde&hellip;\n","protected":false},"author":2,"featured_media":323210,"comment_status":"","ping_status":"","sticky":false,"template":"","format":"standard","meta":{"footnotes":""},"categories":[5],"tags":[17,18,25,24,13,14,11,19,20,9,10,15,16,23,12,21,22],"class_list":{"0":"post-323209","1":"post","2":"type-post","3":"status-publish","4":"format-standard","5":"has-post-thumbnail","7":"category-titulares","8":"tag-breaking-news","9":"tag-breakingnews","10":"tag-es","11":"tag-espana","12":"tag-featured-news","13":"tag-featurednews","14":"tag-headlines","15":"tag-latest-news","16":"tag-latestnews","17":"tag-news","18":"tag-noticias","19":"tag-noticias-destacadas","20":"tag-noticiasdestacadas","21":"tag-spain","22":"tag-titulares","23":"tag-ultimas-noticias","24":"tag-ultimasnoticias"},"share_on_mastodon":{"url":"https:\/\/pubeurope.com\/@es\/115839196360127666","error":""},"_links":{"self":[{"href":"https:\/\/www.europesays.com\/es\/wp-json\/wp\/v2\/posts\/323209","targetHints":{"allow":["GET"]}}],"collection":[{"href":"https:\/\/www.europesays.com\/es\/wp-json\/wp\/v2\/posts"}],"about":[{"href":"https:\/\/www.europesays.com\/es\/wp-json\/wp\/v2\/types\/post"}],"author":[{"embeddable":true,"href":"https:\/\/www.europesays.com\/es\/wp-json\/wp\/v2\/users\/2"}],"replies":[{"embeddable":true,"href":"https:\/\/www.europesays.com\/es\/wp-json\/wp\/v2\/comments?post=323209"}],"version-history":[{"count":0,"href":"https:\/\/www.europesays.com\/es\/wp-json\/wp\/v2\/posts\/323209\/revisions"}],"wp:featuredmedia":[{"embeddable":true,"href":"https:\/\/www.europesays.com\/es\/wp-json\/wp\/v2\/media\/323210"}],"wp:attachment":[{"href":"https:\/\/www.europesays.com\/es\/wp-json\/wp\/v2\/media?parent=323209"}],"wp:term":[{"taxonomy":"category","embeddable":true,"href":"https:\/\/www.europesays.com\/es\/wp-json\/wp\/v2\/categories?post=323209"},{"taxonomy":"post_tag","embeddable":true,"href":"https:\/\/www.europesays.com\/es\/wp-json\/wp\/v2\/tags?post=323209"}],"curies":[{"name":"wp","href":"https:\/\/api.w.org\/{rel}","templated":true}]}}