{"id":323215,"date":"2026-01-04T22:38:09","date_gmt":"2026-01-04T22:38:09","guid":{"rendered":"https:\/\/www.europesays.com\/es\/323215\/"},"modified":"2026-01-04T22:38:09","modified_gmt":"2026-01-04T22:38:09","slug":"dos-rebotes-impiden-la-victoria-del-cadiz-cf-en-riazor-2-2","status":"publish","type":"post","link":"https:\/\/www.europesays.com\/es\/323215\/","title":{"rendered":"Dos rebotes impiden la victoria del C\u00e1diz CF en Riazor (2-2)"},"content":{"rendered":"<p class=\"paragraph-atom&#10;        &#10;        B-510-400-550-N B-525-400-700-N--md&#10;        &#10;        \">\n    El <a href=\"https:\/\/www.diariodecadiz.es\/cadizcf\/\" rel=\"nofollow noopener\" target=\"_blank\">C\u00e1diz CF<\/a> arranc\u00f3 el a\u00f1o con meritorio empate (2-2) en el campo del Deportivo de La Coru\u00f1a que no fue victoria por la mala suerte en los dos goles que recibi\u00f3 de la misma manera, con rebote del bal\u00f3n en el cuerpo de Jorge Moreno que desvi\u00f3 la trayectoria.\n    <\/p>\n<p class=\"paragraph-atom&#10;        &#10;        B-510-400-550-N B-525-400-700-N--md&#10;        &#10;        \">\n    El equipo amarillo cuaj\u00f3 una actuaci\u00f3n muy seria, fue valiente ante un rival directo por el ascenso y supo rehacerse de<strong> los inconvenientes que se presentaron en la primera parte<\/strong>. El propio Jorge Moreno anot\u00f3 un tanto y Tabatadze resurgi\u00f3 para poner las tablas en la recta final. La persistencia del C\u00e1diz CF tuvo recompensa porque la derrota hubiese sido un desenlace muy injusto.\n    <\/p>\n<p class=\"paragraph-atom&#10;        &#10;        B-510-400-550-N B-525-400-700-N--md&#10;        &#10;        \">\n    Como se esperaba, Gaizka Garitano mantuvo el sistema 4-4-2 pero con la novedad de \u00c1lvaro Garc\u00eda Pascual junto a Dawda Camara en punta. <strong>Movimentos tambi\u00e9n en los laterales, con Juan D\u00edaz<\/strong> en el derecho en lufar del sancionado Iza Carcel\u00e9n y el regreso en el izquierdo de Mario Climent. Enfrente, un Depor s\u00faper ofensivo con todos sus hombres desequilibrantes sobre el c\u00e9sped.\n    <\/p>\n<p class=\"paragraph-atom&#10;        &#10;        B-510-400-550-N B-525-400-700-N--md&#10;        &#10;        \">\n    El cuadro local sali\u00f3 a atacar sin rodeos y marc\u00f3 en su primera llegada. En el minuto 7, Mella recibi\u00f3 dentro del \u00e1rea, centr\u00f3 pero la pelota cambi\u00f3 de direcci\u00f3n t<strong>ras rebotar en Jorge Moreno<\/strong> y se fue directa a la porter\u00eds sin que Victor Aznar pudiese evitar un tempranero 1-0. El portero se hab\u00eda estirado hacia un lado y el bal\u00f3n al final fue por otro.\n    <\/p>\n<p class=\"paragraph-atom&#10;        &#10;        B-510-400-550-N B-525-400-700-N--md&#10;        &#10;        \">\n    La suerte fue esquiva en un primer tramo de locura. Los amarillos se vieron pronto por debajo en el luminoso. Para no perder costumbre, recibi\u00f3 gol <strong>como en sus quince visitas anteriores<\/strong> a La Coru\u00f1a y se vio abocado a ir a contracorriente.\n    <\/p>\n<p class=\"paragraph-atom&#10;        &#10;        B-510-400-550-N B-525-400-700-N--md&#10;        &#10;        \">\n    Quedada mucho por delante y no era plan de volverse loco, aunque el C\u00e1diz CF trat\u00f3 de dar un paso arriba mientras locales no levantaron el pie del acelerador. <strong>En el 17, Iker Recio<\/strong> lleg\u00f3 a lo justo para abortar un remata a placer de Yeremay.\n    <\/p>\n<p class=\"paragraph-atom&#10;        &#10;        B-510-400-550-N B-525-400-700-N--md&#10;        &#10;        \">\n    Un disparo desviado de De la Rosa en el 18 fue el primer aviso de los amarillos poco antes del tanto del empate que lleg\u00f3 en una acci\u00f3n estrategia trabajada durante la semana y ejecutada a la hora de la verdad. <strong>En el 22, Sergio Ortu\u00f1o sirvi\u00f3 al extremo onubense por la derecha en el saque de una una falta y su centro al \u00e1rea lo caz\u00f3 Jorge Moreno para marcar con una volea imponente<\/strong>. Un golazo para firmar la igualada.\n    <\/p>\n<p class=\"paragraph-atom&#10;        &#10;        B-510-400-550-N B-525-400-700-N--md&#10;        &#10;        \">\n    El defensa central se resarci\u00f3 con su primer gol como cadista aunque se convirti\u00f3 en el protagonista involuntario en su propia \u00e1rea. Sin tiempo para saborear el 1-1, tres minutos despu\u00e9s un nuevo mazazo producto de la mala fortuna. <strong>En el 25, Villares tir\u00f3 desde la frontal,<\/strong> el esf\u00e9rico iba hacia un lado al que se dirig\u00eda V\u00edctor Aznar pero de nuevo tropez\u00f3 el cuerpo de Jorge Moreno para desviar la trayectoria y colarse en la porter\u00eda.\n    <\/p>\n<p class=\"paragraph-atom&#10;        &#10;        B-510-400-550-N B-525-400-700-N--md&#10;        &#10;        \">\n    El 2-1 no pod\u00eda ser m\u00e1s injusto, <strong>completamente aletatorio aunque real como la vida misma<\/strong>. El C\u00e1diz CF intent\u00f3 rebelarse contra el cruel destino y tom\u00f3 las riendas del partido ante un rival que con esa nueva ventaja se ech\u00f3 atr\u00e1s. Movi\u00f3 el cuero de un lado a otro aunque sin llegar a inquietar demasiado.\n    <\/p>\n<p class=\"paragraph-atom&#10;        &#10;        B-510-400-550-N B-525-400-700-N--md&#10;        &#10;        \">\n    Cuando mejor estaban los gaditano, casi reciben el tercer tanto en el 37 en un saque de esquina mal defendido que resolvi\u00f3 V\u00edctor Aznar con un parad\u00f3n con el pie en l\u00ednea de porter\u00eda tras el cabezazo a bocajarro de Loureiro, <strong>que remat\u00f3 sin la m\u00e1s m\u00ednima oposici\u00f3n. R\u00e9plicaron los visotantes <\/strong>en el 39 tambi\u00e9n con un c\u00f3rner pero en este caso el Iker Recio testarazo no atin\u00f3 con su testarazo junto a la porter\u00eda porque s\u00ed estaba estrechamente vigilado.\n    <\/p>\n<p class=\"paragraph-atom&#10;        &#10;        B-510-400-550-N B-525-400-700-N--md&#10;        &#10;        \">\n    El C\u00e1diz CF se march\u00f3 a <strong>vestuarios<\/strong> con una injusta derrota al descanso (merec\u00eda un empate en ese momento) que estaba a tiempo de esquivar en la segunda mitad.\n    <\/p>\n<p class=\"paragraph-atom&#10;        &#10;        B-510-400-550-N B-525-400-700-N--md&#10;        &#10;        \">\n    Los amarillos salieron en la reanudaci\u00f3n decididos a ir a por todas, con valent\u00eda. Asumieron riesgos frente a un rival que pod\u00eda ser m\u00e1s peligrosos con espacios. <strong>Garitano no tard\u00f3 en mover en el banquillo<\/strong> cuando comprob\u00f3 el riesgo que corr\u00eda Brian Ocampo (amoestado en el primer periodo) de ser expulsado. El t\u00e9cnico hizo debutar a Anto\u00f1ito Cordero con cuarenta minutos por delante.\n    <\/p>\n<p class=\"paragraph-atom&#10;        &#10;        B-510-400-550-N B-525-400-700-N--md&#10;        &#10;        \">\n    El C\u00e1diz CF atac\u00f3 como si no hubiera un ma\u00f1ana, <strong>con Moussa Diakit\u00e9 amo y se\u00f1or<\/strong> del centro del campo, con paciencia y elaboraci\u00f3n ya la compleja misi\u00f3n de descomponer el entramado defensivo de los anfitriones. El problema fue cuando el D\u00e9por cruz\u00f3 la l\u00ednea central. En el 58, V\u00edctor Aznar impidi\u00f3 con una mano salvadora el gol de Stoichkov, que hab\u00eda dibujado una vaselina diab\u00f3lica.\n    <\/p>\n<p class=\"paragraph-atom&#10;        &#10;        B-510-400-550-N B-525-400-700-N--md&#10;        &#10;        \">\n    El ataque arrollador de los andaluces no terminaba de traducirse en oportunidades y los de casa cada vez se sent\u00eda m\u00e1s c\u00f3modos a la contra.<strong> El horizonte no era el m\u00e1s favorable<\/strong> pero mientras la diferencia fuese de un solo tanto, todo era posible. En el 67, Garc\u00eda Pascual dispar\u00f3 alto tras deshacerse de Loureiro dentro del \u00e1rea. En el 69, un peligroso centro de Climent lo gan\u00f3 el cancebero antes de que llegase Dawda.\n    <\/p>\n<p class=\"paragraph-atom&#10;        &#10;        B-510-400-550-N B-525-400-700-N--md&#10;        &#10;        \">\n    El atasco arriba provoc\u00f3 nuevas decisiones de Garitano, que busc\u00f3 agitaci\u00f3n ofensiva con \u00c1lex Fern\u00e1ndez, Iuri Tabatadze y Roger Mart\u00ed. <strong>El capit\u00e1n, poco despu\u00e9s de pisar el verde<\/strong>, envi\u00f3 fuera el cuero tras un misil desde la frontal. S\u00ed dio en la diana en Tabatadze en el 85 con un golazo marca de la casa. Recibi\u00f3 un servicio de Garc\u00eda Pascual, control\u00f3 el bal\u00f3n en la derecha, regate\u00f3 a su par con un avance hacia el centro y solt\u00f3 un zurdazo desde el balc\u00f3n del \u00e1rea con el que aloj\u00f3 la pelota en la porter\u00eda junto a un poste. 2-2.\n    <\/p>\n<p class=\"paragraph-atom&#10;        &#10;        B-510-400-550-N B-525-400-700-N--md&#10;        &#10;        \">\n    El georgiano no hab\u00eda aparecido mucho, pero cuando lo hizo <strong>fabric\u00f3 un tanto de bella factura<\/strong> con mezcla de calidad y potencia.\n    <\/p>\n<p>        Ficha t\u00e9cnica<\/p>\n<p class=\"paragraph-atom&#10;        &#10;        B-510-400-550-N B-525-400-700-N--md&#10;        &#10;        \">\n    <strong>Deportivo:<\/strong> \u00c1lvaro Fern\u00e1ndez, Altimira (Barcia, 82&#8242;), Loureiro, Noubi, Quagliata, Villares, Mario Soriano, Luismi Cruz, Mella (Pati\u00f1o, 71&#8242;), Yeremay y Stoichkov (Nsongo, 82&#8242;).\n    <\/p>\n<p class=\"paragraph-atom&#10;        &#10;        B-510-400-550-N B-525-400-700-N--md&#10;        &#10;        \">\n    <strong>C\u00e1diz CF:<\/strong> V\u00edctor Aznar, Juan D\u00edaz, Jorge Moreno, Iker Recio, Climent, Moussa Diakit\u00e9, Ortu\u00f1o (\u00c1lex Fern\u00e1ndez, 69&#8242;), De la Rosa (Tabatadze, 69&#8242;), Brian Ocampo (Anto\u00f1ito, 51&#8242;), Dawda (Roger Mart\u00ed, 69&#8242;) y Garc\u00eda Pascual.\n    <\/p>\n<p class=\"paragraph-atom&#10;        &#10;        B-510-400-550-N B-525-400-700-N--md&#10;        &#10;        \">\n    <strong>Goles:<\/strong> 1-0 (7&#8242;) Mella. 1-1 (22&#8242;) Jorge Moreno. 2-1 (25&#8242;) Villares. 2-2 (85&#8242;) Tabatadze.\n    <\/p>\n<p class=\"paragraph-atom&#10;        &#10;        B-510-400-550-N B-525-400-700-N--md&#10;        &#10;        \">\n    <strong>\u00c1rbitro:<\/strong> Alejandro Ojaos Valera (comit\u00e9 murciano). Amonest\u00f3 a los locales Mario Soriano (21&#8242;), Mella (32&#8242;), Quagliata (73&#8242;), Loureiro (89&#8242;) y a los visitantes Brian Ocampo (44&#8242;), Climent (75&#8242;) y Garc\u00eda Pascual (tras el pitido final).\n    <\/p>\n<p class=\"paragraph-atom&#10;        &#10;        B-510-400-550-N B-525-400-700-N--md&#10;        &#10;        \">\n    <strong>Incidencias:<\/strong> Partido de la vig\u00e9sima jornada de Liga disputado en el estadio Abanca-Riazor.\n    <\/p>\n","protected":false},"excerpt":{"rendered":"El C\u00e1diz CF arranc\u00f3 el a\u00f1o con meritorio empate (2-2) en el campo del Deportivo de La Coru\u00f1a&hellip;\n","protected":false},"author":2,"featured_media":323216,"comment_status":"","ping_status":"","sticky":false,"template":"","format":"standard","meta":{"footnotes":""},"categories":[268],"tags":[75053,2193,13103,168,1563,25,24,280,282,75052,22411,10193,281,23,167,1261],"class_list":{"0":"post-323215","1":"post","2":"type-post","3":"status-publish","4":"format-standard","5":"has-post-thumbnail","7":"category-futbol","8":"tag-2-2","9":"tag-cadiz","10":"tag-cf","11":"tag-deportes","12":"tag-dos","13":"tag-es","14":"tag-espana","15":"tag-football","16":"tag-futbol","17":"tag-impiden","18":"tag-rebotes","19":"tag-riazor","20":"tag-soccer","21":"tag-spain","22":"tag-sports","23":"tag-victoria"},"share_on_mastodon":{"url":"https:\/\/pubeurope.com\/@es\/115839231831530809","error":""},"_links":{"self":[{"href":"https:\/\/www.europesays.com\/es\/wp-json\/wp\/v2\/posts\/323215","targetHints":{"allow":["GET"]}}],"collection":[{"href":"https:\/\/www.europesays.com\/es\/wp-json\/wp\/v2\/posts"}],"about":[{"href":"https:\/\/www.europesays.com\/es\/wp-json\/wp\/v2\/types\/post"}],"author":[{"embeddable":true,"href":"https:\/\/www.europesays.com\/es\/wp-json\/wp\/v2\/users\/2"}],"replies":[{"embeddable":true,"href":"https:\/\/www.europesays.com\/es\/wp-json\/wp\/v2\/comments?post=323215"}],"version-history":[{"count":0,"href":"https:\/\/www.europesays.com\/es\/wp-json\/wp\/v2\/posts\/323215\/revisions"}],"wp:featuredmedia":[{"embeddable":true,"href":"https:\/\/www.europesays.com\/es\/wp-json\/wp\/v2\/media\/323216"}],"wp:attachment":[{"href":"https:\/\/www.europesays.com\/es\/wp-json\/wp\/v2\/media?parent=323215"}],"wp:term":[{"taxonomy":"category","embeddable":true,"href":"https:\/\/www.europesays.com\/es\/wp-json\/wp\/v2\/categories?post=323215"},{"taxonomy":"post_tag","embeddable":true,"href":"https:\/\/www.europesays.com\/es\/wp-json\/wp\/v2\/tags?post=323215"}],"curies":[{"name":"wp","href":"https:\/\/api.w.org\/{rel}","templated":true}]}}