{"id":323227,"date":"2026-01-04T22:47:12","date_gmt":"2026-01-04T22:47:12","guid":{"rendered":"https:\/\/www.europesays.com\/es\/323227\/"},"modified":"2026-01-04T22:47:12","modified_gmt":"2026-01-04T22:47:12","slug":"la-presentadora-cuenta-como-ha-perdido-20-kilos-y-habla-de-su-complicado-divorcio","status":"publish","type":"post","link":"https:\/\/www.europesays.com\/es\/323227\/","title":{"rendered":"la presentadora cuenta c\u00f3mo ha perdido 20 kilos y habla de su complicado divorcio"},"content":{"rendered":"<p id=\"eogl2niPZt\" data-wc=\"112\"><strong>Adriana Doronsorro<\/strong> es una mujer nueva, tanto por dentro como por fuera. El pr\u00f3ximo verano cumplir\u00e1 la cifra redonda de 40 a\u00f1os, en un momento de su vida donde todo parece sonre\u00edrle. En lo profesional, despu\u00e9s de ser reportera y colaboradora en plat\u00f3s durante mucho tiempo, se ha asentado definitivamente como presentadora en las ma\u00f1anas de Telecinco. En el plano personal, ha vuelto a encontrar el amor tras romperse su matrimonio hace ya m\u00e1s de un lustro. Por si esto fuera poco, ha vivido un <strong>gran cambio a nivel de imagen<\/strong> despu\u00e9s de experimentar una considerable bajada de peso, algo que -seg\u00fan cuenta en ella misma- repercute muy positivamente en su bienestar.<\/p>\n<p> <img src=\"https:\/\/www.europesays.com\/es\/wp-content\/uploads\/2026\/01\/0e21207a5ebe-609784913185002915450787743144170821516955375n.jpg\"   width=\"768\" height=\"1024\" loading=\"lazy\" decoding=\"async\" alt=\"Adriana Doronsorro, en el plat\u00f3 de 'Vamos a ver'\" fetchpriority=\"auto\" class=\"image ho-image\"\/>\u00a9 adridorronsoroAdriana Doronsorro, en el plat\u00f3 de &#8216;Vamos a ver&#8217;<\/p>\n<p id=\"ew4ayatFXz\" data-wc=\"120\"><strong>\u00a0\u00abHace un a\u00f1o pesaba veinte kilos m\u00e1s y he pasado por un proceso que decid\u00ed hacer yo, sin ninguna presi\u00f3n laboral ni de ning\u00fan tipo\u00bb,<\/strong> asegura la periodista vasca en una entrevista para el programa\u00a0Las chicas de la cuarta planta (Mediaset Infinity). \u00abLleg\u00f3 un momento en el que vi que me estaba dejando y ten\u00eda h\u00e1bitos que no me gustaban, como desfasar o no hacer ejercicio\u00bb, se\u00f1ala sobre las rutinas y costumbres que la rodeaban antes de adelgazar. As\u00ed, tras darse cuenta de que su realidad del d\u00eda a d\u00eda no era lo que quer\u00eda para ella, le puso \u00abfuerza de voluntad y mucho esfuerzo\u00bb, explica, para cambiar no solo su aspecto sino <strong>\u00absobre todo por la salud\u00bb<\/strong>, subraya.\u00a0<\/p>\n<p> <img src=\"https:\/\/www.europesays.com\/es\/wp-content\/uploads\/2026\/01\/231d7cf28282-565547934184870746760787745176412711388679029n.jpg\"   width=\"768\" height=\"1024\" loading=\"lazy\" decoding=\"async\" alt=\"La periodista, en una foto de sus redes sociales\" fetchpriority=\"auto\" class=\"image ho-image\"\/>\u00a9 adridorronsoroLa periodista, en una foto de sus redes sociales<\/p>\n<p id=\"e3uqa-FSerx\" data-wc=\"134\"><strong>\u00abHe reducido mucho el salir, la vida social, el beber&#8230; todo eso al m\u00e1ximo\u00bb<\/strong>, afirma la comunicadora donostiarra. Aclara que sigue siendo \u00abuna disfrutona\u00bb, pero si antes hac\u00eda planes de ocio \u00abcuatro o cinco d\u00edas y me tomaba mis vinos, ahora salgo uno\u00bb. A su vez, la copresentadora del matinal Vamos a ver\u00a0apunta, como es l\u00f3gico, la importancia de <strong>\u00abla comida, alimentarme bien, entrenar&#8230; al final he ido un poco ordenando mi vida y esto, adem\u00e1s, me ha venido genial mentalmente\u00bb<\/strong>. En cuanto a la respuesta que ha tenido el p\u00fablico hacia ella, lo \u00fanico que lamenta es leer a veces, en redes sociales, comentarios de gente que le dicen<strong>\u00a0<\/strong>\u00abque si me he operado entera o me he pinchado tantas inyecciones&#8230; \u00bfY por qu\u00e9 tengo que dar yo explicaciones de nada?\u00bb, asevera.<\/p>\n<p>Su nueva pareja y el complicado divorcio que vivi\u00f3 con su ex<\/p>\n<p id=\"expFjryXL2\" data-wc=\"113\">Ha desvelado Adriana que desde hace unos meses su coraz\u00f3n vuelve a latir con fuerza, con alguien que le hace sentirse plenamente feliz. \u00abEmpec\u00e9 con \u00e9l en octubre y me dice que se enamor\u00f3 de mi desde el primer d\u00eda\u00bb, confiesa algo ruborizada. <strong>\u00abMe saca once a\u00f1os pero tiene mogoll\u00f3n de energ\u00eda, se cuida, es guap\u00edsimo, superatractivo&#8230; Bueno, \u00a1qu\u00e9 voy a decir yo!\u00bb<\/strong>, afirma entre risas. \u00abEs una persona con la que comparto valores, me hace re\u00edr, es cari\u00f1oso, me suma, me aporta y se preocupa por m\u00ed. Son cosas que he aprendido a valorar porque antes no las ten\u00eda\u00bb, detalla. Adem\u00e1s, y no menos importante, \u00abel sexo con \u00e9l es maravilloso\u00bb, sentencia.<\/p>\n<p> <img src=\"https:\/\/www.europesays.com\/es\/wp-content\/uploads\/2026\/01\/9e36416297d7-dlu594614164.jpg\"   width=\"682\" height=\"1024\" loading=\"lazy\" decoding=\"async\" alt=\"La comunicadora donostiarra, en la premi\u00e8re de 'Todos los lados de la cama' el pasado 12 de noviembre en Madrid\" fetchpriority=\"auto\" class=\"image ho-image\"\/>\u00a9 GTRESLa comunicadora donostiarra, en la premi\u00e8re de &#8216;Todos los lados de la cama&#8217; el pasado 12 de noviembre en Madrid<\/p>\n<p id=\"e4yrRfzyKf\" data-wc=\"118\">Doronsorro estuvo casada con el productor y realizador televisivo Pablo Lasquetty, del cual se separ\u00f3 en 2019 tras dos a\u00f1os como matrimonio. Sobre c\u00f3mo fue aquella ruptura, relata que<strong>\u00a0\u00abintent\u00e9 luchar por esa relaci\u00f3n hasta que vi no pod\u00eda seguir adelante, y me dije: &#8216;Tengo que salir de aqui&#8217;, y as\u00ed lo hice\u00bb<\/strong>. En este sentido, cuenta que \u00abtodos sabemos que un divorcio es muy complicado, pero cuando tom\u00e9 la decisi\u00f3n ya hab\u00eda pasado una especie de duelo que llevaba viviendo durante un tiempo\u00bb. Por \u00faltimo, recuerda que \u00abfue radical. Pens\u00e9: &#8216;Es que no quiero saber nada m\u00e1s y esto es pasado&#8217;, porque ve\u00eda con ilusi\u00f3n enfrentarme a la vida, no ten\u00eda ning\u00fan miedo y me apetec\u00eda\u00bb, concluye.<\/p>\n<p> <img src=\"https:\/\/www.europesays.com\/es\/wp-content\/uploads\/2026\/01\/6e930765f4b9-550177464184812681790787747120055138051801659n.jpg\"   width=\"768\" height=\"1024\" loading=\"lazy\" decoding=\"async\" alt=\"La presentadora vasca, en los estudios de Mediaset\" fetchpriority=\"auto\" class=\"image ho-image\"\/>\u00a9 adridorronsoroLa presentadora vasca, en los estudios de Mediaset<\/p>\n","protected":false},"excerpt":{"rendered":"Adriana Doronsorro es una mujer nueva, tanto por dentro como por fuera. El pr\u00f3ximo verano cumplir\u00e1 la cifra&hellip;\n","protected":false},"author":2,"featured_media":323228,"comment_status":"","ping_status":"","sticky":false,"template":"","format":"standard","meta":{"footnotes":""},"categories":[91],"tags":[517,146,147,25,24,23,807],"class_list":{"0":"post-323227","1":"post","2":"type-post","3":"status-publish","4":"format-standard","5":"has-post-thumbnail","7":"category-entretenimiento","8":"tag-actualidad","9":"tag-entertainment","10":"tag-entretenimiento","11":"tag-es","12":"tag-espana","13":"tag-spain","14":"tag-television"},"share_on_mastodon":{"url":"https:\/\/pubeurope.com\/@es\/115839267427742728","error":""},"_links":{"self":[{"href":"https:\/\/www.europesays.com\/es\/wp-json\/wp\/v2\/posts\/323227","targetHints":{"allow":["GET"]}}],"collection":[{"href":"https:\/\/www.europesays.com\/es\/wp-json\/wp\/v2\/posts"}],"about":[{"href":"https:\/\/www.europesays.com\/es\/wp-json\/wp\/v2\/types\/post"}],"author":[{"embeddable":true,"href":"https:\/\/www.europesays.com\/es\/wp-json\/wp\/v2\/users\/2"}],"replies":[{"embeddable":true,"href":"https:\/\/www.europesays.com\/es\/wp-json\/wp\/v2\/comments?post=323227"}],"version-history":[{"count":0,"href":"https:\/\/www.europesays.com\/es\/wp-json\/wp\/v2\/posts\/323227\/revisions"}],"wp:featuredmedia":[{"embeddable":true,"href":"https:\/\/www.europesays.com\/es\/wp-json\/wp\/v2\/media\/323228"}],"wp:attachment":[{"href":"https:\/\/www.europesays.com\/es\/wp-json\/wp\/v2\/media?parent=323227"}],"wp:term":[{"taxonomy":"category","embeddable":true,"href":"https:\/\/www.europesays.com\/es\/wp-json\/wp\/v2\/categories?post=323227"},{"taxonomy":"post_tag","embeddable":true,"href":"https:\/\/www.europesays.com\/es\/wp-json\/wp\/v2\/tags?post=323227"}],"curies":[{"name":"wp","href":"https:\/\/api.w.org\/{rel}","templated":true}]}}