{"id":323234,"date":"2026-01-04T22:51:41","date_gmt":"2026-01-04T22:51:41","guid":{"rendered":"https:\/\/www.europesays.com\/es\/323234\/"},"modified":"2026-01-04T22:51:41","modified_gmt":"2026-01-04T22:51:41","slug":"miles-de-personas-protestan-en-madrid-contra-la-agresion-imperialista-de-eeuu-en-venezuela","status":"publish","type":"post","link":"https:\/\/www.europesays.com\/es\/323234\/","title":{"rendered":"Miles de personas protestan en Madrid contra la \u00abagresi\u00f3n imperialista\u00bb de EEUU en Venezuela"},"content":{"rendered":"<p>    <img src=\"https:\/\/www.europesays.com\/es\/wp-content\/uploads\/2026\/01\/2026-01-04T143A473A19Z-90724025.jpg\" width=\"1024\" height=\"683\" alt=\"\" loading=\"eager\" decoding=\"sync\" fetchpriority=\"high\"\/><\/p>\n<p>            afp_tickers        <\/p>\n<p>        Este contenido fue publicado en    <\/p>\n<p>        04 enero 2026 &#8211; 15:47\n<\/p>\n<p>Varios miles de manifestantes se congregaron el domingo frente a la embajada de Estados Unidos en Madrid para denunciar una \u00abagresi\u00f3n imperialista\u00bb tras la captura del presidente de Venezuela, Nicol\u00e1s Maduro, durante una operaci\u00f3n militar estadounidense.<\/p>\n<p>Los manifestantes exhibieron numerosas pancartas, entre ellas una que mostraba a Donald Trump engullendo \u00e1vidamente un bid\u00f3n de petr\u00f3leo con los colores de la bandera venezolana, otra que proclamaba \u00abTrump agresor\u00bb, y una en la que se pod\u00eda leer \u00abNo a la agresi\u00f3n imperialista contra Venezuela\u00bb.<\/p>\n<p>Tambi\u00e9n se vieron banderas de la formaci\u00f3n espa\u00f1ola de extrema izquierda Podemos y del Partido Comunista de Espa\u00f1a entre las banderas venezolanas agitadas frente a la embajada, en pleno centro de Madrid, al d\u00eda siguiente de la captura de Maduro por parte de Estados Unidos en el marco de una espectacular operaci\u00f3n militar, tras bombardeos a\u00e9reos sobre Caracas y sus alrededores.<\/p>\n<p>Maduro se encuentra encarcelado en una prisi\u00f3n de Nueva York, a la espera de comparecer ante un juez por cargos de \u00abnarcoterrorismo\u00bb e importaci\u00f3n de coca\u00edna a Estados Unidos.<\/p>\n<p>Donald Trump ya anunci\u00f3 que su pa\u00eds dirigir\u00e1 la transici\u00f3n en Venezuela y que pretende explotar sus vastas reservas de petr\u00f3leo.<\/p>\n<p>El presidente del Gobierno espa\u00f1ol, el socialista Pedro S\u00e1nchez -cuyo pa\u00eds acogi\u00f3 en el exilio al candidato de la oposici\u00f3n en las elecciones presidenciales venezolanas de 2024 Edmundo Gonz\u00e1lez Urrutia-, ya hab\u00eda condenado el s\u00e1bado \u00abuna intervenci\u00f3n que viola el derecho internacional\u00bb, considerando que la operaci\u00f3n \u00abempuja a la regi\u00f3n hacia un horizonte de incertidumbre y belicismo\u00bb, y hab\u00eda llamado a una transici\u00f3n \u00abjusta y mediante el di\u00e1logo\u00bb.<\/p>\n<p>El domingo, S\u00e1nchez reiter\u00f3 sus cr\u00edticas en una carta dirigida a los militantes del Partido Socialista, en la que alude a \u00abLa reciente violaci\u00f3n de la legalidad internacional en Venezuela, acto que condenamos con rotundidad\u00bb.<\/p>\n<p>Varias centenas de personas tambi\u00e9n se manifestaron el domingo frente al consulado de Estados Unidos en \u00c1msterdam, la capital de los Pa\u00edses Bajos, portando pancartas como \u00abYankee go home\u00bb (estadounidenses v\u00e1yanse a su casa) o \u00abStop killing for oil\u00bb (dejen de matar por petr\u00f3leo), inform\u00f3 la agencia de prensa ANP.<\/p>\n<p>ts-mig\/ayv\/mab\/meb<\/p>\n","protected":false},"excerpt":{"rendered":"afp_tickers Este contenido fue publicado en 04 enero 2026 &#8211; 15:47 Varios miles de manifestantes se congregaron el&hellip;\n","protected":false},"author":2,"featured_media":323235,"comment_status":"","ping_status":"","sticky":false,"template":"","format":"standard","meta":{"footnotes":""},"categories":[8],"tags":[635,17,18,3675,636,18680,83,25,24,13,14,11,86,19,20,9,10,15,16,88,23,90,12,21,22],"class_list":{"0":"post-323234","1":"post","2":"type-post","3":"status-publish","4":"format-standard","5":"has-post-thumbnail","7":"category-espana","8":"tag-armed-conflict","9":"tag-breaking-news","10":"tag-breakingnews","11":"tag-civil-unrest","12":"tag-conflict","13":"tag-demonstration","14":"tag-diplomacy","15":"tag-es","16":"tag-espana","17":"tag-featured-news","18":"tag-featurednews","19":"tag-headlines","20":"tag-international-relations","21":"tag-latest-news","22":"tag-latestnews","23":"tag-news","24":"tag-noticias","25":"tag-noticias-destacadas","26":"tag-noticiasdestacadas","27":"tag-politics","28":"tag-spain","29":"tag-ticker","30":"tag-titulares","31":"tag-ultimas-noticias","32":"tag-ultimasnoticias"},"share_on_mastodon":{"url":"https:\/\/pubeurope.com\/@es\/115839283043669467","error":""},"_links":{"self":[{"href":"https:\/\/www.europesays.com\/es\/wp-json\/wp\/v2\/posts\/323234","targetHints":{"allow":["GET"]}}],"collection":[{"href":"https:\/\/www.europesays.com\/es\/wp-json\/wp\/v2\/posts"}],"about":[{"href":"https:\/\/www.europesays.com\/es\/wp-json\/wp\/v2\/types\/post"}],"author":[{"embeddable":true,"href":"https:\/\/www.europesays.com\/es\/wp-json\/wp\/v2\/users\/2"}],"replies":[{"embeddable":true,"href":"https:\/\/www.europesays.com\/es\/wp-json\/wp\/v2\/comments?post=323234"}],"version-history":[{"count":0,"href":"https:\/\/www.europesays.com\/es\/wp-json\/wp\/v2\/posts\/323234\/revisions"}],"wp:featuredmedia":[{"embeddable":true,"href":"https:\/\/www.europesays.com\/es\/wp-json\/wp\/v2\/media\/323235"}],"wp:attachment":[{"href":"https:\/\/www.europesays.com\/es\/wp-json\/wp\/v2\/media?parent=323234"}],"wp:term":[{"taxonomy":"category","embeddable":true,"href":"https:\/\/www.europesays.com\/es\/wp-json\/wp\/v2\/categories?post=323234"},{"taxonomy":"post_tag","embeddable":true,"href":"https:\/\/www.europesays.com\/es\/wp-json\/wp\/v2\/tags?post=323234"}],"curies":[{"name":"wp","href":"https:\/\/api.w.org\/{rel}","templated":true}]}}