{"id":323246,"date":"2026-01-04T23:05:21","date_gmt":"2026-01-04T23:05:21","guid":{"rendered":"https:\/\/www.europesays.com\/es\/323246\/"},"modified":"2026-01-04T23:05:21","modified_gmt":"2026-01-04T23:05:21","slug":"muere-el-bebe-de-dos-meses-de-una-exconcursante-de-acapulco-shore","status":"publish","type":"post","link":"https:\/\/www.europesays.com\/es\/323246\/","title":{"rendered":"Muere el beb\u00e9 de dos meses de una exconcursante de &#8216;Acapulco Shore&#8217;"},"content":{"rendered":"<p style=\"\"><strong>Fer Moreno<\/strong> salt\u00f3 a la fama internacional en el &#8216;reality show&#8217; de <a href=\"https:\/\/www.abc.es\/play\/television\/adios-mtv-canal-puso-imagen-musica-varias-20251016192557-nt.html\" target=\"_self\" data-voc-vtm-id=\"in-text-traffic\" title=\"MTV\" data-mrf-link=\"www.abc.es\" rel=\"nofollow noopener\">MTV<\/a> &#8216;Acapulco Shore&#8217; y amasa m\u00e1s de un mill\u00f3n de seguidores. Esa multitud llora ahora con ella la muerte de su beb\u00e9, Atlas, que naci\u00f3 el pasado mes de octubre y  &#8230; falleci\u00f3 inesperadamente el <a href=\"https:\/\/www.abc.es\/espana\/galicia\/peregrino-bajo-nieve-camino-navidad-20260104203009-nt.html\" target=\"_self\" data-voc-vtm-id=\"in-text-traffic\" title=\"d\u00eda de Navidad\" data-mrf-link=\"www.abc.es\" rel=\"nofollow noopener\">d\u00eda de Navidad<\/a>, tal y como ha contado ella misma. \u00abQueridos amigos. Con un coraz\u00f3n lleno de dolor y gratitud, quiero compartir con ustedes una noticia muy dif\u00edcil. Mi angelito, Atlas, nuestro beb\u00e9, nos dej\u00f3 la ma\u00f1ana del 25 de diciembre\u00bb, ha compartido en sus &#8216;stories&#8217;. <\/p>\n<p class=\"voc-p\" style=\"\">\u00abAunque el tiempo que Dios me los prest\u00f3 fue cortito, estoy agradecida por cada momento que pas\u00e9 con \u00e9l, por cada sonrisa y cada balbuceo. S\u00e9 que <strong>mi beb\u00e9 me amaba<\/strong> y yo lo amaba a \u00e9l\u00bb, a\u00f1ad\u00eda en la emotiva publicaci\u00f3n. \u00abQuiero pedirles que respeten el profundo dolor que su pap\u00e1 y yo estamos pasando en este momento. Su partida ha dejado un vac\u00edo enorme en nuestras vidas, pero sabemos que \u00e9l est\u00e1 en un lugar mejor y que alg\u00fan d\u00eda volveremos a estar juntos\u00bb, expres\u00f3.<\/p>\n<p class=\"voc-p\" style=\"\">\u00abAgradezco infinitamente todos los buenos deseos y palabras de amor que han tenido para nosotros. Cada uno de ustedes fue testigo del cambio y la <strong>bendici\u00f3n que Atlas trajo a nuestras vidas<\/strong>\u00bb, a\u00f1ade. Fer pide a sus seguidores que recen por ellos, para \u00abencontrar la fuerza para seguir adelante\u00bb.<\/p>\n<p class=\"voc-p\" style=\"\">Adem\u00e1s, publicaba una serie de fotos del peque\u00f1o en los dos intensos meses que compartieron con \u00e9l. \u00abAtlas te amo m\u00e1s all\u00e1 de la vida, porque el amor est\u00e1 en el alma, y el alma nunca muere\u2026\u00bb, expres\u00f3. Y aunque ha quitado los comentarios de la serie de fotograf\u00edas, sus seguidores han querido mostrarle todo su cari\u00f1o en otras publicaciones. \u00ab<strong>Nadie merece esto<\/strong>. Y solo los que tenemos hijos sentimos su dolor. Porque el amor a nuestros beb\u00e9s es inexplicable\u00bb, dice uno de sus seguidores. <\/p>\n<p class=\"voc-p\" style=\"\">\u00abLo lamento tanto Fer, desde que soy mam\u00e1 cada beb\u00e9 me duele como si fuera m\u00edo&#8230; espero Dios ayude a reencontrar de nuevo el rumbo en tu vida, que te ayude a entender con sabidur\u00eda cada momento que paso\u00bb, le dice otra persona.<\/p>\n<p class=\"voc-p\" style=\"\">Fer, que salt\u00f3 a la fama con &#8216;Acapulco Shore&#8217; y despu\u00e9s particip\u00f3 en otros formatos de lo m\u00e1s populares como &#8216;La isla&#8217;, anunci\u00f3 su embarazo el pasado mes de julio. Poco se conoce de su pareja, que se llama Luis Miranda pero tiene las redes sociales privadas y no prodiga su vida normalmente. Ahora los dos se despiden de su beb\u00e9, y lo han hecho en una significativa puesta de sol en la que han gritado al aire c\u00f3mo se sienten. <\/p>\n","protected":false},"excerpt":{"rendered":"Fer Moreno salt\u00f3 a la fama internacional en el &#8216;reality show&#8217; de MTV &#8216;Acapulco Shore&#8217; y amasa m\u00e1s&hellip;\n","protected":false},"author":2,"featured_media":323247,"comment_status":"","ping_status":"","sticky":false,"template":"","format":"standard","meta":{"footnotes":""},"categories":[171],"tags":[1059,8680,8929,1563,146,147,25,24,9983,1140,4920,34778,1138,23,214],"class_list":{"0":"post-323246","1":"post","2":"type-post","3":"status-publish","4":"format-standard","5":"has-post-thumbnail","7":"category-tv","8":"tag-acapulco","9":"tag-bebe","10":"tag-comunica","11":"tag-dos","12":"tag-entertainment","13":"tag-entretenimiento","14":"tag-es","15":"tag-espana","16":"tag-exconcursante","17":"tag-meses","18":"tag-muerte","19":"tag-shore","20":"tag-solo","21":"tag-spain","22":"tag-tv"},"share_on_mastodon":{"url":"https:\/\/pubeurope.com\/@es\/115839337906768146","error":""},"_links":{"self":[{"href":"https:\/\/www.europesays.com\/es\/wp-json\/wp\/v2\/posts\/323246","targetHints":{"allow":["GET"]}}],"collection":[{"href":"https:\/\/www.europesays.com\/es\/wp-json\/wp\/v2\/posts"}],"about":[{"href":"https:\/\/www.europesays.com\/es\/wp-json\/wp\/v2\/types\/post"}],"author":[{"embeddable":true,"href":"https:\/\/www.europesays.com\/es\/wp-json\/wp\/v2\/users\/2"}],"replies":[{"embeddable":true,"href":"https:\/\/www.europesays.com\/es\/wp-json\/wp\/v2\/comments?post=323246"}],"version-history":[{"count":0,"href":"https:\/\/www.europesays.com\/es\/wp-json\/wp\/v2\/posts\/323246\/revisions"}],"wp:featuredmedia":[{"embeddable":true,"href":"https:\/\/www.europesays.com\/es\/wp-json\/wp\/v2\/media\/323247"}],"wp:attachment":[{"href":"https:\/\/www.europesays.com\/es\/wp-json\/wp\/v2\/media?parent=323246"}],"wp:term":[{"taxonomy":"category","embeddable":true,"href":"https:\/\/www.europesays.com\/es\/wp-json\/wp\/v2\/categories?post=323246"},{"taxonomy":"post_tag","embeddable":true,"href":"https:\/\/www.europesays.com\/es\/wp-json\/wp\/v2\/tags?post=323246"}],"curies":[{"name":"wp","href":"https:\/\/api.w.org\/{rel}","templated":true}]}}