{"id":323266,"date":"2026-01-04T23:21:12","date_gmt":"2026-01-04T23:21:12","guid":{"rendered":"https:\/\/www.europesays.com\/es\/323266\/"},"modified":"2026-01-04T23:21:12","modified_gmt":"2026-01-04T23:21:12","slug":"maxima-igualdad-en-la-liga-de-tenis-de-miguelturra","status":"publish","type":"post","link":"https:\/\/www.europesays.com\/es\/323266\/","title":{"rendered":"M\u00e1xima igualdad en la Liga de Tenis de Miguelturra"},"content":{"rendered":"<p>La Liga de Tenis de Miguelturra, organizada por el Club de Tenis Miguelturra y en marcha desde este verano, entra en su fase decisiva con un balance muy positivo en cuanto a participaci\u00f3n y competitividad. En total, 10 jugadores compiten en Primera Divisi\u00f3n y 12 en Segunda, lo que ha permitido configurar una liga din\u00e1mica y con un calendario muy activo.<\/p>\n<p>Los encuentros se est\u00e1n celebrando principalmente sobre tierra batida en las pistas del Auditorio Multifuncional, aunque la meteorolog\u00eda de las \u00faltimas semanas ha obligado en varias ocasiones a trasladar la actividad al Complejo Deportivo Candelario Le\u00f3n Rivas, donde se garantizan mejores condiciones de juego pudiendo, adem\u00e1s, jugar en pista cubierta.<\/p>\n<p>En Segunda Divisi\u00f3n, el equilibrio est\u00e1 siendo la nota predominante. La igualdad es tal que pr\u00e1cticamente cualquier jugador puede imponerse en cualquier partido, lo que ha aportado emoci\u00f3n jornada tras jornada. Aun as\u00ed, a estas alturas destacan en la zona alta Miguel Colero, Eusebio Mart\u00edn y Jos\u00e9 A. Villena, que se mantienen como referencias en la lucha por las primeras posiciones.<\/p>\n<p><img decoding=\"async\" loading=\"lazy\" src=\"https:\/\/www.europesays.com\/es\/wp-content\/uploads\/2026\/01\/B78E149F-9D1D-4E4D-926EB6C59F93DF45.JPG\" alt=\"10 jugadores compiten en Primera Divisi\u00f3n y 12 en Segunda, lo que ha permitido configurar una liga con un calendario muy activo\" border=\"0\"\/>M\u00e1xima igualdad en la Liga de Tenis de Miguelturra &#8211; Foto: LT<\/p>\n<p>Por su parte, la Primera Divisi\u00f3n avanza con un ritmo igualmente exigente. En este grupo de mayor nivel, la regularidad y la intensidad han permitido abrir un peque\u00f1o hueco a tres jugadores que, por el momento, encabezan la clasificaci\u00f3n: Luis S\u00e1nchez, Alejandro G\u00f3mez y Javi Guerrero.<\/p>\n<p><img decoding=\"async\" loading=\"lazy\" src=\"https:\/\/www.europesays.com\/es\/wp-content\/uploads\/2026\/01\/1719CBB4-E2D4-46D8-B599EB7D69D1B52E.JPG\" alt=\"M\u00e1xima igualdad en la Liga de Tenis de Miguelturra\" border=\"0\"\/>M\u00e1xima igualdad en la Liga de Tenis de Miguelturra &#8211; Foto: LT<\/p>\n<p>Con ambas divisiones entrando en su recta final, la liga encara unas \u00faltimas semanas decisivas que prometen mantener la emoci\u00f3n hasta el \u00faltimo partido. Desde la organizaci\u00f3n se destaca el compromiso mostrado por todos los participantes y la consolidaci\u00f3n de esta iniciativa dentro del tenis local.<\/p>\n","protected":false},"excerpt":{"rendered":"La Liga de Tenis de Miguelturra, organizada por el Club de Tenis Miguelturra y en marcha desde este&hellip;\n","protected":false},"author":2,"featured_media":323267,"comment_status":"","ping_status":"","sticky":false,"template":"","format":"standard","meta":{"footnotes":""},"categories":[274],"tags":[517,12942,777,1940,62217,62216,3010,168,1819,25,24,28915,10,4069,2330,28914,6436,30259,798,23,167,327,326,3022,43622,1284],"class_list":{"0":"post-323266","1":"post","2":"type-post","3":"status-publish","4":"format-standard","5":"has-post-thumbnail","7":"category-tenis","8":"tag-actualidad","9":"tag-alcazar-de-san-juan","10":"tag-ciudad","11":"tag-ciudad-real","12":"tag-ciudadrealena","13":"tag-ciudadrealeno","14":"tag-daimiel","15":"tag-deportes","16":"tag-diario","17":"tag-es","18":"tag-espana","19":"tag-grupo-promecal","20":"tag-noticias","21":"tag-periodico","22":"tag-prensa","23":"tag-promecal","24":"tag-provincia","25":"tag-puertollano","26":"tag-real","27":"tag-spain","28":"tag-sports","29":"tag-tenis","30":"tag-tennis","31":"tag-tomelloso","32":"tag-valdepenas","33":"tag-vivir"},"share_on_mastodon":{"url":"https:\/\/pubeurope.com\/@es\/115839400910579821","error":""},"_links":{"self":[{"href":"https:\/\/www.europesays.com\/es\/wp-json\/wp\/v2\/posts\/323266","targetHints":{"allow":["GET"]}}],"collection":[{"href":"https:\/\/www.europesays.com\/es\/wp-json\/wp\/v2\/posts"}],"about":[{"href":"https:\/\/www.europesays.com\/es\/wp-json\/wp\/v2\/types\/post"}],"author":[{"embeddable":true,"href":"https:\/\/www.europesays.com\/es\/wp-json\/wp\/v2\/users\/2"}],"replies":[{"embeddable":true,"href":"https:\/\/www.europesays.com\/es\/wp-json\/wp\/v2\/comments?post=323266"}],"version-history":[{"count":0,"href":"https:\/\/www.europesays.com\/es\/wp-json\/wp\/v2\/posts\/323266\/revisions"}],"wp:featuredmedia":[{"embeddable":true,"href":"https:\/\/www.europesays.com\/es\/wp-json\/wp\/v2\/media\/323267"}],"wp:attachment":[{"href":"https:\/\/www.europesays.com\/es\/wp-json\/wp\/v2\/media?parent=323266"}],"wp:term":[{"taxonomy":"category","embeddable":true,"href":"https:\/\/www.europesays.com\/es\/wp-json\/wp\/v2\/categories?post=323266"},{"taxonomy":"post_tag","embeddable":true,"href":"https:\/\/www.europesays.com\/es\/wp-json\/wp\/v2\/tags?post=323266"}],"curies":[{"name":"wp","href":"https:\/\/api.w.org\/{rel}","templated":true}]}}