{"id":323270,"date":"2026-01-04T23:25:08","date_gmt":"2026-01-04T23:25:08","guid":{"rendered":"https:\/\/www.europesays.com\/es\/323270\/"},"modified":"2026-01-04T23:25:08","modified_gmt":"2026-01-04T23:25:08","slug":"deportivo-cadiz-cf-en-directo-diario-de-cadiz","status":"publish","type":"post","link":"https:\/\/www.europesays.com\/es\/323270\/","title":{"rendered":"Deportivo-C\u00e1diz CF, en directo &#8211; Diario de C\u00e1diz"},"content":{"rendered":"<ol>\n<li><a href=\"https:\/\/news.google.com\/rss\/articles\/CBMiigFBVV95cUxPaVNhVUhrWXM0RUtqOE95czZQVlM1d1pVRjdUVnlYMVVNdVlFdUJRTFZRdmFHdzRwN0ZQaHl3VHdBSHo2R3VxOW05YU5FdDhDak5WMDB2Z1NMaEJLbVB1QVdTb1ZsN2J2UENLSUIyMWFTN1d6UU5OempyMkwxcEcySDEydElHR2VPdFHSAY8BQVVfeXFMTjF6NG9IZ1QzeUFmb0pHcV9NeXBXckNZQzloYThZUkhPMC1sQzlLNVVhWmJDU1A4ZktOaFplUWVXaEJuYTBTM3JZSDdjOG5ROV9nTFZuU05lYmJTLTBja0M5dDVsUmFWcEVkVTZhUDJuMERNZkVvYW9JaFh2QmI2eEtCUHlCQ2xMOTFOMWRMZDQ?oc=5\" target=\"_blank\" rel=\"nofollow noopener\">Deportivo-C\u00e1diz CF, en directo<\/a>&nbsp;&nbsp;Diario de C\u00e1diz<\/li>\n<li><a href=\"https:\/\/news.google.com\/rss\/articles\/CBMingFBVV95cUxOZ21SR2xCVXMzdENpMVFnTHlzOEFQNzlMMUNSSjRMdVlDUHVkNWRJSUdMbURzYnRXN3lSV1FvWlB5NDJJeU9BcmpLbVFqMEsxZkRFa3BRemtLTjlHQm0yVHd5bFNwRlc4TkhCenhDdzVwZ3FidlVKTm5mNGJfM2U4Zy1tcTRpTGxKUUVKNUpYeWJENENyYzJfVlhSNVo4QdIBsgFBVV95cUxPOEpDVXR0UUsweXNpVnZiRGhnSFNUR2U0NTdjOWZBdnBKLWV0eUpfQVZ2Q0tFUlFfSWJuWUctaDJQcXZKZTV5d0NuZDhZZkZMOXFNd1NfejNYV3JOTG1lUjFmUFNuVFJnXzBzRjl4cFNKSnpVRXJfakpJVnRSVVFYT1J4anJvcmpwSllObkhvZWw1anZQNndIOUpGM3B0S1I0X3ZUb1haeXM2UFRnWVl0d0hB?oc=5\" target=\"_blank\" rel=\"nofollow noopener\">Aprobados y suspensos del C\u00e1diz: Tabatadze ataca de nuevo.<\/a>&nbsp;&nbsp;Diario AS<\/li>\n<li><a href=\"https:\/\/news.google.com\/rss\/articles\/CBMizAFBVV95cUxQNkFvMmVlczc3QmV3SGZrLTR2UDBMSUJOWXRXbXVuejJIZ1NHWVZKMXBnMkx1bW8weDlBSHJhOWkzWkV6N2ZGT2poOFBFT0dGb0VWM1pya3ZvYUVRY1ZUN2RSYV92SHFxNTdqUnE0bkcwS1NCSmlrZmNkRUVEQkZkQVR3N1JIcUFKVXJTckprRWpQcmZjNUFkbmt6UXhReWdxLVBHOUVIdDh1T01fZzZvakFFa3licEhRTEVGTHlKeGRobzUxWERUbkJBUDPSAegBQVVfeXFMTldtM0NtZFFDR0o5ajJRU0Fta0FadGRnUDFVSDdsSW1oS0JtRFdpYVBZdTRDaXBzamJxa2ltcDNXcmRJVjdjVE43WkxDZUFrOGMyQ3Rnc0wtOUhUMUhsNkJMSEd3U0NyUkwtODhyUVhpblRyMk1Sel96SGpReVlIR3dUZEtzREtPbGhfR2lldlVGa0xYYmFLUDdiOURQX0o1QVFITUVVZTMtVWFCbXlkeXpRSWw4VTZ5THVZTks3Wk1nbFI2SGM3WVI4Y1FnQTZ1Ny1fRWxRdjBWeGZpcDNtOVNhQWgybG51QQ?oc=5\" target=\"_blank\" rel=\"nofollow noopener\">A\u00f1o nuevo y vida \u00abnueva\u00bb para el Deportivo ante el C\u00e1diz<\/a>&nbsp;&nbsp;La Voz de Galicia<\/li>\n<li><a href=\"https:\/\/news.google.com\/rss\/articles\/CBMitwFBVV95cUxQR2xuRlFXTG9oVUlXU0hRYjBVa0ExZWZyV1EtMkdhNmNaZi1saG9mLWgxZkx4b3loTUY1dXFYc0RLWGxfVnBMdG5Db1dpSEQ0c0xLOEVEb0JSQWtvQldZaWNfTFYyX3BMMUItOFlDMlJVWUE4Um1kNlRBWjF4dmd0aWxKWl81OFVfb1JsUlYySDRVYUlNeXI1Tk5JcEZTeXBWTkVEelZPSWRDd0I5ZFVrR1gxd0drcTTSAbcBQVVfeXFMT3VseV85c2otTUlUUlJTUDc3LUVpY2ItMWpycm13N0hMZkVXdWM1TmRBa3FwV0gxMFRUZ1lHX2JONVIwR2hMTlBpOU5odGNidklVMVdzLU5tLXR5eGd0eVFKMDBpRThQTGpya0xZTm9CN1Y0dl9DT0xJc19sQlZjZXZaeGhUbXpMbU05M3J6bVc0cS13ZzhZYmw0MjVzX3NqVGJPZEhrcGpiUTBRSnNtNmVWVUEwMV8w?oc=5\" target=\"_blank\" rel=\"nofollow noopener\">Un reparto de puntos que da como bueno el C\u00e1diz y entristece al D\u00e9por<\/a>&nbsp;&nbsp;MARCA<\/li>\n<li><a href=\"https:\/\/news.google.com\/rss\/articles\/CBMimgFBVV95cUxPY1RWNktLVkVKSXVZbEM1QnI1OWZUOUs0RlUyNzZrcjgwYVo1YVpVZWp6cFd3RU1LQmlrUExKWExHUC0zNGFkYnJPSW5IN1hQVHU1MlRaVjZzMlF6bURHNXc1d0xpcWM4SXFGVHRMbmJ0ODZQS28xdDFLa0x4UndfRXViYUNDTi1YMFV0X3d4elllaTVFS0Z1YzFB0gGuAUFVX3lxTFBTRzNYbjcyVUhDOWwxN0hKSlZHSzRxbzZBS0JleW54a0U3cmtJLXhmVG5YdGZaVHV1Nm96b1FfZDRJMWJQZXUwS2hONDhSZXlBbGNEeHRTdVk5c3FnaVI5dS1idzZ4SDBBWndhdm1pZ3dsdW5WaVRYTUQ4ODZoMXF3eDdXbE40N1ktWDU3YVpjQm00TS1QdzVObVhRVER4SjJnOXctOExNU19PSWZadw?oc=5\" target=\"_blank\" rel=\"nofollow noopener\">Aprobados y suspensos del Depor: a\u00f1o nuevo, misma racha<\/a>&nbsp;&nbsp;Diario AS<\/li>\n<\/ol>\n","protected":false},"excerpt":{"rendered":"Deportivo-C\u00e1diz CF, en directo&nbsp;&nbsp;Diario de C\u00e1diz Aprobados y suspensos del C\u00e1diz: Tabatadze ataca de nuevo.&nbsp;&nbsp;Diario AS A\u00f1o nuevo&hellip;\n","protected":false},"author":2,"featured_media":323271,"comment_status":"","ping_status":"","sticky":false,"template":"","format":"standard","meta":{"footnotes":""},"categories":[268],"tags":[2193,13103,168,412,2125,25,24,280,282,281,23,167],"class_list":{"0":"post-323270","1":"post","2":"type-post","3":"status-publish","4":"format-standard","5":"has-post-thumbnail","7":"category-futbol","8":"tag-cadiz","9":"tag-cf","10":"tag-deportes","11":"tag-deportivo","12":"tag-directo","13":"tag-es","14":"tag-espana","15":"tag-football","16":"tag-futbol","17":"tag-soccer","18":"tag-spain","19":"tag-sports"},"share_on_mastodon":{"url":"https:\/\/pubeurope.com\/@es\/115839416604759906","error":""},"_links":{"self":[{"href":"https:\/\/www.europesays.com\/es\/wp-json\/wp\/v2\/posts\/323270","targetHints":{"allow":["GET"]}}],"collection":[{"href":"https:\/\/www.europesays.com\/es\/wp-json\/wp\/v2\/posts"}],"about":[{"href":"https:\/\/www.europesays.com\/es\/wp-json\/wp\/v2\/types\/post"}],"author":[{"embeddable":true,"href":"https:\/\/www.europesays.com\/es\/wp-json\/wp\/v2\/users\/2"}],"replies":[{"embeddable":true,"href":"https:\/\/www.europesays.com\/es\/wp-json\/wp\/v2\/comments?post=323270"}],"version-history":[{"count":0,"href":"https:\/\/www.europesays.com\/es\/wp-json\/wp\/v2\/posts\/323270\/revisions"}],"wp:featuredmedia":[{"embeddable":true,"href":"https:\/\/www.europesays.com\/es\/wp-json\/wp\/v2\/media\/323271"}],"wp:attachment":[{"href":"https:\/\/www.europesays.com\/es\/wp-json\/wp\/v2\/media?parent=323270"}],"wp:term":[{"taxonomy":"category","embeddable":true,"href":"https:\/\/www.europesays.com\/es\/wp-json\/wp\/v2\/categories?post=323270"},{"taxonomy":"post_tag","embeddable":true,"href":"https:\/\/www.europesays.com\/es\/wp-json\/wp\/v2\/tags?post=323270"}],"curies":[{"name":"wp","href":"https:\/\/api.w.org\/{rel}","templated":true}]}}