{"id":323373,"date":"2026-01-05T00:45:36","date_gmt":"2026-01-05T00:45:36","guid":{"rendered":"https:\/\/www.europesays.com\/es\/323373\/"},"modified":"2026-01-05T00:45:36","modified_gmt":"2026-01-05T00:45:36","slug":"seis-motivos-por-los-que-deberias-comenzar-el-ano-en-el-teatro","status":"publish","type":"post","link":"https:\/\/www.europesays.com\/es\/323373\/","title":{"rendered":"Seis motivos por los que deber\u00edas comenzar el a\u00f1o en el teatro"},"content":{"rendered":"<p class=\"v-mdl-ath__p v-mdl-ath__p--2\">\nCarlos Zamarriego\n<\/p>\n<p class=\"v-mdl-ath__p v-mdl-ath__p--3\">\nM\u00e1laga\n<\/p>\n<p class=\"v-mdl-ath__p v-mdl-ath__p--6\">\nDomingo, 4 de enero 2026, 00:04<\/p>\n<p class=\"v-p\">Comienza el Festival de M\u00e1laga. El otro Festival de M\u00e1laga. El que desde hace 43 a\u00f1os convoca a la ciudad en los dos coliseos municipales, el Teatro Cervantes y el Teatro Echegaray, para practicar eso que Peter Brooks defini\u00f3 como: \u00abUn hombre camina por un espacio vac\u00edo mientras otro le observa, y esto es todo lo que se necesita para realizar un acto teatral\u00bb.Del 8 de enero al 1 de febrero, 25 obras de teatro caminar\u00e1n por los escenarios de M\u00e1laga en el Primer Acto del Festival y aqu\u00ed te contamos lo que tienes que tener en cuenta.<\/p>\n<p><img decoding=\"async\" loading=\"lazy\" src=\"https:\/\/www.europesays.com\/es\/wp-content\/uploads\/2026\/01\/1_1-U11803826213zfZ-208x112@Diario Sur.jpg\" class=\"v-cmp-chp__img\" alt=\"La maravilla de ElsJoglars\" width=\"208\" height=\"112\"\/><\/p>\n<p>La maravilla de ElsJoglars<\/p>\n<p class=\"v-p\">Imagino que cuando Albert Boadella fund\u00f3 en 1962 Els Joglars, junto a Carlota Soldevila y Anton Font, con ganas de provocar con sus montajes (cuando provocar te pod\u00eda costar la c\u00e1rcel, bien lo sabe Boadella), no se plantear\u00eda seguir aqu\u00ed sesenta a\u00f1os despu\u00e9s, ni que su irreverencia iba a seguir siendo tan necesaria. O s\u00ed, qui\u00e9n sabe. Este a\u00f1o el Teatro de M\u00e1laga les ha concedido el premio m\u00e1s importante para una compa\u00f1\u00eda independiente. No me refiero al M\u00e1laga de Teatro 2026, que de eso no se come, sino a producir y estrenar su \u00faltimo espect\u00e1culo: <strong>&#8216;El retablo de las maravillas&#8217;<\/strong>. Una adaptaci\u00f3n del entrem\u00e9s de Cervantes realizada por Boadella y Ram\u00f3n Fontser\u00e8 que promete dar cera y pulir cera a los poderes f\u00e1cticos de este pa\u00eds mediante la s\u00e1tira y el humor. Una maravilla en dos funciones: 9 y 10 de enero.<\/p>\n<p><img decoding=\"async\" loading=\"lazy\" src=\"https:\/\/www.europesays.com\/es\/wp-content\/uploads\/2026\/01\/ElsJoglars_2.jpg\" class=\"v-a-img\" width=\"650\" height=\"455\" alt=\"Albert Boadella y Ram\u00f3n Fontser\u00e8 estamparon sus manos en el Museo de Huellas del Cervantes.\" data-voc-vtm-id=\"in-text-traffic\"\/><\/p>\n<p>Albert Boadella y Ram\u00f3n Fontser\u00e8 estamparon sus manos en el Museo de Huellas del Cervantes.<\/p>\n<p>Teatro Cervantes<\/p>\n<p><img loading=\"lazy\" decoding=\"async\" src=\"https:\/\/www.europesays.com\/es\/wp-content\/uploads\/2026\/01\/ElsJoglars_2.jpg\" class=\"v-mdl__img-z\" width=\"1920\" height=\"1344\" alt=\"\"\/><\/p>\n<p><img decoding=\"async\" loading=\"lazy\" src=\"https:\/\/www.europesays.com\/es\/wp-content\/uploads\/2026\/01\/1_1-U68687468868pFV-208x112@Diario Sur.jpg\" class=\"v-cmp-chp__img\" alt=\"Dramaturgia con nombre de mujer\" width=\"208\" height=\"112\"\/><\/p>\n<p>Dramaturgia con nombre de mujer<\/p>\n<p class=\"v-p\">18 mujeres firman, ya sea en solitario o en colaboraci\u00f3n, como adaptadas o como adaptadoras, las dramaturgias de estas primeras 25 obras, seguramente la mayor representaci\u00f3n de autoras de la historia del Festival. De una escritora imprescindible como Marguerite Duras llega <strong>&#8216;La m\u00fasica&#8217;<\/strong>, con Ana Duato y Dar\u00edo Grandinetti dirigidos por Mag\u00fci Mira. Y Heidi Steinhardt ha adaptado para Anabel Alonso <strong>&#8216;La mujer rota&#8217;<\/strong>, de Simone de Beauvoir.<\/p>\n<p><img decoding=\"async\" loading=\"lazy\" src=\"https:\/\/www.europesays.com\/es\/wp-content\/uploads\/2026\/01\/La musica-kl0D--650x455@Diario Sur.jpg\" class=\"v-a-img\" width=\"650\" height=\"455\" alt=\"Dar\u00edo Grandinetti y Ana Duato, en 'La m\u00fasica'.\" data-voc-vtm-id=\"in-text-traffic\"\/><\/p>\n<p>Dar\u00edo Grandinetti y Ana Duato, en &#8216;La m\u00fasica&#8217;.<\/p>\n<p>Sergio Parra<\/p>\n<p><img loading=\"lazy\" decoding=\"async\" src=\"https:\/\/www.europesays.com\/es\/wp-content\/uploads\/2026\/01\/La musica-kl0D--1920x1344@Diario Sur.jpg\" class=\"v-mdl__img-z\" width=\"1920\" height=\"1344\" alt=\"\"\/><\/p>\n<p class=\"v-p\">Tenemos la mirada contempor\u00e1nea de creadoras que est\u00e1n marcando el discurso como Amanda Gronich, coautora con Mois\u00e9s Kaufmande <strong>&#8216;Blaubeeren&#8217;<\/strong>, finalista del Pulitzer 2024; o la actriz y autora francesa Salom\u00e9 Lelouch, que re\u00fane alrededor de <strong>&#8216;Mejor no decirlo&#8217;<\/strong>, en versi\u00f3n de Mercedes Mor\u00e1n, a Imanol Arias y Mar\u00eda Barranco. Tambi\u00e9n hay espacio para creadoras andaluzas como Ana L\u00f3pez Segovia, que firma y dirige <strong>&#8216;La reina brava&#8217;<\/strong>, o la malague\u00f1a Mar\u00eda Beltr\u00e1n, que adapta el cl\u00e1sico de Morat\u00edn <strong>&#8216;El s\u00ed de las ni\u00f1as&#8217;<\/strong> para la compa\u00f1\u00eda J\u00f3venes Cl\u00e1sicos.<\/p>\n<p><img decoding=\"async\" loading=\"lazy\" src=\"https:\/\/www.europesays.com\/es\/wp-content\/uploads\/2026\/01\/Blaubeeren.jpg\" class=\"v-a-img\" width=\"650\" height=\"455\" alt=\"'Blaubeeren', que adapta y dirige Sergio Peris-Mencheta.\" data-voc-vtm-id=\"in-text-traffic\"\/><\/p>\n<p>&#8216;Blaubeeren&#8217;, que adapta y dirige Sergio Peris-Mencheta.<\/p>\n<p><img loading=\"lazy\" decoding=\"async\" src=\"https:\/\/www.europesays.com\/es\/wp-content\/uploads\/2026\/01\/Blaubeeren.jpg\" class=\"v-mdl__img-z\" width=\"1920\" height=\"1344\" alt=\"\"\/><\/p>\n<p><img decoding=\"async\" loading=\"lazy\" src=\"https:\/\/www.europesays.com\/es\/wp-content\/uploads\/2026\/01\/La casa de Bernarda Alba.jpg\" class=\"v-a-img\" width=\"650\" height=\"455\" alt=\"Pepa Gamboa adapta y dirige 'La casa de Bernarda Alba'.\" data-voc-vtm-id=\"in-text-traffic\"\/><\/p>\n<p>Pepa Gamboa adapta y dirige &#8216;La casa de Bernarda Alba&#8217;.<\/p>\n<p><img loading=\"lazy\" decoding=\"async\" src=\"https:\/\/www.europesays.com\/es\/wp-content\/uploads\/2026\/01\/La casa de Bernarda Alba.jpg\" class=\"v-mdl__img-z\" width=\"1920\" height=\"1344\" alt=\"\"\/><\/p>\n<p class=\"v-p\">Pepa Gamboa adapta y dirige <strong>&#8216;La casa de Bernarda Alba&#8217;<\/strong>, de Lorca; Rakel Camacho hace lo propio con <strong>&#8216;Las amargas l\u00e1grimas de Petra von Kant&#8217;<\/strong>, de Fassbinder; y Marta Torres adapta <strong>&#8216;La barraca&#8217;<\/strong>, de Vicente Blasco Ib\u00e1\u00f1ez, para que Mag\u00fci Mira haga doblete como directora en esta edici\u00f3n del Festival.<\/p>\n<p><img decoding=\"async\" loading=\"lazy\" src=\"https:\/\/www.europesays.com\/es\/wp-content\/uploads\/2026\/01\/1_1-U36250316367uMu-208x112@Diario Sur.jpg\" class=\"v-cmp-chp__img\" alt=\"El efecto Fran Perea\" width=\"208\" height=\"112\"\/><\/p>\n<p>El efecto Fran Perea<\/p>\n<p class=\"v-p\">Con el cl\u00e1sico de Pinter <strong>&#8216;Retorno al hogar&#8217;<\/strong> disfrutamos por \u00faltima vez al malague\u00f1o Fran Perea subido a los escenarios del Teatro Cervantes. El a\u00f1o pasado acudi\u00f3 al Festival en su faceta de director en &#8216;#YoSostenido. Sonata para juguete roto&#8217;, y casi tres a\u00f1os despu\u00e9s regresa, como actor, a su hogar, con <strong>&#8216;El efecto&#8217;<\/strong>, de la dramaturga brit\u00e1nica Lucy Prebble. Un texto, y un montaje, que dej\u00f3 muy buenas cr\u00edticas en su estreno en los Teatros del Canal de Madrid en abril del a\u00f1o pasado. Y es que el tema apetece: durante un ensayo cl\u00ednico para testar un antidepresivo, dos voluntarios, Trist\u00e1n y Connie, se enamoran. Pero claro, no saben si es efecto del medicamento o se gustan de verdad. A Perea le acompa\u00f1an Alicia Borrachero, Elena Rivera y Itzan Escamilla, dirigidos por Juan Carlos Fisher. Comprobaremos si el efecto Perea se nota en su ciudad natal el 19 de enero.<\/p>\n<p><img decoding=\"async\" loading=\"lazy\" src=\"https:\/\/www.europesays.com\/es\/wp-content\/uploads\/2026\/01\/FranPerea-kl0D--650x455@Diario Sur.jpg\" class=\"v-a-img\" width=\"649\" height=\"455\" alt=\"Fran Perea y Alicia Borrachero.\" data-voc-vtm-id=\"in-text-traffic\"\/><\/p>\n<p>Fran Perea y Alicia Borrachero.<\/p>\n<p><img loading=\"lazy\" decoding=\"async\" src=\"https:\/\/www.europesays.com\/es\/wp-content\/uploads\/2026\/01\/FranPerea-kl0D--1920x1344@Diario Sur.jpg\" class=\"v-mdl__img-z\" width=\"1920\" height=\"1344\" alt=\"\"\/><\/p>\n<p><img decoding=\"async\" loading=\"lazy\" src=\"https:\/\/www.europesays.com\/es\/wp-content\/uploads\/2026\/01\/1_1-U26066087480xCE-208x112@Diario Sur.jpg\" class=\"v-cmp-chp__img\" alt=\"Los malague\u00f1os, al Echegaray\" width=\"208\" height=\"112\"\/><\/p>\n<p>Los malague\u00f1os, al Echegaray<\/p>\n<p class=\"v-p\">Un a\u00f1o m\u00e1s, la programaci\u00f3n del Teatro Echegaray est\u00e1 copada de producciones de compa\u00f1\u00edas locales, eternas aspirantes a compartir sus trabajos bajo el lienzo de Bernardo Ferr\u00e1ndiz. Hay mucho drama este a\u00f1o. Abrir\u00e1 la veda la compa\u00f1\u00eda Aeterno con <strong>&#8216;El patio n\u00famero 3&#8217;<\/strong>, de V\u00edctor Mu\u00f1oz, un drama con la guerra civil de fondo que ya se pudo ver en la ESAD en noviembre del a\u00f1o pasado.<\/p>\n<p><img decoding=\"async\" loading=\"lazy\" src=\"https:\/\/www.europesays.com\/es\/wp-content\/uploads\/2026\/01\/Cra cuervos.jpg\" class=\"v-a-img\" width=\"650\" height=\"455\" alt=\"'Cr\u00eda Cuervos', de la compa\u00f1\u00eda malague\u00f1a Teatro del N\u00e1ufrago.\" data-voc-vtm-id=\"in-text-traffic\"\/><\/p>\n<p>&#8216;Cr\u00eda Cuervos&#8217;, de la compa\u00f1\u00eda malague\u00f1a Teatro del N\u00e1ufrago.<\/p>\n<p><img loading=\"lazy\" decoding=\"async\" src=\"https:\/\/www.europesays.com\/es\/wp-content\/uploads\/2026\/01\/Cra cuervos-kl0D--1920x1344@Diario Sur.jpg\" class=\"v-mdl__img-z\" width=\"1920\" height=\"1344\" alt=\"\"\/><\/p>\n<p class=\"v-p\">Le seguir\u00e1 el estreno de <strong>&#8216;Cr\u00eda cuervos&#8217;<\/strong>, de la compa\u00f1\u00eda Teatro del N\u00e1ufrago, con texto y direcci\u00f3n de Carmen Vega, que repite despu\u00e9s de la buena acogida de &#8216;Los perros flacos&#8217; la edici\u00f3n pasada. Una propuesta que llega precedida de una buena gira en teatros andaluces es <strong>&#8216;Amor (A) Muerte&#8217;<\/strong>, el primer trabajo esc\u00e9nico de Las Lunas, desarrollado en el programa de Residencias Art\u00edsticas de la Agencia Andaluza de Instituciones Culturales. Sus creadoras, Ana Luna y Luna Navajas, exploran la realidad de los j\u00f3venes con toques performativos.<\/p>\n<p class=\"v-p\">Los m\u00e1s peque\u00f1os tambi\u00e9n podr\u00e1n disfrutar del Festival con <strong>&#8216;Tuc&#8217;<\/strong>, un estreno con marionetas de los veteranos Pata Teatro donde participan Macarena P\u00e9rez Bravo y Cynthia Garc\u00eda. Y otro conocido artista de la tierra, Paco Pozo, firma, dirige y protagoniza <strong>&#8216;Cana\u00e1n&#8217;<\/strong>, sobre el drama de la inmigraci\u00f3n. Cierra la propuesta local &#8216;Fake Reality&#8217;, escrita y dirigida por Chico Garc\u00eda para Induo Teatro, que se introduce en el complejo universo de los adolescentes.<\/p>\n<p><img decoding=\"async\" loading=\"lazy\" src=\"https:\/\/www.europesays.com\/es\/wp-content\/uploads\/2026\/01\/1_1-U82727242546sJn-208x112@Diario Sur.jpg\" class=\"v-cmp-chp__img\" alt=\"El cr\u00edtico recomienda\u2026\" width=\"208\" height=\"112\"\/><\/p>\n<p>El cr\u00edtico recomienda\u2026<\/p>\n<p class=\"v-p\">La otra generaci\u00f3n del 27, esa extra\u00f1a familia que se vali\u00f3 del teatro y del humor para soportar el gris a media luz de la dictadura, tuvo en Miguel Mihura un representante de lo que se ha venido a llamar teatro del absurdo, que es como suelen llamar al teatro que no tiene nada que se le parezca. As\u00ed fue en su momento, quiz\u00e1s por eso tard\u00f3 20 a\u00f1os en estrenar &#8216;Tres sombreros de copa&#8217;, y as\u00ed es ahora, quiz\u00e1s por eso su teatro es injustamente ignorado. Por eso sorprende que un autor tan joven, Adri\u00e1n Perea no ha cumplido los 30, haya tenido la sublime decisi\u00f3n de escribir, con maestr\u00eda y ternura, un biopic sin alm\u00edbar llamado<strong> &#8216;Mihura, el \u00faltimo comedi\u00f3grafo&#8217;<\/strong>.<\/p>\n<p><img decoding=\"async\" loading=\"lazy\" src=\"https:\/\/www.europesays.com\/es\/wp-content\/uploads\/2026\/01\/Mihura.jpg\" class=\"v-a-img\" width=\"748\" height=\"524\" alt=\"'Mihura, el \u00faltimo comedi\u00f3grafo'.\" data-voc-vtm-id=\"in-text-traffic\"\/><\/p>\n<p>&#8216;Mihura, el \u00faltimo comedi\u00f3grafo&#8217;.<\/p>\n<p>Jes\u00fas Ugalde<\/p>\n<p><img loading=\"lazy\" decoding=\"async\" src=\"https:\/\/www.europesays.com\/es\/wp-content\/uploads\/2026\/01\/Mihura.jpg\" class=\"v-mdl__img-z\" width=\"1920\" height=\"1344\" alt=\"\"\/><\/p>\n<p class=\"v-p\">En la sala Max Aub de Matadero disfrut\u00e9 much\u00edsimo de esa mezcla entre nostalgia y osad\u00eda esc\u00e9nica que ha impreso en el montaje la directora Beatriz Ja\u00e9n. Y de la qu\u00edmica de un reparto que se lo pasa pipa, con Rulo Pardo, David Castillo, Esperanza Elipe, Esther Isla, Kevin de la Rosa, Paloma C\u00f3rdoba y Nacho Almeida, y donde, por cierto, no hay ning\u00fan se\u00f1or de Murcia. El 19 de enero en el Teatro Cervantes.<\/p>\n<p class=\"v-p\">Y por otro lado, tengo muchas ganas de ver a Juan Echanove y Joaqu\u00edn Climent en <strong>&#8216;Esencia&#8217;<\/strong>, una obra reci\u00e9n estrenada, se podr\u00eda decir, ya que se puso en pie por primera vez en octubre en el Teatro Espa\u00f1ol. El teatro del madrile\u00f1o Ignacio Garc\u00eda May, el autor, siempre es interesante e inteligente, aunque no se le haya reconocido tanto como a otros de su quinta. Y puede que con esta obra llegue por fin su consagraci\u00f3n, a tenor de lo que se ha escrito de ella. Dos amigos se encuentran, esperan a un misterioso autor mientras da un lugar un delicado juego de percepciones y conspiraciones. Con direcci\u00f3n de Eduardo Vasco, se ver\u00e1 el 22 y 23 de enero en el Teatro Echegaray.<\/p>\n<p><img decoding=\"async\" loading=\"lazy\" src=\"https:\/\/www.europesays.com\/es\/wp-content\/uploads\/2026\/01\/1_1-U61270232738jzR-208x112@Diario Sur.jpg\" class=\"v-cmp-chp__img\" alt=\"Y por supuesto, el p\u00fablico\" width=\"208\" height=\"112\"\/><\/p>\n<p>Y por supuesto, el p\u00fablico<\/p>\n<p class=\"v-p\">Ya lo dijo Brooks: para que sea teatro alguien tiene que observar. As\u00ed de importante es el p\u00fablico. En el primero lustro de esta d\u00e9cada el Festival de Teatro vendi\u00f3 una media de 20.514 entradas por a\u00f1o, algo menos que las 22.396 de la \u00faltima mitad de la d\u00e9cada anterior, seg\u00fan datos del portal de transparencia de la sociedad gestora M\u00e1laga ProCultura. Sin embargo, el peso con respecto al total de entradas vendidas al a\u00f1o ha ido aumentado, del 10,8% al 15,2%. Esto parece demostrar una mayor apuesta por concentrar a principios de a\u00f1o las mejores producciones del pa\u00eds para crear afici\u00f3n. As\u00ed que es ahora o nunca, no hay excusa para no poner al teatro entre tus prop\u00f3sitos de 2026.<\/p>\n<p>Reporta un error<\/p>\n<p class=\"v-crt__t\"> L\u00edmite de sesiones alcanzadas<\/p>\n<p class=\"v-crt__p\">El acceso al contenido Premium est\u00e1 abierto por cortes\u00eda del establecimiento donde te encuentras, pero ahora mismo hay demasiados usuarios conectados a las vez.<\/p>\n<p class=\"v-crt__p\">Por favor, int\u00e9ntalo pasados unos minutos.<\/p>\n<p>\nVolver a intentar\n<\/p>\n<p class=\"v-crt__t\">Sesi\u00f3n cerrada<\/p>\n<p class=\"v-crt__p\">Al iniciar sesi\u00f3n desde un dispositivo distinto, por seguridad, se cerr\u00f3 la \u00faltima sesi\u00f3n en este.<\/p>\n<p class=\"v-crt__p\">Para continuar disfrutando de su suscripci\u00f3n digital, inicie sesi\u00f3n en este dispositivo.<\/p>\n<p>\nEste contenido es exclusivo para suscriptores\n<\/p>\n<p class=\"text\">\u00bfTienes una suscripci\u00f3n? <a href=\"https:\/\/secure.diariosur.es\/identidad\/inicio#vca=suscribete&amp;vso=diariosur&amp;vmc=on&amp;vli=cdn-ce-link-login\" class=\"login\" data-voc-vtm-id=\"comienzoSuscripcionON\" data-voc-vtm-info=\"cdn-ce-link-login\" rel=\"nofollow noopener\" target=\"_blank\">Inicia sesi\u00f3n<\/a><\/p>\n","protected":false},"excerpt":{"rendered":"Carlos Zamarriego M\u00e1laga Domingo, 4 de enero 2026, 00:04 Comienza el Festival de M\u00e1laga. El otro Festival de&hellip;\n","protected":false},"author":2,"featured_media":323374,"comment_status":"","ping_status":"","sticky":false,"template":"","format":"standard","meta":{"footnotes":""},"categories":[91],"tags":[1611,11667,3895,146,147,25,24,75071,1139,23,1651],"class_list":{"0":"post-323373","1":"post","2":"type-post","3":"status-publish","4":"format-standard","5":"has-post-thumbnail","7":"category-entretenimiento","8":"tag-ano","9":"tag-comenzar","10":"tag-deberias","11":"tag-entertainment","12":"tag-entretenimiento","13":"tag-es","14":"tag-espana","15":"tag-motivospor","16":"tag-seis","17":"tag-spain","18":"tag-teatro"},"share_on_mastodon":{"url":"https:\/\/pubeurope.com\/@es\/115839731740946069","error":""},"_links":{"self":[{"href":"https:\/\/www.europesays.com\/es\/wp-json\/wp\/v2\/posts\/323373","targetHints":{"allow":["GET"]}}],"collection":[{"href":"https:\/\/www.europesays.com\/es\/wp-json\/wp\/v2\/posts"}],"about":[{"href":"https:\/\/www.europesays.com\/es\/wp-json\/wp\/v2\/types\/post"}],"author":[{"embeddable":true,"href":"https:\/\/www.europesays.com\/es\/wp-json\/wp\/v2\/users\/2"}],"replies":[{"embeddable":true,"href":"https:\/\/www.europesays.com\/es\/wp-json\/wp\/v2\/comments?post=323373"}],"version-history":[{"count":0,"href":"https:\/\/www.europesays.com\/es\/wp-json\/wp\/v2\/posts\/323373\/revisions"}],"wp:featuredmedia":[{"embeddable":true,"href":"https:\/\/www.europesays.com\/es\/wp-json\/wp\/v2\/media\/323374"}],"wp:attachment":[{"href":"https:\/\/www.europesays.com\/es\/wp-json\/wp\/v2\/media?parent=323373"}],"wp:term":[{"taxonomy":"category","embeddable":true,"href":"https:\/\/www.europesays.com\/es\/wp-json\/wp\/v2\/categories?post=323373"},{"taxonomy":"post_tag","embeddable":true,"href":"https:\/\/www.europesays.com\/es\/wp-json\/wp\/v2\/tags?post=323373"}],"curies":[{"name":"wp","href":"https:\/\/api.w.org\/{rel}","templated":true}]}}