{"id":323394,"date":"2026-01-05T01:04:09","date_gmt":"2026-01-05T01:04:09","guid":{"rendered":"https:\/\/www.europesays.com\/es\/323394\/"},"modified":"2026-01-05T01:04:09","modified_gmt":"2026-01-05T01:04:09","slug":"battering-ram-anuncia-time-masters-su-primer-album-de-larga-duracion","status":"publish","type":"post","link":"https:\/\/www.europesays.com\/es\/323394\/","title":{"rendered":"BATTERING RAM anuncia \u201cTime Masters\u201d, su primer \u00e1lbum de larga duraci\u00f3n"},"content":{"rendered":"<p>El debut discogr\u00e1fico llegar\u00e1 el 10 de enero y ya cuenta con dos adelantos publicados<\/p>\n<p><strong>BATTERING RAM<\/strong> ha confirmado el lanzamiento de su <strong>primer \u00e1lbum de estudio<\/strong>, <strong>\u201cTime Masters\u201d<\/strong>, que ver\u00e1 la luz el 10 de enero de 2026. Tras la publicaci\u00f3n de dos demos en 2010 y 2012, la banda presenta ahora un trabajo completo que marca un nuevo paso en su trayectoria dentro del Heavy Metal.<\/p>\n<p>Un \u00e1lbum grabado en varias ciudades de Espa\u00f1a<\/p>\n<p><strong>\u201cTime Masters\u201d<\/strong> ha sido grabado en distintas localizaciones del <strong>norte y centro de Espa\u00f1a<\/strong>, concretamente en <strong>Madrid, Gij\u00f3n, Le\u00f3n y Santander<\/strong>.<\/p>\n<p>La <strong>mezcla y masterizaci\u00f3n<\/strong> han sido realizadas por <strong>Carlos Arcay<\/strong> en <strong>Arcay Studios (Santiago de Compostela)<\/strong>.<\/p>\n<p>\nPortada de \u201cTime Masters\u201d a cargo de Andreas Marschall<\/p>\n<p>La <strong>portada del \u00e1lbum<\/strong> ha sido creada por el artista alem\u00e1n <a href=\"https:\/\/www.hellpress.com\/reportajes\/andreas-marschall-portadas\/\" rel=\"nofollow noopener\" target=\"_blank\"><strong>Andreas Marschall<\/strong><\/a>, conocido por su trabajo para numerosas bandas del Metal internacional como BLIND GUARDIAN, IN FLAMES, HAMMERFALL o KREATOR.<\/p>\n<p><img fetchpriority=\"high\" decoding=\"async\" class=\"size-medium wp-image-148885\" src=\"https:\/\/www.europesays.com\/es\/wp-content\/uploads\/2026\/01\/battering-ram-time-masters-597x600.jpg\" alt=\"Time Masters, disco de Battering Ram\" width=\"597\" height=\"600\"  \/>Time Masters, disco de Battering Ram<br \/>\nPrimeros singles ya disponibles<\/p>\n<p>Antes de la salida del \u00e1lbum, <strong>BATTERING RAM<\/strong> ha publicado dos adelantos que permiten conocer parte del contenido de <strong>\u201cTime Masters\u201d<\/strong>:<\/p>\n<ul>\n<li><strong>\u201cThe Persecuted (Back Again)\u201d<\/strong>, lanzado el <strong>12 de diciembre de 2025<\/strong>:<\/li>\n<\/ul>\n<ul>\n<li><strong>\u201cImmortality Fed by Death (Unstoppable Train)\u201d<\/strong>, disponible desde el <strong>30 de diciembre de 2025<\/strong>:<\/li>\n<\/ul>\n<p>Concepto y estructura de \u201cTime Masters\u201d<\/p>\n<p>El \u00e1lbum est\u00e1 compuesto por <strong>once temas<\/strong> \u2014incluyendo un <strong>bonus track exclusivo para la edici\u00f3n en CD<\/strong>\u2014 y desarrolla un recorrido conceptual centrado en <strong>el paso del tiempo, la decadencia, la guerra, la trascendencia y el destino<\/strong>.<\/p>\n<p>Musicalmente, el trabajo del grupo madrile\u00f1o combina elementos del <strong>Thrash t\u00e9cnico<\/strong>, el <strong>Power Metal<\/strong> y <strong>estructuras progresivas<\/strong>, integrados en un sonido propio.<\/p>\n<p>Canciones de \u201cTime Masters\u201d<\/p>\n<ol>\n<li>Moon E-Brak (Euphoria and Decay)<\/li>\n<li>Unexpected Events (The Beginning of the End)<\/li>\n<li>The Persecuted (Back Again)<\/li>\n<li>Holy Grail (Blood)<\/li>\n<li>Second Son (The Loss of Innocence)<\/li>\n<li>Immortality Fed by Death (Unstoppable Train)<\/li>\n<li>Time Masters (Gods of Soul Deliverance)<\/li>\n<li>The Prophecy (Revelations)<\/li>\n<li>Armageddon Wars (Ragnar\u00f6k)<\/li>\n<li>The Quest (Final Frontier)<\/li>\n<li>Wormhole (Dreaming Eutocia) <strong>\u2013 bonus track CD<\/strong><\/li>\n<\/ol>\n<p>Formaci\u00f3n actual de BATTERING RAM<\/p>\n<ul>\n<li><strong>David Ord\u00e1s<\/strong> \u2013 voz<\/li>\n<li><strong>Guillermo Marqu\u00e9s<\/strong> \u2013 guitarra<\/li>\n<li><strong>Francisco Caba\u00f1as<\/strong> \u2013 bajo<\/li>\n<li><strong>Benjam\u00edn Mateo<\/strong> \u2013 bater\u00eda<\/li>\n<\/ul>\n<p>M\u00e1s sobre BATTERING RAM:<\/p>\n","protected":false},"excerpt":{"rendered":"El debut discogr\u00e1fico llegar\u00e1 el 10 de enero y ya cuenta con dos adelantos publicados BATTERING RAM ha&hellip;\n","protected":false},"author":2,"featured_media":323395,"comment_status":"","ping_status":"","sticky":false,"template":"","format":"standard","meta":{"footnotes":""},"categories":[170],"tags":[146,147,25,24,188,184,185,1502,23,571],"class_list":{"0":"post-323394","1":"post","2":"type-post","3":"status-publish","4":"format-standard","5":"has-post-thumbnail","7":"category-musica","8":"tag-entertainment","9":"tag-entretenimiento","10":"tag-es","11":"tag-espana","12":"tag-heavy-metal","13":"tag-music","14":"tag-musica","15":"tag-power-metal","16":"tag-spain","17":"tag-thrash-metal"},"share_on_mastodon":{"url":"https:\/\/pubeurope.com\/@es\/115839806188077301","error":""},"_links":{"self":[{"href":"https:\/\/www.europesays.com\/es\/wp-json\/wp\/v2\/posts\/323394","targetHints":{"allow":["GET"]}}],"collection":[{"href":"https:\/\/www.europesays.com\/es\/wp-json\/wp\/v2\/posts"}],"about":[{"href":"https:\/\/www.europesays.com\/es\/wp-json\/wp\/v2\/types\/post"}],"author":[{"embeddable":true,"href":"https:\/\/www.europesays.com\/es\/wp-json\/wp\/v2\/users\/2"}],"replies":[{"embeddable":true,"href":"https:\/\/www.europesays.com\/es\/wp-json\/wp\/v2\/comments?post=323394"}],"version-history":[{"count":0,"href":"https:\/\/www.europesays.com\/es\/wp-json\/wp\/v2\/posts\/323394\/revisions"}],"wp:featuredmedia":[{"embeddable":true,"href":"https:\/\/www.europesays.com\/es\/wp-json\/wp\/v2\/media\/323395"}],"wp:attachment":[{"href":"https:\/\/www.europesays.com\/es\/wp-json\/wp\/v2\/media?parent=323394"}],"wp:term":[{"taxonomy":"category","embeddable":true,"href":"https:\/\/www.europesays.com\/es\/wp-json\/wp\/v2\/categories?post=323394"},{"taxonomy":"post_tag","embeddable":true,"href":"https:\/\/www.europesays.com\/es\/wp-json\/wp\/v2\/tags?post=323394"}],"curies":[{"name":"wp","href":"https:\/\/api.w.org\/{rel}","templated":true}]}}