{"id":323413,"date":"2026-01-05T01:19:11","date_gmt":"2026-01-05T01:19:11","guid":{"rendered":"https:\/\/www.europesays.com\/es\/323413\/"},"modified":"2026-01-05T01:19:11","modified_gmt":"2026-01-05T01:19:11","slug":"deporte-afectado-por-captura-de-nicolas-maduro-realizacion-de-vuelta-al-tachira-en-duda","status":"publish","type":"post","link":"https:\/\/www.europesays.com\/es\/323413\/","title":{"rendered":"\u00bfDeporte afectado por captura de Nicol\u00e1s Maduro? Realizaci\u00f3n de Vuelta al T\u00e1chira, en duda"},"content":{"rendered":"\n<p>El deporte, en especial el ciclismo, tambi\u00e9n se podr\u00eda ver afectado inicialmente despu\u00e9s de que el ej\u00e9rcito de Estados Unidos capturara este s\u00e1bado y sacara de Venezuela al mandatario <a rel=\"nofollow noopener noreferrer\" href=\"https:\/\/www.elcolombiano.com\/cronologia\/noticias\/meta\/nicolas-maduro\" target=\"_blank\">Nicol\u00e1s Maduro<\/a> luego de lanzar un ataque a gran escala contra la naci\u00f3n caribe\u00f1a.<\/p>\n<p>\u00bfEn qu\u00e9 sentido? Con la posible cancelaci\u00f3n de la Vuelta al T\u00e1chira, certamen que est\u00e1 programado para iniciar su edici\u00f3n 61 este 9 de enero en la ciudad de San Crist\u00f3bal y que ha contado con el apoyo del Gobierno de ese pa\u00eds.<\/p>\n<p>Para este domingo tambi\u00e9n estaba programada la Gran Marat\u00f3n 12K, en la avenida Urdaneta, en Caracas.<\/p>\n<p><b>Lea:<a rel=\"nofollow noopener noreferrer\" href=\"https:\/\/www.elcolombiano.com\/internacional\/captura-de-nicolas-maduro-hoy-donald-trump-bombardea-venezuela-CA32230211\" target=\"_blank\"> Venezuela en punto de quiebre: as\u00ed fue la captura de Nicol\u00e1s Maduro y los bombardeos en Caracas<\/a><\/b><\/p>\n<p>Este mismo s\u00e1bado, el gobernador del estado T\u00e1chira, Freddy Alirio Bernal Rosales, indic\u00f3 que todas las autoridades estar\u00e1n garantizando la paz y la seguridad de su regi\u00f3n. \u201cDenunciamos ante el mundo un ataque criminal contra la Rep\u00fablica Bolivariana de Venezuela. En estas circunstancias, lealtad absoluta a la constituci\u00f3n, a los principios bolivarianos y fundamentalmente a la paz. Como gobernador del T\u00e1chira garantizar\u00e9 la paz del estado en cualquier circunstancia y no permitiremos agresiones internas o externas venga de donde venga\u201d.<\/p>\n<p>En ese sentido, la prueba cicl\u00edstica, de 1.500 kil\u00f3metros divididos en 10 etapas, y que ya ten\u00eda inscritos a 120 ciclistas y a los equipos GW Shimano (Colombia), P\u00edo Rico Cycling Team (Bolivia), la Selecci\u00f3n de Cuba, Arenas Tlax (M\u00e9xico), entre otros, no tendr\u00eda el esquema de seguridad necesario para su tranquilo y normal desarrollo.<\/p>\n<p>\u201cHoy todo es una inc\u00f3gnita, y m\u00e1s porque los eventos deportivos en Venezuela son estatales, del Ministerio del Deporte. Entonces, bajo esa \u00f3ptica, que se realice esta carrera que est\u00e1 programada tan cerca a lo sucedido con Maduro, es incierto. Tambi\u00e9n, siento que a largo plazo, sus proyectos como Juegos Ol\u00edmpicos, Panamericanos, entre otros, podr\u00edan sufrir alg\u00fan tropezoncito\u201d, coment\u00f3 el colombiano H\u00e9ctor Fabio Arcila, quien en 2025 fue comisario director de la Vuelta al T\u00e1chira.<\/p>\n<p>El director deportivo el GW Shimano Erco, Luis Alfonso Cely, indic\u00f3 que este mismo s\u00e1bado sostuvo conversaci\u00f3n con los directores de la carrera venezolana, quienes le afirmaron que, por el momento, la prueba segu\u00eda en pie; no obstante, le agregaron que van a esperar \u00f3rdenes del Gobierno para ver qu\u00e9 decisi\u00f3n toman.<\/p>\n<p>\u201cEl a\u00f1o pasado tambi\u00e9n hab\u00eda incertidumbre sobre la posible cancelaci\u00f3n y al final se llev\u00f3 a cabo el evento sin problemas. Ellos van a esperar unos dos d\u00edas para ver si realizan la carrera, por tal motivo nosotros no podemos comprar todav\u00eda tiquetes\u201d, empez\u00f3 diciendo Cely.<\/p>\n<p>El a\u00f1o pasado, en la etapa final del T\u00e1chira, uno de sus pupilos, Brandon Rojas, fue el vencedor y fue campe\u00f3n de los j\u00f3venes.<\/p>\n<p><b>Siga leyendo: <a rel=\"nofollow noopener noreferrer\" href=\"https:\/\/www.elcolombiano.com\/internacional\/nicolas-maduro-imputado-estados-unidos-fiscal-pam-bondi-FB32227435\" target=\"_blank\">Maduro ya fue imputado en Estados Unidos: Fue acusado de cinco delitos ante el Distrito Sur de Nueva York<\/a><\/b><\/p>\n<p>\u201cSi la organizaci\u00f3n programa el certamen es porque tiene los recursos y el personal para garantizar su seguridad. Hay que esperar la decisi\u00f3n que tome Colombia frente a la posibilidad de uno salir del pa\u00eds. Vamos a esperar porque tambi\u00e9n debemos contar con la aprobaci\u00f3n de los patrocinadores y personas que est\u00e1n vinculadas al equipo\u201d, finaliz\u00f3 Cely.<\/p>\n<p>La Vuelta al T\u00e1chira, que hace parte del calendario UCI Am\u00e9rica Tour 2.2., la ha ganado Colombia en 18 oportunidades, la \u00faltima de ellas en 2007 con Hern\u00e1n Buenahora.<\/p>\n","protected":false},"excerpt":{"rendered":"El deporte, en especial el ciclismo, tambi\u00e9n se podr\u00eda ver afectado inicialmente despu\u00e9s de que el ej\u00e9rcito de&hellip;\n","protected":false},"author":2,"featured_media":323414,"comment_status":"","ping_status":"","sticky":false,"template":"","format":"standard","meta":{"footnotes":""},"categories":[273],"tags":[313,312,168,25,24,1267,23,167],"class_list":{"0":"post-323413","1":"post","2":"type-post","3":"status-publish","4":"format-standard","5":"has-post-thumbnail","7":"category-ciclismo","8":"tag-ciclismo","9":"tag-cycling","10":"tag-deportes","11":"tag-es","12":"tag-espana","13":"tag-noticias-el-colombiano","14":"tag-spain","15":"tag-sports"},"share_on_mastodon":{"url":"https:\/\/pubeurope.com\/@es\/115839864812105477","error":""},"_links":{"self":[{"href":"https:\/\/www.europesays.com\/es\/wp-json\/wp\/v2\/posts\/323413","targetHints":{"allow":["GET"]}}],"collection":[{"href":"https:\/\/www.europesays.com\/es\/wp-json\/wp\/v2\/posts"}],"about":[{"href":"https:\/\/www.europesays.com\/es\/wp-json\/wp\/v2\/types\/post"}],"author":[{"embeddable":true,"href":"https:\/\/www.europesays.com\/es\/wp-json\/wp\/v2\/users\/2"}],"replies":[{"embeddable":true,"href":"https:\/\/www.europesays.com\/es\/wp-json\/wp\/v2\/comments?post=323413"}],"version-history":[{"count":0,"href":"https:\/\/www.europesays.com\/es\/wp-json\/wp\/v2\/posts\/323413\/revisions"}],"wp:featuredmedia":[{"embeddable":true,"href":"https:\/\/www.europesays.com\/es\/wp-json\/wp\/v2\/media\/323414"}],"wp:attachment":[{"href":"https:\/\/www.europesays.com\/es\/wp-json\/wp\/v2\/media?parent=323413"}],"wp:term":[{"taxonomy":"category","embeddable":true,"href":"https:\/\/www.europesays.com\/es\/wp-json\/wp\/v2\/categories?post=323413"},{"taxonomy":"post_tag","embeddable":true,"href":"https:\/\/www.europesays.com\/es\/wp-json\/wp\/v2\/tags?post=323413"}],"curies":[{"name":"wp","href":"https:\/\/api.w.org\/{rel}","templated":true}]}}