{"id":323419,"date":"2026-01-05T01:23:13","date_gmt":"2026-01-05T01:23:13","guid":{"rendered":"https:\/\/www.europesays.com\/es\/323419\/"},"modified":"2026-01-05T01:23:13","modified_gmt":"2026-01-05T01:23:13","slug":"revivir-el-dia-en-que-david-bisbal-conocio-a-manolo-escobar","status":"publish","type":"post","link":"https:\/\/www.europesays.com\/es\/323419\/","title":{"rendered":"revivir el d\u00eda en que David Bisbal conoci\u00f3 a Manolo Escobar"},"content":{"rendered":"<p>                                    <img decoding=\"async\" loading=\"lazy\" src=\"https:\/\/www.europesays.com\/es\/wp-content\/uploads\/2025\/11\/66fd58bd3c8b9.jpeg\" alt=\"Evaristo Mart\u00ednez\" width=\"40\" height=\"40\" data-full-src=\"https:\/\/www.europesays.com\/es\/wp-content\/uploads\/2025\/11\/66fd58bd3c8b9.jpeg\"\/><\/p>\n<p class=\"paragraph\">Alhama de Almer\u00eda, 2001. <b>Manolo Escobar<\/b> act\u00faa en la Plaza de Espa\u00f1a. La estrella de la canci\u00f3n popular es observada con admiraci\u00f3n por un chaval llamado <b><a href=\"https:\/\/www.lavozdealmeria.com\/vivir\/421955\/termina-gira-bonita-mi-vida-david-bisbal-pone-broche-oro-posible-navidad.html\" title=\"&quot;Termina la gira m\u00e1s bonita de mi vida&quot;: David Bisbal pone un broche de oro a &#039;Todo es posible en Navidad&#039;\" rel=\"nofollow noopener\" target=\"_blank\">David Bisbal<\/a><\/b>, vocalista en la <b><a href=\"https:\/\/www.lavozdealmeria.com\/vivir\/142589\/asi-homenaje-david-bisbal-orquesta-expresiones.html\" title=\"As\u00ed fue el homenaje de David Bisbal a la Orquesta Expresiones\" rel=\"nofollow noopener\" target=\"_blank\">Orquesta Expresiones<\/a><\/b>, tambi\u00e9n llamada a subirse al escenario. Cuando lo hacen, los m\u00fasicos se arrancan por <b>\u2018Que te voy a comer\u2019<\/b>, uno de los \u00faltimos \u00e9xitos del ejidense. Ambos artistas se conocer\u00e1n ese d\u00eda y poco despu\u00e9s, el joven entrar\u00e1 en <b>\u2018Operaci\u00f3n Triunfo\u2019<\/b>. El resto ya es historia.<\/p>\n<p class=\"paragraph\">El momento ser\u00e1 recordado en m\u00e1s de una ocasi\u00f3n por Bisbal, como cuando particip\u00f3 en el <b>homenaje <\/b>que El Ejido le brind\u00f3 a su paisano en abril de 2016, <a href=\"https:\/\/www.lavozdealmeria.com\/vivir\/35747\/multitudinario-ultimo-adios-benidorm-manolo-escobar.html\" title=\"Multitudinario \u00faltimo adi\u00f3s en Benidorm a Manolo Escobar\" rel=\"nofollow noopener\" target=\"_blank\"><b>seis meses antes de su fallecimiento<\/b><\/a>.<\/p>\n<p>            <a href=\"#\" title=\"\"><\/p>\n<p>                    <img loading=\"lazy\" decoding=\"async\" data-index=\"\" width=\"140\" height=\"140\" alt=\"El cantante almeriense junto a su mujer Rosanna Zanetti en Almer\u00eda.\" data-full=\"[object Object]\" data-original=\"[object Object]\" src=\"https:\/\/imagenes.lavozdealmeria.com\/files\/related_image\/uploads\/2026\/01\/02\/6957968573692.jpeg\" data-full-src=\"https:\/\/www.europesays.com\/es\/wp-content\/uploads\/2026\/01\/6957968573692.jpeg\"\/><\/p>\n<p>            <\/a><\/p>\n<p class=\"paragraph\">Ahora, con motivo de los 25 a\u00f1os del d\u00eda en que ambas figuras se vieron por primera vez, <b>Alhama de Almer\u00eda busca conmemorar aquel encuentro<\/b>. Para ello quieren <b>organizar un homenaje en el que participe el propio David Bisbal y Vanessa Garc\u00eda Marx<\/b>, hija del desaparecido artista.<\/p>\n<p>Un d\u00eda de ensue\u00f1o para Alhama de Almer\u00eda<\/p>\n<p class=\"paragraph\">\u201cAsociaciones, colectivos, Ayuntamiento y todo el pueblo queremos recordar lo que consideramos todo un acontecimiento. Hace 25 a\u00f1os, <b>David Bisbal era conocido en Alhama por la Orquesta Expresiones, pero era a\u00fan un desconocido para el mundo<\/b>. Ellos se conocieron en nuestra Plaza de Espa\u00f1a, cuando Manolo Escobar vino a cantar, y as\u00ed lo ha recordado David en programas de televisi\u00f3n\u201d, cuenta <b>Miguel \u00c1ngel Callej\u00f3n<\/b>, vecino de Alhama, integrante del tejido asociativo de la localidad alpujarre\u00f1a y miembro de la Mayordom\u00eda de San Marcos.<\/p>\n<p class=\"paragraph\">Miguel \u00c1ngel habla con entusiasmo de la idea, consciente de <a href=\"https:\/\/www.lavozdealmeria.com\/vivir\/cultura\/343135\/david-bisbal-prepara-nuevo-disco-estudios-grabo-historica-cancion.html\" title=\"David Bisbal prepara su nuevo disco en los mismos estudios donde se grab\u00f3 una hist\u00f3rica canci\u00f3n\" rel=\"nofollow noopener\" target=\"_blank\"><b>lo complejo que puede ser contar con Bisbal, quien este a\u00f1o tiene previsto lanzar un nuevo disco<\/b><\/a>. \u201cYa hemos contactado con Vanessa Garc\u00eda y nos ha mostrado su predisposici\u00f3n de acudir a este evento en Alhama, algo que nos cuenta que le hace mucha ilusi\u00f3n. <b>Nos queda la otra parte que es m\u00e1s complicada: acceder a nuestro David<\/b>\u201d, asegura.\u00a0<\/p>\n<p>            <a href=\"#\" title=\"\"><\/p>\n<p>                    <img loading=\"lazy\" decoding=\"async\" data-index=\"\" width=\"140\" height=\"140\" alt=\"\" data-full=\"[object Object]\" data-original=\"[object Object]\" src=\"https:\/\/imagenes.lavozdealmeria.com\/files\/related_image\/uploads\/2025\/11\/16\/6919a435194c1.jpeg\" data-full-src=\"https:\/\/www.europesays.com\/es\/wp-content\/uploads\/2026\/01\/6919a435194c1.jpeg\"\/><\/p>\n<p>            <\/a><\/p>\n<p class=\"paragraph\">Por eso ya ha comenzado a movilizarse para contar con <b>la ayuda y colaboraci\u00f3n de organismos e instituciones<\/b> que permitan \u201csacar adelante\u201d un d\u00eda que ser\u00eda \u201cun sue\u00f1o para Alhama\u201d.<\/p>\n<p class=\"paragraph\">Antes del inicio de las fiestas navide\u00f1as, Miguel \u00c1ngel Callej\u00f3n reuni\u00f3 a <b>varios colectivos<\/b> para presentarles el proyecto, <b>un encuentro que califica de \u201cmuy positivo\u201d<\/b>.\u00a0<\/p>\n<p class=\"paragraph\">\u201cParticiparon la Asociaci\u00f3n contra el C\u00e1ncer, la de Mayores de la Tercera Edad, la Asociaci\u00f3n Cultural Virgen del R\u00edo, la Asociaci\u00f3n Cultural San Marcos, la Asociaci\u00f3n Cultural San Antonio, la Asociaci\u00f3n Cultural San Juan, la de Mujeres de Alhama y comerciantes\u201d, explica. Tambi\u00e9n le traslad\u00f3 la iniciativa a representantes de la <b>corporaci\u00f3n municipal<\/b>, como a Francisco Javier Zurita, teniente de alcalde; y a Ana Mar\u00eda Romero Cant\u00f3n y Bel\u00e9n Cort\u00e9s, concejalas del equipo de Gobierno.<\/p>\n<p>El ejemplo de Almer\u00eda 2005<\/p>\n<p class=\"paragraph\">Para exponer las claves del homenaje a David Bisbal y Manolo Escobar, <a href=\"https:\/\/www.lavozdealmeria.com\/opinion\/275957\/2005-viento-nunca-llevo.html\" title=\"2005: lo que el viento nunca se llev\u00f3\" rel=\"nofollow noopener\" target=\"_blank\"><b>Miguel \u00c1ngel Callej\u00f3n tom\u00f3 como ejemplo la g\u00e9nesis de los Juegos Mediterr\u00e1neos Almer\u00eda 2005<\/b><\/a>. \u201cAquella cita naci\u00f3 como una idea plasmada en una servilleta de un bar, y <b>esta idea se me pas\u00f3 por la cabeza cuando vi una entrevista en la que ambos cantantes contaban c\u00f3mo se conocieron en Alhama de Almer\u00eda<\/b>. Me pareci\u00f3 que recordar aquella efem\u00e9ride podr\u00eda representar un impulso tur\u00edstico para nuestra localidad que, adem\u00e1s, vivir\u00eda <b>un d\u00eda de ensue\u00f1o<\/b>\u201d, dice.<\/p>\n<p class=\"paragraph\">La jornada comenzar\u00eda con la <b>recepci\u00f3n en el Ayuntamiento<\/b> a Vanessa Garc\u00eda y a David Bisbal para que firmaran en el <b>libro de honor<\/b> y saludaran desde el balc\u00f3n.\u00a0<\/p>\n<p class=\"paragraph\">En el front\u00f3n municipal se celebrar\u00eda un pleno extraordinario, al que pudieran asistir los vecinos, en el que <b>se declarar\u00edan a ambos artistas hijos adoptivos<\/b>. Una placa en la Plaza de Espa\u00f1a inmortalizar\u00eda el homenaje y el d\u00eda en que dos figuras esenciales de la m\u00fasica espa\u00f1ola se conocieron en Alhama.<\/p>\n<p>Dos exposiciones y la m\u00fasica de la Banda Municipal<\/p>\n<p class=\"paragraph\">\u201cDesde que se declararan como hijos adoptivos a David Bisbal y a Manolo Escobar, <b>un pasacalles con canciones de ambos interpretadas por la Banda Municipal les acompa\u00f1ar\u00eda hasta la Plaza de Espa\u00f1a<\/b> para descubrir la placa\u201d, destaca Miguel \u00c1ngel Callej\u00f3n.<\/p>\n<p class=\"paragraph\">La jornada se completar\u00eda con <b>la inauguraci\u00f3n de dos exposiciones<\/b>, \u201ccon enseres de ambos artistas\u201d, que acoger\u00eda el <b>Museo de Alhama<\/b>.<\/p>\n","protected":false},"excerpt":{"rendered":"Alhama de Almer\u00eda, 2001. Manolo Escobar act\u00faa en la Plaza de Espa\u00f1a. La estrella de la canci\u00f3n popular&hellip;\n","protected":false},"author":2,"featured_media":323420,"comment_status":"","ping_status":"","sticky":false,"template":"","format":"standard","meta":{"footnotes":""},"categories":[174],"tags":[255,146,147,25,24,256,23],"class_list":{"0":"post-323419","1":"post","2":"type-post","3":"status-publish","4":"format-standard","5":"has-post-thumbnail","7":"category-famosos","8":"tag-celebrities","9":"tag-entertainment","10":"tag-entretenimiento","11":"tag-es","12":"tag-espana","13":"tag-famosos","14":"tag-spain"},"share_on_mastodon":{"url":"https:\/\/pubeurope.com\/@es\/115839880641894592","error":""},"_links":{"self":[{"href":"https:\/\/www.europesays.com\/es\/wp-json\/wp\/v2\/posts\/323419","targetHints":{"allow":["GET"]}}],"collection":[{"href":"https:\/\/www.europesays.com\/es\/wp-json\/wp\/v2\/posts"}],"about":[{"href":"https:\/\/www.europesays.com\/es\/wp-json\/wp\/v2\/types\/post"}],"author":[{"embeddable":true,"href":"https:\/\/www.europesays.com\/es\/wp-json\/wp\/v2\/users\/2"}],"replies":[{"embeddable":true,"href":"https:\/\/www.europesays.com\/es\/wp-json\/wp\/v2\/comments?post=323419"}],"version-history":[{"count":0,"href":"https:\/\/www.europesays.com\/es\/wp-json\/wp\/v2\/posts\/323419\/revisions"}],"wp:featuredmedia":[{"embeddable":true,"href":"https:\/\/www.europesays.com\/es\/wp-json\/wp\/v2\/media\/323420"}],"wp:attachment":[{"href":"https:\/\/www.europesays.com\/es\/wp-json\/wp\/v2\/media?parent=323419"}],"wp:term":[{"taxonomy":"category","embeddable":true,"href":"https:\/\/www.europesays.com\/es\/wp-json\/wp\/v2\/categories?post=323419"},{"taxonomy":"post_tag","embeddable":true,"href":"https:\/\/www.europesays.com\/es\/wp-json\/wp\/v2\/tags?post=323419"}],"curies":[{"name":"wp","href":"https:\/\/api.w.org\/{rel}","templated":true}]}}