{"id":323421,"date":"2026-01-05T01:26:08","date_gmt":"2026-01-05T01:26:08","guid":{"rendered":"https:\/\/www.europesays.com\/es\/323421\/"},"modified":"2026-01-05T01:26:08","modified_gmt":"2026-01-05T01:26:08","slug":"el-hormiguero-arranca-2026-a-lo-grande-tres-populares-actrices-y-un-regreso-doce-anos-despues","status":"publish","type":"post","link":"https:\/\/www.europesays.com\/es\/323421\/","title":{"rendered":"&#8216;El Hormiguero&#8217; arranca 2026 a lo grande: tres populares actrices y un regreso doce a\u00f1os despu\u00e9s"},"content":{"rendered":"<p class=\"v-mdl-ath__p v-mdl-ath__p--6\">\nLunes, 5 de enero 2026, 00:19<\/p>\n<p class=\"v-p\">&#8216;El Hormiguero&#8217; arranca este 2026 con una semana a medias, puesto que <a href=\"https:\/\/www.lasprovincias.es\/culturas\/tv\/cuando-vuelve-hormiguero-pablo-motos-20260102190645-nt.html\" title=\"www.lasprovincias.es\" data-voc-vtm-id=\"in-text-traffic\" data-mrf-link=\"www.lasprovincias.es\" rel=\"nofollow noopener\" target=\"_blank\">emitir\u00e1 el primer programa del a\u00f1o el mi\u00e9rcoles 7<\/a>, despu\u00e9s del fin de las fiestas de Navidad. Pero lo har\u00e1 con dos grandes noches con tres invitados en cada una de ellas. <\/p>\n<p class=\"v-p\">El <strong>mi\u00e9rcoles 7<\/strong> Pablo Motos recibir\u00e1 a Kira Mir\u00f3, Raquel Guerrero y Mar\u00eda Herv\u00e1s, tres de las protagonistas de la popular serie &#8216;Machos Alfa&#8217;. La cuarta temporada de la comedia llegar\u00e1 a Netflix el pr\u00f3ximo viernes 8 de enero y las tres charlar\u00e1n sobre su contenido y tambi\u00e9n de aspectos de su lado m\u00e1s personal.<\/p>\n<p class=\"v-p\">El <strong>jueves 8<\/strong> ser\u00e1 el turno para Roberto Leal, Mar\u00eda Jos\u00e9 Campanario (vuelve 12 a\u00f1os despu\u00e9s) y Eduardo Navarrete. El presentador de &#8216;El Desaf\u00edo&#8217; y dos de sus ocho concursantes tambi\u00e9n presentan la nueva temporada del exitoso programa que emite Antena 3.<\/p>\n<p><a href=\"http:\/\/www.lasprovincias.es\/culturas\/tv\/pablo-motos-desvela-dos-veces-arruino-valencia-20260102003742-nt.html#vtm_modulosEngag=mod-rel:culturas:noticia:1:cmp:1-not\" class=\"v-a-link\" aria-label=\"Imagen\" rel=\"nofollow noopener\" target=\"_blank\"><\/p>\n<p><img decoding=\"async\" loading=\"lazy\" src=\"https:\/\/www.europesays.com\/es\/wp-content\/uploads\/2026\/01\/motos-kwAE--366x256@Las Provincias.jpg\" class=\"v-a-img\" width=\"258\" height=\"180\" alt=\"\" data-voc-vtm-id=\"in-text-traffic\"\/><\/p>\n<p><\/a><\/p>\n<p class=\"v-p\">Tras casi dos d\u00e9cadas en antena, El Hormiguero se ha consolidado no solo como el buque insignia de Antena 3, sino como un espacio capaz de resistir cualquier competencia. El programa conducido por Pablo Motos ha logrado que el paso por su plat\u00f3 sea obligatorio tanto para estrellas de Hollywood como para los principales rostros del pa\u00eds. Su capacidad para reinventarse y mantener el pulso del directo lo sit\u00faa diariamente como el contenido m\u00e1s visto de la televisi\u00f3n lineal, ostentando con frecuencia el codiciado t\u00edtulo de \u00abminuto de oro\u00bb de la jornada.<\/p>\n<p class=\"v-p\">El programa ha logrado lo que parec\u00eda imposible en la era del streaming: fidelizar a una audiencia transgeneracional que cada noche, a las 21:45, se cita frente al televisor para ser testigo de un \u00abshow\u00bb que ya es historia viva de la comunicaci\u00f3n en Espa\u00f1a. Solo David Broncano y &#8216;La Revuelta&#8217; ha conseguido ponerle en aprietos.<\/p>\n<p>Reporta un error<\/p>\n","protected":false},"excerpt":{"rendered":"Lunes, 5 de enero 2026, 00:19 &#8216;El Hormiguero&#8217; arranca este 2026 con una semana a medias, puesto que&hellip;\n","protected":false},"author":2,"featured_media":323422,"comment_status":"","ping_status":"","sticky":false,"template":"","format":"standard","meta":{"footnotes":""},"categories":[171],"tags":[3076,1015,988,5881,987,2235,146,147,25,24,699,17775,13541,2596,23,603,214],"class_list":{"0":"post-323421","1":"post","2":"type-post","3":"status-publish","4":"format-standard","5":"has-post-thumbnail","7":"category-tv","8":"tag-3076","9":"tag-actrices","10":"tag-anos","11":"tag-arranca","12":"tag-despues","13":"tag-doce","14":"tag-entertainment","15":"tag-entretenimiento","16":"tag-es","17":"tag-espana","18":"tag-grande","19":"tag-hormiguero","20":"tag-populares","21":"tag-regreso","22":"tag-spain","23":"tag-tres","24":"tag-tv"},"share_on_mastodon":{"url":"https:\/\/pubeurope.com\/@es\/115839892370535806","error":""},"_links":{"self":[{"href":"https:\/\/www.europesays.com\/es\/wp-json\/wp\/v2\/posts\/323421","targetHints":{"allow":["GET"]}}],"collection":[{"href":"https:\/\/www.europesays.com\/es\/wp-json\/wp\/v2\/posts"}],"about":[{"href":"https:\/\/www.europesays.com\/es\/wp-json\/wp\/v2\/types\/post"}],"author":[{"embeddable":true,"href":"https:\/\/www.europesays.com\/es\/wp-json\/wp\/v2\/users\/2"}],"replies":[{"embeddable":true,"href":"https:\/\/www.europesays.com\/es\/wp-json\/wp\/v2\/comments?post=323421"}],"version-history":[{"count":0,"href":"https:\/\/www.europesays.com\/es\/wp-json\/wp\/v2\/posts\/323421\/revisions"}],"wp:featuredmedia":[{"embeddable":true,"href":"https:\/\/www.europesays.com\/es\/wp-json\/wp\/v2\/media\/323422"}],"wp:attachment":[{"href":"https:\/\/www.europesays.com\/es\/wp-json\/wp\/v2\/media?parent=323421"}],"wp:term":[{"taxonomy":"category","embeddable":true,"href":"https:\/\/www.europesays.com\/es\/wp-json\/wp\/v2\/categories?post=323421"},{"taxonomy":"post_tag","embeddable":true,"href":"https:\/\/www.europesays.com\/es\/wp-json\/wp\/v2\/tags?post=323421"}],"curies":[{"name":"wp","href":"https:\/\/api.w.org\/{rel}","templated":true}]}}