{"id":323423,"date":"2026-01-05T01:28:17","date_gmt":"2026-01-05T01:28:17","guid":{"rendered":"https:\/\/www.europesays.com\/es\/323423\/"},"modified":"2026-01-05T01:28:17","modified_gmt":"2026-01-05T01:28:17","slug":"novedades-de-cine-en-plataformas-enero-2026-sinopsis-y-critica-de-novedades-de-cine-en-plataformas-enero-2026","status":"publish","type":"post","link":"https:\/\/www.europesays.com\/es\/323423\/","title":{"rendered":"Novedades de cine en plataformas (enero 2026). Sinopsis y cr\u00edtica de Novedades de cine en plataformas (enero 2026)"},"content":{"rendered":"<p>\t\t\t\t\t<img fetchpriority=\"high\" decoding=\"async\" class=\"alignleft wp-image-7651489 size-medium\" src=\"https:\/\/www.europesays.com\/es\/wp-content\/uploads\/2026\/01\/Downton-Abbey-el-gran-final-240x300.jpg\" alt=\"\" width=\"240\" height=\"300\"  \/><a href=\"https:\/\/www.aceprensa.com\/resenas-cine-series\/downton-abbey-el-gran-final\/\" target=\"_blank\" rel=\"noopener nofollow\">Downton Abbey: El gran final<\/a><br \/>\nDownton Abbey: The Grand Finale<\/p>\n<p><strong>Direcci\u00f3n:<\/strong> Simon Curtis. <strong>Guion:<\/strong> Julian Fellowes. <strong>Int\u00e9rpretes:<\/strong> Hugh Bonneville, Michelle Dockery, Elizabeth McGovern, Laura Carmichael, Dominic West, Paul Giamatti. <strong>123 min. J\u00f3venes<\/strong> (Amor: 2, Sensualidad: 1, Humor: 1). <strong>Drama.<\/strong> Apple TV+, Amazon Prime Video, Rakuten TV. Valoraci\u00f3n: 8\/10<\/p>\n<p>Es tiempo de cambios en la Inglaterra de 1930. Tambi\u00e9n para los Crawley. Robert es consciente de que ha llegado el momento de pasar el relevo a su hija mayor, pero un anuncio de \u00faltima hora tambalea la decisi\u00f3n: Lady Mary se ha divorciado. Para m\u00e1s inri, el dinero con el que contaba Lord Grantham para afrontar unos gastos imprescindibles de la casa se ha esfumado, a causa de la crisis del 29 que golpe\u00f3 de lleno a la fortuna familiar.<\/p>\n<p>En esta ocasi\u00f3n, el guionista combina con maestr\u00eda y elegancia la nostalgia propia de quien cierra una historia que se ha hecho muy grande, con la inevitable llegada de los nuevos tiempos. Tradici\u00f3n y modernidad se entrelazan mostrando relaciones antes impensables \u2013con una presencia algo anacr\u00f3nica de la homosexualidad\u2013, dando mayor protagonismo a la mujer y, en definitiva, aceptando el paso del tiempo. Sin necesidad de ser un devoto de la serie, Downton Abbey: el gran final\u00a0se disfruta como un elegante adi\u00f3s, donde la emoci\u00f3n, la iron\u00eda y la belleza formal se dan la mano por \u00faltima vez.<\/p>\n<p>\u00a0<\/p>\n<p><img loading=\"lazy\" decoding=\"async\" class=\"alignleft wp-image-7644512 size-medium\" src=\"https:\/\/www.europesays.com\/es\/wp-content\/uploads\/2026\/01\/romeria-209x300.jpg\" alt=\"Romer\u00eda\" width=\"209\" height=\"300\"  \/><a href=\"https:\/\/www.aceprensa.com\/resenas-cine-series\/romeria\/\" target=\"_blank\" rel=\"noopener nofollow\">Romer\u00eda<\/a><\/p>\n<p><strong>Direcci\u00f3n y guion:<\/strong> Carla Sim\u00f3n. <strong>Int\u00e9rpretes:<\/strong> Ll\u00facia Garcia, Mitch, Trist\u00e1n Ulloa, Jos\u00e9 \u00c1ngel Egido, Sara Casasnovas. <strong>115 min. Adultos<\/strong> (Amor: 2, Sexo: 1). Drama. Movistar+. Valoraci\u00f3n: 7\/10<\/p>\n<p>Marina es una joven estudiante de cine que viaja desde Barcelona a Galicia para realizar unas gestiones administrativas y conocer, de paso, a su familia paterna. Marina apenas conserva recuerdos de sus padres, fallecidos de sida cuando era muy peque\u00f1a, y el contacto con sus abuelos, t\u00edos y primos le permitir\u00e1 resolver algunos interrogantes\u2026 y plantearse otros nuevos.<\/p>\n<p>La cineasta catalana Carla Sim\u00f3n cierra con\u00a0Romer\u00eda\u00a0una trilog\u00eda autobiogr\u00e1fica y familiar que comenz\u00f3 por la puerta grande con\u00a0<a href=\"https:\/\/www.aceprensa.com\/resenas-cine-series\/verano-1993\/\" target=\"_blank\" rel=\"noopener nofollow\">Verano 1993<\/a>\u00a0y se consolid\u00f3 con\u00a0<a href=\"https:\/\/www.aceprensa.com\/resenas-cine-series\/alcarras\/\" target=\"_blank\" rel=\"noopener nofollow\">Alcarr\u00e0s<\/a>, premiada con el Oso de Oro de Berl\u00edn en el a\u00f1o 2022. En\u00a0Romer\u00eda la apuesta es a\u00fan m\u00e1s personal. La cineasta se abre en canal para contar el gran drama de su vida, la ausencia del padre, la falta absoluta de la memoria y el miedo, el silencio y el estigma que, en los a\u00f1os ochenta, acompa\u00f1aban al drama de la droga y el sida. Una pel\u00edcula arriesgada, magn\u00edficamente interpretada, muy humana pero algo fr\u00eda.<\/p>\n<p>\u00a0<\/p>\n<p><img loading=\"lazy\" decoding=\"async\" class=\"size-medium wp-image-7644466 alignleft\" src=\"https:\/\/www.europesays.com\/es\/wp-content\/uploads\/2026\/01\/Lo-que-aprendi-de-mi-pinguino-208x300.jpg\" alt=\"\" width=\"208\" height=\"300\"  \/><a href=\"https:\/\/www.aceprensa.com\/resenas-cine-series\/lo-que-aprendi-de-mi-pinguino\/\" target=\"_blank\" rel=\"noopener nofollow\">Lo que aprend\u00ed de mi ping\u00fcino<\/a><br \/>\nThe Penguin Lessons<\/p>\n<p><strong>Direcci\u00f3n:<\/strong> Peter Cattaneo. <strong>Guion:<\/strong> Jeff Pope. <strong>Int\u00e9rpretes:<\/strong> Steve Coogan, Jonathan Pryce, Vivian Jaber. <strong>104 min. J\u00f3venes<\/strong> (Amor: 1, Humor: 1). <strong>Comedia, Drama.<\/strong> Movistar+. Valoraci\u00f3n: 6\/10<\/p>\n<p>En 1976, el brit\u00e1nico Tom Michell empieza a trabajar en una escuela argentina para ni\u00f1os ricos. Llega con muy poca ilusi\u00f3n profesional, tras una desgracia familiar. El advenimiento de la dictadura militar y su extra\u00f1a conexi\u00f3n con un ping\u00fcino salvado del petr\u00f3leo trastocar\u00e1n sus planes de desaparecer del mundo.<\/p>\n<p>El reparto y la premisa de esta historia ten\u00edan muchas posibilidades dram\u00e1ticas y c\u00f3micas, pero esta adaptaci\u00f3n de una novela autobiogr\u00e1fica tiene demasiadas carencias de ritmo e ingenio, especialmente en la primera mitad. A pesar de todo, hay escenas conmovedoras y di\u00e1logos con cierta profundidad en el tramo final, que demuestran que el realizador Peter Cattaneo\u00a0<a href=\"https:\/\/www.aceprensa.com\/resenas-cine-series\/que-suene-la-musica\/\" target=\"_blank\" rel=\"noopener nofollow\">(\u00a1Que suene la m\u00fasica!<\/a>,\u00a0<a href=\"https:\/\/www.aceprensa.com\/resenas-cine-series\/the-full-monty\/\" target=\"_blank\" rel=\"noopener nofollow\">Full Monty<\/a>) y el guionista Jeff Pope (El Gordo y el Flaco,\u00a0<a href=\"https:\/\/www.aceprensa.com\/resenas-cine-series\/philomena\/\" target=\"_blank\" rel=\"noopener nofollow\">Philomena<\/a>) tienen oficio.<\/p>\n","protected":false},"excerpt":{"rendered":"Downton Abbey: El gran final Downton Abbey: The Grand Finale Direcci\u00f3n: Simon Curtis. Guion: Julian Fellowes. Int\u00e9rpretes: Hugh&hellip;\n","protected":false},"author":2,"featured_media":323424,"comment_status":"","ping_status":"","sticky":false,"template":"","format":"standard","meta":{"footnotes":""},"categories":[169],"tags":[177,146,147,25,24,176,175,23],"class_list":{"0":"post-323423","1":"post","2":"type-post","3":"status-publish","4":"format-standard","5":"has-post-thumbnail","7":"category-cine","8":"tag-cine","9":"tag-entertainment","10":"tag-entretenimiento","11":"tag-es","12":"tag-espana","13":"tag-film","14":"tag-movies","15":"tag-spain"},"share_on_mastodon":{"url":"https:\/\/pubeurope.com\/@es\/115839900578853921","error":""},"_links":{"self":[{"href":"https:\/\/www.europesays.com\/es\/wp-json\/wp\/v2\/posts\/323423","targetHints":{"allow":["GET"]}}],"collection":[{"href":"https:\/\/www.europesays.com\/es\/wp-json\/wp\/v2\/posts"}],"about":[{"href":"https:\/\/www.europesays.com\/es\/wp-json\/wp\/v2\/types\/post"}],"author":[{"embeddable":true,"href":"https:\/\/www.europesays.com\/es\/wp-json\/wp\/v2\/users\/2"}],"replies":[{"embeddable":true,"href":"https:\/\/www.europesays.com\/es\/wp-json\/wp\/v2\/comments?post=323423"}],"version-history":[{"count":0,"href":"https:\/\/www.europesays.com\/es\/wp-json\/wp\/v2\/posts\/323423\/revisions"}],"wp:featuredmedia":[{"embeddable":true,"href":"https:\/\/www.europesays.com\/es\/wp-json\/wp\/v2\/media\/323424"}],"wp:attachment":[{"href":"https:\/\/www.europesays.com\/es\/wp-json\/wp\/v2\/media?parent=323423"}],"wp:term":[{"taxonomy":"category","embeddable":true,"href":"https:\/\/www.europesays.com\/es\/wp-json\/wp\/v2\/categories?post=323423"},{"taxonomy":"post_tag","embeddable":true,"href":"https:\/\/www.europesays.com\/es\/wp-json\/wp\/v2\/tags?post=323423"}],"curies":[{"name":"wp","href":"https:\/\/api.w.org\/{rel}","templated":true}]}}