{"id":323427,"date":"2026-01-05T01:30:07","date_gmt":"2026-01-05T01:30:07","guid":{"rendered":"https:\/\/www.europesays.com\/es\/323427\/"},"modified":"2026-01-05T01:30:07","modified_gmt":"2026-01-05T01:30:07","slug":"ny-reporta-cifra-record-de-hospitalizaciones-por-gripe-en-una-sola-semana","status":"publish","type":"post","link":"https:\/\/www.europesays.com\/es\/323427\/","title":{"rendered":"NY reporta cifra r\u00e9cord de hospitalizaciones por gripe en una sola semana"},"content":{"rendered":"<p><strong>El Estado de Nueva York report\u00f3 una cantidad r\u00e9cord de hospitalizaciones por gripe en una sola semana<\/strong>, anunci\u00f3 el Departamento de Salud del estado. <\/p>\n<p><strong>En la semana que termin\u00f3 el 27 de diciembre, 4,546 personas fueron internados con gripe en todo el estado, casi 1,000 m\u00e1s que la semana anterior<\/strong>, de acuerdo con los <a href=\"https:\/\/health.ny.gov\/diseases\/communicable\/respiratory_viruses\/activity\/2025-2026\/docs\/current_respiratory_report.pdf\" target=\"_blank\" rel=\"noreferrer noopener nofollow\">datos<\/a> rastreados por el Departamento de Salud del estado.<\/p>\n<p>\u201cEstamos teniendo una temporada de gripe m\u00e1s severa que en a\u00f1os anteriores\u201d, expres\u00f3 el Comisionado de Salud del estado, Dr. James McDonald, en un <a href=\"https:\/\/www.health.ny.gov\/press\/releases\/2026\/2026-01-02_flu_hospitalizations.htm\" target=\"_blank\" rel=\"noreferrer noopener nofollow\">comunicado<\/a> de prensa.<\/p>\n<p>En la semana antes de Navidad, <strong>el Departamento de Salud de Nueva York inform\u00f3 del n\u00famero r\u00e9cord de casos de gripe en una sola semana (m\u00e1s de 71,000) desde que empez\u00f3 a rastrear los casos de gripe en 2004. <\/strong><\/p>\n<p>El Departamento de Salud del estado dijo que la mayor\u00eda de las personas que se enferman de gripe tienen una \u201cenfermedad leve\u201d y se recuperan en menos de dos semanas sin necesidad de atenci\u00f3n m\u00e9dica. <\/p>\n<p>La gripe, conocida tambi\u00e9n como influenza, es una enfermedad respiratoria contagiosa que por lo general se transmite de persona a persona cuando alguien infectado tose o estornuda, se\u00f1al\u00f3 el Departamento de Salud. <\/p>\n<p><strong>Para gran parte de las personas, los s\u00edntomas de la gripe son \u201cuna molestia, pero no extremadamente peligrosos\u201d<\/strong>, indic\u00f3 el Dr. Arthur Gran, especialista en enfermedades infecciosas del Hospital Samaritan de Troy a inicios de diciembre. <\/p>\n<p><strong>Los s\u00edntomas de la gripe incluyen fiebre, escalofr\u00edos, tos, dolor de garganta, dolores corporales, dolor de cabeza y fatiga<\/strong>, de acuerdo con los Centros para el Control y Prevenci\u00f3n de Enfermedades (CDC), inform\u00f3 <a href=\"https:\/\/www.timesunion.com\/health\/article\/new-york-record-high-flu-hospitalizations-21274192.php\" target=\"_blank\" rel=\"nofollow noopener\">Times Union<\/a>. <\/p>\n<p>\u201cUno se siente como si le hubiera atropellado un cami\u00f3n\u201d, expres\u00f3 McDonald a principios de esta semana.<\/p>\n<p>De acuerdo con la Cl\u00ednica Mayo, <strong>las enfermedades respiratorias, como la gripe, aumenta anualmente en los meses m\u00e1s fr\u00edos, por lo general entre noviembre y febrero<\/strong>. La temporada de gripe suele llegar a su punto m\u00e1ximo en enero, manifestaron las autoridades de salud. <\/p>\n<p>En invierno, cuando el aire es m\u00e1s seco, las gotas de los estornudos y la tos que contienen la enfermedad \u201cpueden permanecer en el aire por per\u00edodos m\u00e1s largos y propagarse m\u00e1s\u201d, seg\u00fan la Cl\u00ednica Mayo. <\/p>\n<p>De acuerdo con el \u00faltimo informe de vigilancia de la influenza de los CDC, publicado el 30 de diciembre, la actividad gripal es m\u00e1s alta y sigue aumentando en todo Estados Unidos. <strong>La actividad gripal alcanz\u00f3 su punto m\u00e1ximo en cuatro estados: Colorado, Louisiana, Carolina del Sur y Nueva York<\/strong>. <\/p>\n<p>El tipo m\u00e1s grave del virus de la gripe, conocido entre los cient\u00edficos como A H3N2, ha sido m\u00e1s frecuentemente reportado en lo que va de temporada, dicen los CDC. En especial, se observa un r\u00e1pido incremento de una nueva subvariante mutada llamada \u201csubclado K\u201d, de acuerdo con la Organizaci\u00f3n Mundial de la Salud. <\/p>\n<p>El Departamento de Salud del Estado hizo un llamado a los residentes a recibir la vacuna contra la gripe, que considera \u201cla mejor protecci\u00f3n contra enfermedades graves y la muerte a causa de la gripe\u201d.  <\/p>\n<p><strong>Los datos del estado muestran que menos de una cuarta parte de los neoyorquinos est\u00e1n vacunados contra la gripe, al igual que en a\u00f1os pasados, pese al creciente escepticismo y la ret\u00f3rica antivacunas<\/strong>. En todo Nueva York, cerca del 24% de los adultos y ni\u00f1os se han vacunado contra la gripe este a\u00f1o, con niveles de vacunaci\u00f3n ligeramente inferiores al promedio estatal en el Distrito Capital y el Valle del Hudson. <\/p>\n<p>\u201cTodav\u00eda hay tiempo para vacunarse contra la gripe y recuerde que la gripe se puede tratar con medicamentos antivirales si se comienza a tomar dentro de las 48 horas posteriores a la aparici\u00f3n de los s\u00edntomas y su m\u00e9dico lo considera apropiado\u201d, expres\u00f3 McDonald en el comunicado de prensa. <\/p>\n<p><strong>Sigue leyendo:<\/strong><\/p>\n","protected":false},"excerpt":{"rendered":"El Estado de Nueva York report\u00f3 una cantidad r\u00e9cord de hospitalizaciones por gripe en una sola semana, anunci\u00f3&hellip;\n","protected":false},"author":2,"featured_media":323428,"comment_status":"","ping_status":"","sticky":false,"template":"","format":"standard","meta":{"footnotes":""},"categories":[92],"tags":[25,24,7749,165,166,23],"class_list":{"0":"post-323427","1":"post","2":"type-post","3":"status-publish","4":"format-standard","5":"has-post-thumbnail","7":"category-salud","8":"tag-es","9":"tag-espana","10":"tag-gripe","11":"tag-health","12":"tag-salud","13":"tag-spain"},"share_on_mastodon":{"url":"https:\/\/pubeurope.com\/@es\/115839908156243262","error":""},"_links":{"self":[{"href":"https:\/\/www.europesays.com\/es\/wp-json\/wp\/v2\/posts\/323427","targetHints":{"allow":["GET"]}}],"collection":[{"href":"https:\/\/www.europesays.com\/es\/wp-json\/wp\/v2\/posts"}],"about":[{"href":"https:\/\/www.europesays.com\/es\/wp-json\/wp\/v2\/types\/post"}],"author":[{"embeddable":true,"href":"https:\/\/www.europesays.com\/es\/wp-json\/wp\/v2\/users\/2"}],"replies":[{"embeddable":true,"href":"https:\/\/www.europesays.com\/es\/wp-json\/wp\/v2\/comments?post=323427"}],"version-history":[{"count":0,"href":"https:\/\/www.europesays.com\/es\/wp-json\/wp\/v2\/posts\/323427\/revisions"}],"wp:featuredmedia":[{"embeddable":true,"href":"https:\/\/www.europesays.com\/es\/wp-json\/wp\/v2\/media\/323428"}],"wp:attachment":[{"href":"https:\/\/www.europesays.com\/es\/wp-json\/wp\/v2\/media?parent=323427"}],"wp:term":[{"taxonomy":"category","embeddable":true,"href":"https:\/\/www.europesays.com\/es\/wp-json\/wp\/v2\/categories?post=323427"},{"taxonomy":"post_tag","embeddable":true,"href":"https:\/\/www.europesays.com\/es\/wp-json\/wp\/v2\/tags?post=323427"}],"curies":[{"name":"wp","href":"https:\/\/api.w.org\/{rel}","templated":true}]}}