{"id":323435,"date":"2026-01-05T01:34:07","date_gmt":"2026-01-05T01:34:07","guid":{"rendered":"https:\/\/www.europesays.com\/es\/323435\/"},"modified":"2026-01-05T01:34:07","modified_gmt":"2026-01-05T01:34:07","slug":"no-es-un-dia-cualquiera-rtve-es-3","status":"publish","type":"post","link":"https:\/\/www.europesays.com\/es\/323435\/","title":{"rendered":"No es un d\u00eda cualquiera &#8211; RTVE.es"},"content":{"rendered":"<ol>\n<li><a href=\"https:\/\/news.google.com\/rss\/articles\/CBMitwFBVV95cUxNckZlNjJTUlExbjBTSzJrSXg2MEVFNnhIanBBT3Jyd1A5eHdteEQzR05MSGN0UWtJVEZHaDBNVUQ2QlRrSTg1b3dPMEMteVE2Z0QwbzBIeFRCUzd6VmF1aVNYejVzWk44cGdxY0dvRGZadVNNQ1dWU0VRcVRJdUM0endQeDk0eDhHM2NaeENJLUJlRVdRQTFldE5wY0gzSmh4bmZxTGZkU2JhRURtcEp5cVRZNlJwSjQ?oc=5\" target=\"_blank\" rel=\"nofollow noopener\">No es un d\u00eda cualquiera<\/a>&nbsp;&nbsp;RTVE.es<\/li>\n<li><a href=\"https:\/\/news.google.com\/rss\/articles\/CBMiqAFBVV95cUxPRVZ2OFNpdE1wdDIxTkR6eGZYVG9ZS0h6T0o5RmNDYVowcktEMVRBaUo1ajNYQkNEQW1rbUtMSkJ6T25YYzZDQTJKalJJaDNPMDdqSzljN0J4Q1B0UzctS0tFS0VoTkRPQWlZeWNiakh5cl94S0hpdDl4MmJPdnZGeU5Hc1JCc3RSemZuZXNtbmp5amlKT0wyRUVPaU1uclJSNzJJYlotVkI?oc=5\" target=\"_blank\" rel=\"nofollow noopener\">El silencio cobarde (e irresponsable) ante una intervenci\u00f3n anunciada por Patricia Sim\u00f3n<\/a>&nbsp;&nbsp;infoLibre<\/li>\n<li><a href=\"https:\/\/news.google.com\/rss\/articles\/CBMiogFBVV95cUxQaEhkX0s5d3NaQ3UzNVJXM01jOF9CeXlPU0toVUZYYzk4MmNfamhENWJzeklCSV9xZUZrcTdLV1IwUVVTNlZBVkRxOTl1dlNkUU14UncyS3FYRjVZdDFTSnAwaU5UYUlaVmI5MU9TVFlJVVJkYjR3a2g2WXFNd0gxTFhPaFkycmIzSDVzQU5TTjZDd0VmWXFXY284SEFJV2tJOVE?oc=5\" target=\"_blank\" rel=\"nofollow noopener\">La operaci\u00f3n Absolute Resolve: el d\u00eda que cambi\u00f3 Venezuela y el orden mundial<\/a>&nbsp;&nbsp;Agenda P\u00fablica<\/li>\n<li><a href=\"https:\/\/news.google.com\/rss\/articles\/CBMiX0FVX3lxTE1jMHlwR2JnMGVrRngyTDdXU1V4ZG1NMkEwTUZQUXR2YzJwejhRb3lCMGVJall4UXk5YVRVSElZZGRVVTNVaUtDbWo1MlNoc19qSjZVeGJuRi1ub0Z4eDM0?oc=5\" target=\"_blank\" rel=\"nofollow noopener\">No sean hip\u00f3critas<\/a>&nbsp;&nbsp;Detona<\/li>\n<li><a href=\"https:\/\/news.google.com\/rss\/articles\/CBMixgFBVV95cUxOQzY0X19FVXV0bWxYQnI1UUxpajhwQ1F3UUtqRnlIS3FIQTkzV3J5dzg2SjBXVDdCU3MwanJnMUdFaHctOWhRdmxscmQwVzFhMjVyM1JUTlZIVjB5ZDVacDJhLUNVMVFKbnJ6UlpKV3BfRG9hWld1ZGxpd0NYSjE3ekRQUUo2SnN6OE1xM1gzdFNQVkJSRklnbDhldXI5RkxHMkF5Um1SUWcxY3hyYU1FUlBMT190TkZWREpUeHVkRV9aeDJaSWfSAcsBQVVfeXFMTURMSVdQenZhZTUzeGpwenFHNi1CWmJDbFp5T3dQSWhfVlAyVU45YmRTVVJ2WWJ3VmlFM3N2WEtQekxFQXpjcUplS1hPS2g2LTY4YlBBSW9IektVSVBIZXlpS3B5aWtFTzY4MTNDTUJLNk94NEk2YjlnU2VuMEFHVlhQVUlJLXl0WEp1Y04zM2hOYzBPdVJlRVNoUi1BOGxfZ2M5b3N0amw2LXpIYVBBWEFGd2pzSlZkSDRLVHd4WUJaMjVsNVdEZlhoNFk?oc=5\" target=\"_blank\" rel=\"nofollow noopener\">Venezuela: la jugada silenciosa<\/a>&nbsp;&nbsp;sol del sur tenerife<\/li>\n<\/ol>\n","protected":false},"excerpt":{"rendered":"No es un d\u00eda cualquiera&nbsp;&nbsp;RTVE.es El silencio cobarde (e irresponsable) ante una intervenci\u00f3n anunciada por Patricia Sim\u00f3n&nbsp;&nbsp;infoLibre La&hellip;\n","protected":false},"author":2,"featured_media":323436,"comment_status":"","ping_status":"","sticky":false,"template":"","format":"standard","meta":{"footnotes":""},"categories":[42],"tags":[17,18,75083,13,14,11,61,62,63,64,19,20,9,35670,10,15,16,133,1448,1986,1987,12,21,22,65,66,67],"class_list":{"0":"post-323435","1":"post","2":"type-post","3":"status-publish","4":"format-standard","5":"has-post-thumbnail","7":"category-internacional","8":"tag-breaking-news","9":"tag-breakingnews","10":"tag-el-analisis-de-vallespin-y-peirano-sobre-que-esta-pasando-en-venezuela","11":"tag-featured-news","12":"tag-featurednews","13":"tag-headlines","14":"tag-internacional","15":"tag-international","16":"tag-international-news","17":"tag-internationalnews","18":"tag-latest-news","19":"tag-latestnews","20":"tag-news","21":"tag-no-es-un-dia-cualquiera","22":"tag-noticias","23":"tag-noticias-destacadas","24":"tag-noticiasdestacadas","25":"tag-online","26":"tag-radio","27":"tag-rne","28":"tag-rtve-play","29":"tag-titulares","30":"tag-ultimas-noticias","31":"tag-ultimasnoticias","32":"tag-world","33":"tag-world-news","34":"tag-worldnews"},"share_on_mastodon":{"url":"https:\/\/pubeurope.com\/@es\/115839923857572394","error":""},"_links":{"self":[{"href":"https:\/\/www.europesays.com\/es\/wp-json\/wp\/v2\/posts\/323435","targetHints":{"allow":["GET"]}}],"collection":[{"href":"https:\/\/www.europesays.com\/es\/wp-json\/wp\/v2\/posts"}],"about":[{"href":"https:\/\/www.europesays.com\/es\/wp-json\/wp\/v2\/types\/post"}],"author":[{"embeddable":true,"href":"https:\/\/www.europesays.com\/es\/wp-json\/wp\/v2\/users\/2"}],"replies":[{"embeddable":true,"href":"https:\/\/www.europesays.com\/es\/wp-json\/wp\/v2\/comments?post=323435"}],"version-history":[{"count":0,"href":"https:\/\/www.europesays.com\/es\/wp-json\/wp\/v2\/posts\/323435\/revisions"}],"wp:featuredmedia":[{"embeddable":true,"href":"https:\/\/www.europesays.com\/es\/wp-json\/wp\/v2\/media\/323436"}],"wp:attachment":[{"href":"https:\/\/www.europesays.com\/es\/wp-json\/wp\/v2\/media?parent=323435"}],"wp:term":[{"taxonomy":"category","embeddable":true,"href":"https:\/\/www.europesays.com\/es\/wp-json\/wp\/v2\/categories?post=323435"},{"taxonomy":"post_tag","embeddable":true,"href":"https:\/\/www.europesays.com\/es\/wp-json\/wp\/v2\/tags?post=323435"}],"curies":[{"name":"wp","href":"https:\/\/api.w.org\/{rel}","templated":true}]}}