{"id":323439,"date":"2026-01-05T01:36:11","date_gmt":"2026-01-05T01:36:11","guid":{"rendered":"https:\/\/www.europesays.com\/es\/323439\/"},"modified":"2026-01-05T01:36:11","modified_gmt":"2026-01-05T01:36:11","slug":"un-juez-de-92-anos-nombrado-por-clinton-se-encargara-del-juicio-a-maduro-en-nueva-york-internacional","status":"publish","type":"post","link":"https:\/\/www.europesays.com\/es\/323439\/","title":{"rendered":"Un juez de 92 a\u00f1os nombrado por Clinton se encargar\u00e1 del juicio a Maduro en Nueva York | Internacional"},"content":{"rendered":"<p class=\"\">Alvin Hellerstein, un juez jud\u00edo ortodoxo, de 92 a\u00f1os, que fue nombrado por Bill Clinton, hace casi tres d\u00e9cadas, para ocupar su puesto en la corte federal, <a href=\"https:\/\/elpais.com\/internacional\/2026-01-04\/maduro-al-llegar-a-la-carcel-de-nueva-york-tras-su-captura-en-venezuela-happy-new-year.html\" target=\"_self\" rel=\"nofollow noopener\" title=\"https:\/\/elpais.com\/internacional\/2026-01-04\/maduro-al-llegar-a-la-carcel-de-nueva-york-tras-su-captura-en-venezuela-happy-new-year.html\">ser\u00e1 el encargado de presidir el juicio contra Nicol\u00e1s Maduro.<\/a> El presidente de Venezuela fue capturado el s\u00e1bado por fuerzas del ej\u00e9rcito de Estados Unidos mientras dorm\u00eda en Caracas y trasladado al centro de detenci\u00f3n de reclusos de Brooklyn a la espera de comparecer en el juzgado.<\/p>\n<p class=\"\"><a href=\"https:\/\/www.nysd.uscourts.gov\/hon-alvin-k-hellerstein\" target=\"_blank\" rel=\"nofollow noopener\" title=\"https:\/\/www.nysd.uscourts.gov\/hon-alvin-k-hellerstein\">Hellerstein<\/a>, nacido en Nueva York en 1933, fue abogado del ej\u00e9rcito de los Estados Unidos, ejerci\u00f3 como abogado en el sector privado y en mayo de 1998 fue designado como juez superior del distrito sur de Nueva York por el entonces presidente Bill Clinton. Es uno de los jueces en activo con m\u00e1s a\u00f1os de carrera.<\/p>\n<p class=\"\">El caso contra Maduro se juzgar\u00e1 previsiblemente en el tribunal del distrito sur de Nueva York, aunque no est\u00e1 del todo claro, porque el presidente de Estados Unidos abri\u00f3 la puerta a que se trasladara a Florida. De confirmarse Nueva York, el juicio tendr\u00e1 lugar en el palacio de justicia Daniel Patrick Moynihan, que alberga el tribunal de distrito sur, un juzgado donde se han celebrado casos c\u00e9lebres contra narcotraficantes, mafiosos o personajes medi\u00e1ticos. Entre ellos destaca el del expresidente de Honduras, Juan Orlando Hern\u00e1ndez, condenado a 45 a\u00f1os de c\u00e1rcel por tr\u00e1fico de drogas, aunque ha sido indultado recientemente por Trump.<\/p>\n<p class=\"\">La asignaci\u00f3n de Hellerstein lo sit\u00faa en el foco de uno de los procesos judiciales m\u00e1s importantes de las \u00faltimas d\u00e9cadas. El juez ha tenido un papel central en algunos de los casos m\u00e1s delicados de Estados Unidos. Ha llevado casos sonados como el de las reclamaciones por los da\u00f1os de las torres gemelas durante el atentado del 11-S, el de acoso sexual contra el productor cinematogr\u00e1fico Harvey Epstein o el del exabogado de Donald Trump, Michael Cohen. <\/p>\n<p class=\"\">Este juez tambi\u00e9n se encarga del caso contra<a href=\"https:\/\/elpais.com\/america\/2025-06-26\/el-pollo-carvajal-ex-jefe-de-inteligencia-chavista-se-declara-culpable-de-cuatro-delitos-en-estados-unidos.html\" target=\"_self\" rel=\"nofollow noopener\" title=\"https:\/\/elpais.com\/america\/2025-06-26\/el-pollo-carvajal-ex-jefe-de-inteligencia-chavista-se-declara-culpable-de-cuatro-delitos-en-estados-unidos.html\"> el exgeneral venezolano Hugo Armando Pollo Carvajal<\/a>, acusado de narcotr\u00e1fico. El testimonio de este exdiputado y <a href=\"https:\/\/elpais.com\/internacional\/2023-07-21\/el-vuelo-con-53-minutos-de-retraso-que-llevo-al-pollo-carvajal-ante-la-amenaza-de-cuatro-cadenas-perpetuas.html\" target=\"_self\" rel=\"nofollow noopener\" title=\"https:\/\/elpais.com\/internacional\/2023-07-21\/el-vuelo-con-53-minutos-de-retraso-que-llevo-al-pollo-carvajal-ante-la-amenaza-de-cuatro-cadenas-perpetuas.html\">antiguo jefe de los servicios de inteligencia del r\u00e9gimen chavista,<\/a> que ha decidido colaborar con las autoridades, jugar\u00e1 un papel importante en el juicio a Maduro. Carvajal se declar\u00f3 el pasado verano culpable de cuatro delitos vinculados al narcotr\u00e1fico y narcoterrorismo en el mismo tribunal federal de Nueva York donde ser\u00e1 juzgado el presidente de Venezuela.<\/p>\n<p class=\"\">Hellerstein, que estudi\u00f3 derecho en la Universidad de Columbia (Nueva York), comenz\u00f3 su carrera como becario en el juzgado que ahora preside. Durante su carrera ha emitido sentencias bien fundamentadas y se ha esforzado por ser equidistante a pesar de ser un reconocido miembro de la comunidad jud\u00eda.<\/p>\n<p class=\"\">\u201cEn Estados Unidos no existe una prueba religiosa para acceder a un cargo. Jud\u00edos, cristianos, musulmanes o ateos son iguales ante la ley y gozan de las mismas oportunidades para acceder a un cargo p\u00fablico. En consecuencia, la forma en que un juez decide un caso no deber\u00eda depender de su educaci\u00f3n religiosa, su identificaci\u00f3n religiosa o sus valores religiosos\u201d, escribi\u00f3 Hellerstein en una revista de la Universidad de Long Island en 2013. \u201cSi bien las decisiones de los jueces difieren, es poco probable que sus creencias y valores religiosos marquen la diferencia. Sin embargo, los abogados saben que la selecci\u00f3n de un juez para un caso (en la mayor\u00eda de los tribunales, una selecci\u00f3n aleatoria) es un evento tan importante como cualquier otro. \u00bfC\u00f3mo podemos decir entonces que la educaci\u00f3n del juez, incluida su educaci\u00f3n religiosa, no hace la diferencia?\u201c, se preguntaba entonces.<\/p>\n<p class=\"\">El caso contra Maduro le dar\u00e1 trabajo. El documento de acusaci\u00f3n de la fiscal\u00eda general de Estados Unidos le imputa cuatro presuntos delitos: conspiraci\u00f3n narcoterrorista, conspiraci\u00f3n para importar coca\u00edna y posesi\u00f3n de ametralladoras y dispositivos destructivos. Y los hace extensivos a su esposa, su hijo y otros dos altos funcionarios de su Gobierno.<\/p>\n<p class=\"\">La fiscal\u00eda acusa a Madura de enriquecerse ilegalmente durante sus a\u00f1os por los distintos niveles del Gobierno de Venezuela y de tener planes para <a href=\"https:\/\/elpais.com\/america-colombia\/2025-11-02\/videoanalisis-los-bombardeos-de-trump-no-es-la-droga-es-maduro.html\" target=\"_self\" rel=\"nofollow noopener\" title=\"https:\/\/elpais.com\/america-colombia\/2025-11-02\/videoanalisis-los-bombardeos-de-trump-no-es-la-droga-es-maduro.html\">inundar Estados Unidos de droga<\/a>. <\/p>\n","protected":false},"excerpt":{"rendered":"Alvin Hellerstein, un juez jud\u00edo ortodoxo, de 92 a\u00f1os, que fue nombrado por Bill Clinton, hace casi tres&hellip;\n","protected":false},"author":2,"featured_media":323440,"comment_status":"","ping_status":"","sticky":false,"template":"","format":"standard","meta":{"footnotes":""},"categories":[5],"tags":[889,74750,8738,17,18,4329,75084,352,25,24,629,13,14,11,19,20,9,1194,2556,10,15,16,17918,952,23,12,30580,493,21,22,1192,2558],"class_list":{"0":"post-323439","1":"post","2":"type-post","3":"status-publish","4":"format-standard","5":"has-post-thumbnail","7":"category-titulares","8":"tag-america","9":"tag-ataque-estados-unidos-a-venezuela","10":"tag-ataques-militares","11":"tag-breaking-news","12":"tag-breakingnews","13":"tag-casa-blanca","14":"tag-delcy-rodriguez","15":"tag-donald-trump","16":"tag-es","17":"tag-espana","18":"tag-estados-unidos","19":"tag-featured-news","20":"tag-featurednews","21":"tag-headlines","22":"tag-latest-news","23":"tag-latestnews","24":"tag-news","25":"tag-nicolas-maduro","26":"tag-norteamerica","27":"tag-noticias","28":"tag-noticias-destacadas","29":"tag-noticiasdestacadas","30":"tag-partido-republicano-ee-uu","31":"tag-politica","32":"tag-spain","33":"tag-titulares","34":"tag-tribunal-supremo-eeuu","35":"tag-tribunales","36":"tag-ultimas-noticias","37":"tag-ultimasnoticias","38":"tag-venezuela","39":"tag-washington-d-c"},"share_on_mastodon":{"url":"","error":"Validation failed: Text character limit of 500 exceeded"},"_links":{"self":[{"href":"https:\/\/www.europesays.com\/es\/wp-json\/wp\/v2\/posts\/323439","targetHints":{"allow":["GET"]}}],"collection":[{"href":"https:\/\/www.europesays.com\/es\/wp-json\/wp\/v2\/posts"}],"about":[{"href":"https:\/\/www.europesays.com\/es\/wp-json\/wp\/v2\/types\/post"}],"author":[{"embeddable":true,"href":"https:\/\/www.europesays.com\/es\/wp-json\/wp\/v2\/users\/2"}],"replies":[{"embeddable":true,"href":"https:\/\/www.europesays.com\/es\/wp-json\/wp\/v2\/comments?post=323439"}],"version-history":[{"count":0,"href":"https:\/\/www.europesays.com\/es\/wp-json\/wp\/v2\/posts\/323439\/revisions"}],"wp:featuredmedia":[{"embeddable":true,"href":"https:\/\/www.europesays.com\/es\/wp-json\/wp\/v2\/media\/323440"}],"wp:attachment":[{"href":"https:\/\/www.europesays.com\/es\/wp-json\/wp\/v2\/media?parent=323439"}],"wp:term":[{"taxonomy":"category","embeddable":true,"href":"https:\/\/www.europesays.com\/es\/wp-json\/wp\/v2\/categories?post=323439"},{"taxonomy":"post_tag","embeddable":true,"href":"https:\/\/www.europesays.com\/es\/wp-json\/wp\/v2\/tags?post=323439"}],"curies":[{"name":"wp","href":"https:\/\/api.w.org\/{rel}","templated":true}]}}