{"id":323454,"date":"2026-01-05T01:54:09","date_gmt":"2026-01-05T01:54:09","guid":{"rendered":"https:\/\/www.europesays.com\/es\/323454\/"},"modified":"2026-01-05T01:54:09","modified_gmt":"2026-01-05T01:54:09","slug":"amaia-montero-reacciona-a-las-criticas-tras-su-actuacion-en-nochevieja-a-mi-manera","status":"publish","type":"post","link":"https:\/\/www.europesays.com\/es\/323454\/","title":{"rendered":"Amaia Montero reacciona a las cr\u00edticas tras su actuaci\u00f3n en Nochevieja: \u00abA mi manera&#8230;\u00bb"},"content":{"rendered":"<p class=\"c-paragraph\"><a href=\"https:\/\/www.20minutos.es\/tags\/personas\/amaia-montero.html\" title=\"Amaia Montero\" rel=\"nofollow noopener\" target=\"_blank\">Amaia Montero<\/a> reapareci\u00f3 junto a <a href=\"https:\/\/www.20minutos.es\/tags\/instituciones-empresas\/la-oreja-de-van-gogh.html\" title=\"La oreja de Van Gogh\" rel=\"nofollow noopener\" target=\"_blank\">La Oreja de Van Gogh<\/a> en el especial de Nochevieja de La 1 de TVE. Lo hicieron para <a href=\"https:\/\/www.20minutos.es\/television\/escucha-todos-estamos-bailando-misma-cancion-primer-single-nueva-etapa-oreja-van-gogh-con-amaia-montero_6916323_0.html\" title=\"Escucha &#039;Todos estamos bailando la misma canci\u00f3n&#039;, el primer &#039;single&#039; de la nueva etapa de La Oreja de Van Gogh con Amaia Montero\" rel=\"nofollow noopener\" target=\"_blank\">presentar al mundo su nuevo single tras la vuelta de la cantante al grupo<\/a>, Todos estamos bailando la misma canci\u00f3n.<\/p>\n<p class=\"c-paragraph\">Una actuaci\u00f3n que ha sido muy comentada desde el mismo momento en que se emiti\u00f3. Primero, porque, de todas las actuaciones grabadas en Espa\u00f1a, fue<b> la \u00fanica en la que hubo playback<\/b>; y segundo, por el atuendo que llev\u00f3 Amaia, <b>un abrigo blanco<\/b>, dise\u00f1o de la modista donostiarra Isabel Zapardiez que simboliza su renacer.\u00a0<\/p>\n<p class=\"c-paragraph\">Sin embargo, no fue entendido por muchos, que<b> <a href=\"https:\/\/www.20minutos.es\/television\/look-amaia-montero-revienta-las-redes-sociales-con-todo-tipo-memes-es-un-marshmallow_6916499_0.html\" title=\"El &#039;look&#039; de Amaia Montero revienta las redes sociales con todo tipo de memes: &quot;\u00bfEs un marshmallow?&quot;\" rel=\"nofollow noopener\" target=\"_blank\">llevaron a mofa el look de Amaia<\/a><\/b>, que ahora ha reaccionado a trav\u00e9s de sus redes sociales.<\/p>\n<p class=\"c-paragraph\">\u00a0\u00ab<b>Un edred\u00f3n a mi manera<\/b>\u00ab, ha sido la frase de la artista, a la que acompa\u00f1a, precisamente, de una fotograf\u00eda de ella en la cama con un pijama a cuadros y con el ya famoso abrigo puesto a modo de edred\u00f3n.<\/p>\n<p class=\"c-paragraph\">\u00abNo son melod\u00edas. Ni ritmos. Tampoco unas palabras. Son un verano, una persona, un viaje\u2026 <b>No son canciones, es nuestra vida<\/b>\u00ab, ha escrito el grupo en las \u00faltimas horas en una publicaci\u00f3n compartida por Amaia y que habla de su regreso a la m\u00fasica.<\/p>\n","protected":false},"excerpt":{"rendered":"Amaia Montero reapareci\u00f3 junto a La Oreja de Van Gogh en el especial de Nochevieja de La 1&hellip;\n","protected":false},"author":2,"featured_media":317048,"comment_status":"","ping_status":"","sticky":false,"template":"","format":"standard","meta":{"footnotes":""},"categories":[91],"tags":[19674,6621,146,147,25,24,4207,2466,6461,23],"class_list":{"0":"post-323454","1":"post","2":"type-post","3":"status-publish","4":"format-standard","5":"has-post-thumbnail","7":"category-entretenimiento","8":"tag-amaia","9":"tag-criticas","10":"tag-entertainment","11":"tag-entretenimiento","12":"tag-es","13":"tag-espana","14":"tag-las","15":"tag-montero","16":"tag-reacciona","17":"tag-spain"},"share_on_mastodon":{"url":"https:\/\/pubeurope.com\/@es\/115840002532902200","error":""},"_links":{"self":[{"href":"https:\/\/www.europesays.com\/es\/wp-json\/wp\/v2\/posts\/323454","targetHints":{"allow":["GET"]}}],"collection":[{"href":"https:\/\/www.europesays.com\/es\/wp-json\/wp\/v2\/posts"}],"about":[{"href":"https:\/\/www.europesays.com\/es\/wp-json\/wp\/v2\/types\/post"}],"author":[{"embeddable":true,"href":"https:\/\/www.europesays.com\/es\/wp-json\/wp\/v2\/users\/2"}],"replies":[{"embeddable":true,"href":"https:\/\/www.europesays.com\/es\/wp-json\/wp\/v2\/comments?post=323454"}],"version-history":[{"count":0,"href":"https:\/\/www.europesays.com\/es\/wp-json\/wp\/v2\/posts\/323454\/revisions"}],"wp:featuredmedia":[{"embeddable":true,"href":"https:\/\/www.europesays.com\/es\/wp-json\/wp\/v2\/media\/317048"}],"wp:attachment":[{"href":"https:\/\/www.europesays.com\/es\/wp-json\/wp\/v2\/media?parent=323454"}],"wp:term":[{"taxonomy":"category","embeddable":true,"href":"https:\/\/www.europesays.com\/es\/wp-json\/wp\/v2\/categories?post=323454"},{"taxonomy":"post_tag","embeddable":true,"href":"https:\/\/www.europesays.com\/es\/wp-json\/wp\/v2\/tags?post=323454"}],"curies":[{"name":"wp","href":"https:\/\/api.w.org\/{rel}","templated":true}]}}