{"id":323460,"date":"2026-01-05T01:58:19","date_gmt":"2026-01-05T01:58:19","guid":{"rendered":"https:\/\/www.europesays.com\/es\/323460\/"},"modified":"2026-01-05T01:58:19","modified_gmt":"2026-01-05T01:58:19","slug":"delcy-rodriguez-tiene-vetada-la-entrada-a-la-ue-por-violaciones-graves-de-los-derechos-humanos-internacional","status":"publish","type":"post","link":"https:\/\/www.europesays.com\/es\/323460\/","title":{"rendered":"Delcy Rodr\u00edguez tiene vetada la entrada a la UE \u201cpor violaciones graves de los derechos humanos\u201d | Internacional"},"content":{"rendered":"<p class=\"\">Si alguien sabe bien de las sanciones que pesan sobre Delcy Rodr\u00edguez en la Uni\u00f3n Europea, es el Gobierno espa\u00f1ol. En enero de 2020, el Ejecutivo de Pedro S\u00e1nchez se vio inmerso en una fuerte pol\u00e9mica, que todav\u00eda resurge en ocasiones, cuando<a href=\"https:\/\/elpais.com\/america\/2026-01-04\/delcy-rodriguez-entre-la-supervivencia-del-regimen-y-una-transicion.html\" target=\"_self\" rel=\"nofollow noopener\" title=\"https:\/\/elpais.com\/america\/2026-01-04\/delcy-rodriguez-entre-la-supervivencia-del-regimen-y-una-transicion.html\"> la vicepresidenta venezolana<\/a> aterriz\u00f3 en el aeropuerto madrile\u00f1o de Barajas y pis\u00f3 suelo europeo. Lo hizo a pesar de que estaba sancionada desde a\u00f1o y medio antes, cuando se le prohibi\u00f3 la entrada a la UE \u201cpor violaciones o abusos graves de los derechos humanos o de la represi\u00f3n de la sociedad civil y la oposici\u00f3n democr\u00e1tica en Venezuela\u201d. No es la \u00fanica venezolana sobre la que pesa esta sanci\u00f3n. Su nombre forma parte de una lista negra en la que hay otros altos cargos del r\u00e9gimen de Nicol\u00e1s Maduro.<\/p>\n<p class=\"\">Las sanciones y el listado en el que est\u00e1 Rodr\u00edguez se crearon en enero de 2018, <a href=\"https:\/\/eur-lex.europa.eu\/legal-content\/ES\/TXT\/PDF\/?uri=CELEX:02017D2074-20250111\" target=\"_self\" rel=\"nofollow noopener\" title=\"https:\/\/eur-lex.europa.eu\/legal-content\/ES\/TXT\/PDF\/?uri=CELEX:02017D2074-20250111\">aunque ella pas\u00f3 a engrosar la lista en junio de ese a\u00f1o<\/a>. Desde entonces, el castigo se ha ido renovando peri\u00f3dicamente. La \u00faltima vez hace menos de un mes, el 15 de diciembre pasado. Lo hizo \u201ca la vista de las persistentes acciones que socavan la democracia y el Estado de derecho, as\u00ed como las continuas violaciones de derechos humanos y la represi\u00f3n de la sociedad civil y la oposici\u00f3n democr\u00e1tica\u201d. Y salvo que medie una decisi\u00f3n en sentido contrario antes, estar\u00e1n vigentes hasta el 10 de enero del a\u00f1o pr\u00f3ximo. Entre las personas sancionadas, junto a Rodr\u00edguez, est\u00e1 pr\u00e1cticamente todo el c\u00edrculo de Maduro: Diosdado Cabello, ahora ministro de Interior, o Tarek William Saab, fiscal general. <\/p>\n<p class=\"\">A pesar de este veto, Rodr\u00edguez pudo entrar en Bruselas en julio de 2023. Maduro no estuvo presente en la cumbre UE-Celac que se celebr\u00f3 en la capital de la Uni\u00f3n durante la presidencia espa\u00f1ola del Consejo de la UE y <a href=\"https:\/\/www.consilium.europa.eu\/media\/65858\/trombinoscope-celac-1718-07-2023-web.pdf\" target=\"_self\" rel=\"nofollow noopener\" title=\"https:\/\/www.consilium.europa.eu\/media\/65858\/trombinoscope-celac-1718-07-2023-web.pdf\">acudi\u00f3 ella a representar a su pa\u00eds<\/a>. Para que en esta ocasi\u00f3n pudiera entrar en el territorio de los Veintisiete, fue preciso que se le concediera un permiso especial. <\/p>\n<p class=\"\">Ese permiso no exist\u00eda en enero de 2020 y la llegada de la mandataria a Barajas provoc\u00f3 una investigaci\u00f3n judicial sobre si hab\u00eda entrado en territorio espa\u00f1ol pese al veto de las autoridades comunitarias. La causa acab\u00f3 archivada, ya que no pas\u00f3 de la \u201czona de tr\u00e1nsito internacional\u201d y, seg\u00fan expusieron los tribunales de Madrid, no puede considerarse esa \u00e1rea como \u201cterritorio nacional\u201d (el Supremo s\u00ed concluy\u00f3 despu\u00e9s que hab\u00eda entrado en territorio espa\u00f1ol \u201cdesde el momento en que el avi\u00f3n sobrevol\u00f3 espacio a\u00e9reo espa\u00f1ol\u201d, pero a\u00f1adi\u00f3 que \u201cel incumplimiento de las decisiones de pol\u00edtica exterior de la UE est\u00e1 sometido a control pol\u00edtico, no a responsabilidad penal\u201d). Pero, adem\u00e1s, la prensa desvel\u00f3 que Jos\u00e9 Luis \u00c1balos, entonces ministro de Transportes y secretario de Organizaci\u00f3n del PSOE, actualmente en prisi\u00f3n provisional a la espera de juicio por un caso de corrupci\u00f3n, acudi\u00f3 a verse con ella al aer\u00f3dromo.<\/p>\n<p>M\u00e1s informaci\u00f3n<\/p>\n<p class=\"\">Ese encuentro secreto gener\u00f3 un enorme esc\u00e1ndalo. Sobre todo porque \u00c1balos, entonces uno de los hombres fuertes del presidente, fue cambiando de versi\u00f3n a medida que sus afirmaciones eran desmentidas. En un primer momento, el socialista asegur\u00f3 que hab\u00eda ido a Barajas a verse con el ministro de Turismo venezolano, F\u00e9lix Plasencia; y que, cuando se encontraba de camino, le telefone\u00f3 el ministro espa\u00f1ol del Interior, Fernando Grande-Marlaska, para informarle de que en el mismo avi\u00f3n tambi\u00e9n viajaba la vicepresidenta y que procurase que no bajase del mismo. Sin embargo, ese mismo enero, fuentes policiales ya apuntaron que el titular de Transportes \u201cestaba al corriente de todo\u201d antes de llegar al aeropuerto.<\/p>\n<p class=\"\">Es m\u00e1s, tras estallar el caso de corrupci\u00f3n que mantiene a \u00c1balos en prisi\u00f3n, la Guardia Civil intervino mensajes que evidencian que el ministro espa\u00f1ol sab\u00eda desde d\u00edas antes que Delcy Rodr\u00edguez iba a llegar a Espa\u00f1a y que inform\u00f3 a Pedro S\u00e1nchez. Los investigadores han se\u00f1alado que, incluso, uno de los presuntos empresarios corruptos que ten\u00eda comprado presuntamente a \u00c1balos, hab\u00eda preparado una agenda de cuatro d\u00edas para Delcy Rodr\u00edguez en Madrid, que inclu\u00eda varios encuentros con empresarios espa\u00f1oles y una reuni\u00f3n con \u00c1balos en el despacho del ministro de Transportes.<\/p>\n","protected":false},"excerpt":{"rendered":"Si alguien sabe bien de las sanciones que pesan sobre Delcy Rodr\u00edguez en la Uni\u00f3n Europea, es el&hellip;\n","protected":false},"author":2,"featured_media":323461,"comment_status":"","ping_status":"","sticky":false,"template":"","format":"standard","meta":{"footnotes":""},"categories":[8],"tags":[17,18,1196,47619,72,75084,352,25,24,629,13,14,11,5610,19,20,1804,9,1194,10,15,16,952,23,12,21,22,1617,1192],"class_list":{"0":"post-323460","1":"post","2":"type-post","3":"status-publish","4":"format-standard","5":"has-post-thumbnail","7":"category-espana","8":"tag-breaking-news","9":"tag-breakingnews","10":"tag-chavismo","11":"tag-conflictos-diplomaticos","12":"tag-conflictos-internacionales","13":"tag-delcy-rodriguez","14":"tag-donald-trump","15":"tag-es","16":"tag-espana","17":"tag-estados-unidos","18":"tag-featured-news","19":"tag-featurednews","20":"tag-headlines","21":"tag-jose-luis-abalos","22":"tag-latest-news","23":"tag-latestnews","24":"tag-latinoamerica","25":"tag-news","26":"tag-nicolas-maduro","27":"tag-noticias","28":"tag-noticias-destacadas","29":"tag-noticiasdestacadas","30":"tag-politica","31":"tag-spain","32":"tag-titulares","33":"tag-ultimas-noticias","34":"tag-ultimasnoticias","35":"tag-union-europea","36":"tag-venezuela"},"share_on_mastodon":{"url":"","error":"Validation failed: Text character limit of 500 exceeded"},"_links":{"self":[{"href":"https:\/\/www.europesays.com\/es\/wp-json\/wp\/v2\/posts\/323460","targetHints":{"allow":["GET"]}}],"collection":[{"href":"https:\/\/www.europesays.com\/es\/wp-json\/wp\/v2\/posts"}],"about":[{"href":"https:\/\/www.europesays.com\/es\/wp-json\/wp\/v2\/types\/post"}],"author":[{"embeddable":true,"href":"https:\/\/www.europesays.com\/es\/wp-json\/wp\/v2\/users\/2"}],"replies":[{"embeddable":true,"href":"https:\/\/www.europesays.com\/es\/wp-json\/wp\/v2\/comments?post=323460"}],"version-history":[{"count":0,"href":"https:\/\/www.europesays.com\/es\/wp-json\/wp\/v2\/posts\/323460\/revisions"}],"wp:featuredmedia":[{"embeddable":true,"href":"https:\/\/www.europesays.com\/es\/wp-json\/wp\/v2\/media\/323461"}],"wp:attachment":[{"href":"https:\/\/www.europesays.com\/es\/wp-json\/wp\/v2\/media?parent=323460"}],"wp:term":[{"taxonomy":"category","embeddable":true,"href":"https:\/\/www.europesays.com\/es\/wp-json\/wp\/v2\/categories?post=323460"},{"taxonomy":"post_tag","embeddable":true,"href":"https:\/\/www.europesays.com\/es\/wp-json\/wp\/v2\/tags?post=323460"}],"curies":[{"name":"wp","href":"https:\/\/api.w.org\/{rel}","templated":true}]}}